{"id":216180,"date":"2025-11-03T12:00:08","date_gmt":"2025-11-03T12:00:08","guid":{"rendered":"https:\/\/www.europesays.com\/es\/216180\/"},"modified":"2025-11-03T12:00:08","modified_gmt":"2025-11-03T12:00:08","slug":"vacuna-gripe-ninos-solo-la-mitad-de-los-ninos-entre-6-meses-y-5-anos-se-vacuno-frente-a-la-gripe-en-la-ultima-campana","status":"publish","type":"post","link":"https:\/\/www.europesays.com\/es\/216180\/","title":{"rendered":"VACUNA GRIPE NI\u00d1OS | Solo la mitad de los ni\u00f1os entre 6 meses y 5 a\u00f1os se vacun\u00f3 frente a la gripe en la \u00faltima campa\u00f1a"},"content":{"rendered":"<p class=\"ft-text ft-helper-closenews\">Llamamiento de la <strong>Asociaci\u00f3n Espa\u00f1ola de Vacunolog\u00eda<\/strong> (AEV) para mejorar las coberturas de inmunizaci\u00f3n frente a infecciones respiratorias. La mejor defensa frente a la <a class=\"ft-link ft-link--decoration\" href=\"https:\/\/www.elperiodico.com\/es\/temas\/gripe-14289\" rel=\"nofollow noopener\" target=\"_blank\">gripe<\/a>, covid-19 y neumococo es vacunarse antes del invierno, subrayan los expertos. Es as\u00ed donde piden a los mayores, las personas de riesgo y los padres y madres de ni\u00f1os <a class=\"ft-link ft-link--decoration\" href=\"https:\/\/www.elperiodico.com\/es\/sociedad\/20251030\/vacunacion-gripe-catalunya-aumenta-estrategia-sin-cita-previa-cataluna-salut-123194879\" rel=\"nofollow noopener\" target=\"_blank\">que se animen a inmunizarse<\/a>. En gripe, el a\u00f1o pasado <strong>solo se vacun\u00f3 al 48,16% de los ni\u00f1os<\/strong> de entre 6 y 59 meses, se\u00f1alan los expertos.<\/p>\n<p class=\"ft-text\">La <strong>Asociaci\u00f3n Espa\u00f1ola de Vacunolog\u00eda<\/strong> ha presentado este lunes su campa\u00f1a &#8216;El Mejor Plan para este invierno. Vac\u00fanate&#8217;, que persigue el objetivo de mejorar las coberturas en los grupos <strong>de poblaci\u00f3n m\u00e1s vulnerables<\/strong>. Se dirige concretamente a las personas de 60 o m\u00e1s a\u00f1os y personas de riesgo para que se vacunen frente a la gripe y <a class=\"ft-link ft-link--decoration\" href=\"https:\/\/www.elperiodico.com\/es\/sanidad\/20251031\/estudio-relaciona-covid-embarazo-mayor-riesgo-autismo-trastornos-desarrollo-ninos-123227922\" rel=\"nofollow noopener\" target=\"_blank\">revisen su vacunaci\u00f3n<\/a> frente al neumococo; a los mayores de 70 para que se vacunen de covid-19; y a los padres y madres de los ni\u00f1os de entre 6 y 59 meses, <strong>para que les vacunen frente a la gripe.<\/strong><\/p>\n<p>Menos de la mitad<\/p>\n<p class=\"ft-text\">Es en este apartado, <strong>el de los ni\u00f1os<\/strong>, donde explican que la vacuna se incluy\u00f3 por primera vez en el calendario de 2023, y en la pasada campa\u00f1a, la cobertura nacional entre los m\u00e1s peque\u00f1os <strong>fue del 48,16%<\/strong>. \u00abLa gripe no es una enfermedad banal. M\u00e1s del 80% de los ni\u00f1os <a class=\"ft-link ft-link--decoration\" href=\"https:\/\/www.elperiodico.com\/es\/salud\/20251029\/marcha-campana-vacunacion-gripe-2025-26-catalunya-123099331\" rel=\"nofollow noopener\" target=\"_blank\">menores de cinco a\u00f1os<\/a> que ingresaron por gripe en la temporada 2023-2024 eran ni\u00f1os sanos\u00bb, apunta Fernando Moraga-Llop, portavoz y vocal s\u00e9nior de la AEV.<\/p>\n<p class=\"ft-text\">Antes de que el calendario incluyera la recomendaci\u00f3n de vacunar a los ni\u00f1os de gripe -que de media, y en todas las edades, causa cada a\u00f1o <strong>28.000 hospitalizaciones en Espa\u00f1a<\/strong>&#8211; esta enfermedad ocasionaba cada a\u00f1o 58.640 consultas en <a class=\"ft-link ft-link--decoration\" href=\"https:\/\/www.elperiodico.com\/es\/sanidad\/20251014\/vacuna-can-ruti-potencia-respuesta-inmunitaria-cancer-vejiga-no-invasivo-122607477\" rel=\"nofollow noopener\" target=\"_blank\">Atenci\u00f3n Primaria<\/a> y 4.239 ingresos hospitalarios en menores de cinco a\u00f1os, indican los m\u00e9dicos.<\/p>\n<p>Los sanitarios<\/p>\n<p class=\"ft-text\">Les preocupa tambi\u00e9n otra cobertura vacunal que flojea y no es nuevo: <strong>entre los propios sanitarios<\/strong>. \u00abVolvemos a dirigirnos a ellos con el objetivo de mejorar las coberturas de vacunaci\u00f3n <strong>entre los profesionales<\/strong>, ya que en 2024, la cobertura de vacunaci\u00f3n de gripe en este colectivo fue del 39,54%, cuando el objetivo establecido por el Consejo Interterritorial del Sistema Nacional de Salud es superar el 75%\u00bb, explica Jaime P\u00e9rez, presidente de la AEV.<\/p>\n<p class=\"ft-text\">Adem\u00e1s, dan dar a conocer otros beneficios que, en general, las vacunas tienen sobre la salud de la poblaci\u00f3n. En el caso de la gripe, puede ser tan \u00fatil para<strong> proteger la salud cardiovascular<\/strong> como dejar de fumar. Diversos estudios, cita la AEv, afirman que la vacuna de la gripe en pacientes con presi\u00f3n arterial alta reduce hasta un 18 % el riesgo de muerte por todas las causas y un 34 % el riesgo de eventos cardiovasculares en los 12 meses posteriores a su administraci\u00f3n. Tambi\u00e9n, el riesgo de ictus isqu\u00e9mico disminuye entre un 12 y un 16 % en personas mayores. Vacunarse <strong>frente a la covid,<\/strong> zanjan los expertos, aten\u00faa los eventos arteriales y venosos y reduce <a class=\"ft-link ft-link--decoration\" href=\"https:\/\/www.elperiodico.com\/es\/sanidad\/20250629\/rosa-casas-nutricion-envejecimiento-dietas-celiacos-gluten-pescado-azul-118808044\" rel=\"nofollow noopener\" target=\"_blank\">las complicaciones tromb\u00f3ticas.<\/a><\/p>\n<p data-close=\"closedContent\" class=\"subscribeHideForDisplay\">Suscr\u00edbete para seguir leyendo<\/p>\n","protected":false},"excerpt":{"rendered":"Llamamiento de la Asociaci\u00f3n Espa\u00f1ola de Vacunolog\u00eda (AEV) para mejorar las coberturas de inmunizaci\u00f3n frente a infecciones respiratorias.&hellip;\n","protected":false},"author":2,"featured_media":216181,"comment_status":"","ping_status":"","sticky":false,"template":"","format":"standard","meta":{"footnotes":""},"categories":[92],"tags":[988,658,34895,25,24,3419,7749,165,6016,1140,22041,2932,10066,166,23,1885,1454,58034],"class_list":{"0":"post-216180","1":"post","2":"type-post","3":"status-publish","4":"format-standard","5":"has-post-thumbnail","7":"category-salud","8":"tag-anos","9":"tag-campana","10":"tag-covid-persistente","11":"tag-es","12":"tag-espana","13":"tag-frente","14":"tag-gripe","15":"tag-health","16":"tag-medicos","17":"tag-meses","18":"tag-mitad","19":"tag-ninos","20":"tag-paciente","21":"tag-salud","22":"tag-spain","23":"tag-ultima","24":"tag-vacunas","25":"tag-vacuno"},"share_on_mastodon":{"url":"https:\/\/pubeurope.com\/@es\/115485660154526901","error":""},"_links":{"self":[{"href":"https:\/\/www.europesays.com\/es\/wp-json\/wp\/v2\/posts\/216180","targetHints":{"allow":["GET"]}}],"collection":[{"href":"https:\/\/www.europesays.com\/es\/wp-json\/wp\/v2\/posts"}],"about":[{"href":"https:\/\/www.europesays.com\/es\/wp-json\/wp\/v2\/types\/post"}],"author":[{"embeddable":true,"href":"https:\/\/www.europesays.com\/es\/wp-json\/wp\/v2\/users\/2"}],"replies":[{"embeddable":true,"href":"https:\/\/www.europesays.com\/es\/wp-json\/wp\/v2\/comments?post=216180"}],"version-history":[{"count":0,"href":"https:\/\/www.europesays.com\/es\/wp-json\/wp\/v2\/posts\/216180\/revisions"}],"wp:featuredmedia":[{"embeddable":true,"href":"https:\/\/www.europesays.com\/es\/wp-json\/wp\/v2\/media\/216181"}],"wp:attachment":[{"href":"https:\/\/www.europesays.com\/es\/wp-json\/wp\/v2\/media?parent=216180"}],"wp:term":[{"taxonomy":"category","embeddable":true,"href":"https:\/\/www.europesays.com\/es\/wp-json\/wp\/v2\/categories?post=216180"},{"taxonomy":"post_tag","embeddable":true,"href":"https:\/\/www.europesays.com\/es\/wp-json\/wp\/v2\/tags?post=216180"}],"curies":[{"name":"wp","href":"https:\/\/api.w.org\/{rel}","templated":true}]}}