{"id":216187,"date":"2025-11-03T12:04:08","date_gmt":"2025-11-03T12:04:08","guid":{"rendered":"https:\/\/www.europesays.com\/es\/216187\/"},"modified":"2025-11-03T12:04:08","modified_gmt":"2025-11-03T12:04:08","slug":"un-terremoto-de-magnitud-63-sacude-el-norte-de-afganistan","status":"publish","type":"post","link":"https:\/\/www.europesays.com\/es\/216187\/","title":{"rendered":"Un terremoto de magnitud 6,3 sacude el norte de Afganist\u00e1n"},"content":{"rendered":"<p>Apenas dos meses despu\u00e9s de sufrir el terremoto m\u00e1s mort\u00edfero en su historia reciente, que se cobr\u00f3 m\u00e1s de 2.200 vidas, la tierra volvi\u00f3  &#8230; a temblar anoche en Afganist\u00e1n. Un potente se\u00edsmo de magnitud 6,3 en la escala de Richter sacudi\u00f3 la provincia de Samang\u00e1n, en el norte del pa\u00eds y afect\u00f3 principalmente a Mazar-i-Sharif, una de las ciudades m\u00e1s grandes del pa\u00eds, sin que al cierre de esta edici\u00f3n se conocieran datos sobre da\u00f1os personales o materiales.<\/p>\n<p class=\"v-p\">El Servicio Geol\u00f3gico de Estados Unidos (USGS, por sus siglas en ingl\u00e9s) inform\u00f3 de la magnitud del terremoto, que se produjo a las 0.59 hora local, las 21.29 en Espa\u00f1a, a una profundidad de 28 kil\u00f3metros. El epicentro se situ\u00f3 a 22,5 kil\u00f3metros de la localidad de Julm, una ciudad de unos 65.000 habitantes. La Autoridad Nacional de Gesti\u00f3n de Desastres de Afganist\u00e1n confirm\u00f3 el corrimiento en \u00abvarias provincias\u00bb, ubic\u00e1ndose el epicentro en el distrito de Najchir, en la provincia de Samang\u00e1n, seg\u00fan esta fuente. Las sacudidas se sintieron incluso en la capital, Kabul, seg\u00fan corresponsales de la AFP, as\u00ed como en regiones de Tayikist\u00e1n, Uzbekist\u00e1n y Turkmenist\u00e1n, que limitan con el norte del pa\u00eds. En Mazar-i-Sharif numerosos habitantes salieron de sus viviendas por temor a posibles r\u00e9plicas.<\/p>\n<p class=\"v-p\">Los modelos del USGS estiman que el temblor podr\u00eda causar cientos de muertes. De hecho, el organismo emiti\u00f3 una alerta naranja, lo que significa que se estima que podr\u00eda haber entre un centenar yun millar de v\u00edctimas mortales. Fuentes de la Media Luna Roja afgana se\u00f1alaron que mantienen operativos de observaci\u00f3n en varias provincias del norte, pero esta madrugada a\u00fan no hab\u00edan reportado cifras oficiales sobre los posibles impactos.<\/p>\n<p class=\"v-p\">La magnitud del terremoto ser\u00eda todav\u00eda superior a la que en la madrugada del 31 de agosto al 1 de septiembre mat\u00f3 a dos millares de personas en las provincias orientales de Kunar, Laghman y Nangarhar. Fue el sismo m\u00e1s letal que se recuerda en Afganist\u00e1n, un pa\u00eds golpeado con frecuencia por terremotos, especialmente en la cordillera del Hindu Kush, situada cerca de la uni\u00f3n de las placas tect\u00f3nicas euroasi\u00e1tica e india. El territorio cuenta con varias fallas activas. Desde 1900, el noreste de Afganist\u00e1n ha registrado doce terremotos con magnitudes superiores a 7, seg\u00fan Brian Baptie, sism\u00f3logo del British Geological Survey.<\/p>\n<p class=\"v-p\">El m\u00e1s reciente, hace dos meses, se produjo junto a la frontera del pa\u00eds con Pakist\u00e1n, donde tambi\u00e9n se sintieron los temblores y las r\u00e9plicas. La mayor\u00eda de las v\u00edctimas se concentraron en la provincia de Kunar. Cientos de viviendas se vinieron abajo al estar construidas con piedras y adobe, lo que facilit\u00f3 su derrumbe, seg\u00fan informaron las autoridades instauradas por los talib\u00e1n tras hacerse con el control del pa\u00eds centroasi\u00e1tico en agosto de 2021.<\/p>\n<p class=\"v-p\">Tras cuatro d\u00e9cadas de guerra, Afganist\u00e1n vive una situaci\u00f3n humanitaria desastrosa, agravada por la ca\u00edda de la ayuda internacional desde el regreso de los talib\u00e1n al poder, que complica todav\u00eda m\u00e1s la capacidad de este Estado empobrecido de responder a las emergencias.<\/p>\n","protected":false},"excerpt":{"rendered":"Apenas dos meses despu\u00e9s de sufrir el terremoto m\u00e1s mort\u00edfero en su historia reciente, que se cobr\u00f3 m\u00e1s&hellip;\n","protected":false},"author":2,"featured_media":216188,"comment_status":"","ping_status":"","sticky":false,"template":"","format":"standard","meta":{"footnotes":""},"categories":[42],"tags":[10051,17,18,13,14,11,61,62,63,64,19,20,8909,9,3449,10,15,16,13261,7049,12,21,22,65,66,67],"class_list":{"0":"post-216187","1":"post","2":"type-post","3":"status-publish","4":"format-standard","5":"has-post-thumbnail","7":"category-internacional","8":"tag-afganistan","9":"tag-breaking-news","10":"tag-breakingnews","11":"tag-featured-news","12":"tag-featurednews","13":"tag-headlines","14":"tag-internacional","15":"tag-international","16":"tag-international-news","17":"tag-internationalnews","18":"tag-latest-news","19":"tag-latestnews","20":"tag-magnitud","21":"tag-news","22":"tag-norte","23":"tag-noticias","24":"tag-noticias-destacadas","25":"tag-noticiasdestacadas","26":"tag-sacude","27":"tag-terremoto","28":"tag-titulares","29":"tag-ultimas-noticias","30":"tag-ultimasnoticias","31":"tag-world","32":"tag-world-news","33":"tag-worldnews"},"share_on_mastodon":{"url":"https:\/\/pubeurope.com\/@es\/115485675781053490","error":""},"_links":{"self":[{"href":"https:\/\/www.europesays.com\/es\/wp-json\/wp\/v2\/posts\/216187","targetHints":{"allow":["GET"]}}],"collection":[{"href":"https:\/\/www.europesays.com\/es\/wp-json\/wp\/v2\/posts"}],"about":[{"href":"https:\/\/www.europesays.com\/es\/wp-json\/wp\/v2\/types\/post"}],"author":[{"embeddable":true,"href":"https:\/\/www.europesays.com\/es\/wp-json\/wp\/v2\/users\/2"}],"replies":[{"embeddable":true,"href":"https:\/\/www.europesays.com\/es\/wp-json\/wp\/v2\/comments?post=216187"}],"version-history":[{"count":0,"href":"https:\/\/www.europesays.com\/es\/wp-json\/wp\/v2\/posts\/216187\/revisions"}],"wp:featuredmedia":[{"embeddable":true,"href":"https:\/\/www.europesays.com\/es\/wp-json\/wp\/v2\/media\/216188"}],"wp:attachment":[{"href":"https:\/\/www.europesays.com\/es\/wp-json\/wp\/v2\/media?parent=216187"}],"wp:term":[{"taxonomy":"category","embeddable":true,"href":"https:\/\/www.europesays.com\/es\/wp-json\/wp\/v2\/categories?post=216187"},{"taxonomy":"post_tag","embeddable":true,"href":"https:\/\/www.europesays.com\/es\/wp-json\/wp\/v2\/tags?post=216187"}],"curies":[{"name":"wp","href":"https:\/\/api.w.org\/{rel}","templated":true}]}}