{"id":216219,"date":"2025-11-03T12:29:13","date_gmt":"2025-11-03T12:29:13","guid":{"rendered":"https:\/\/www.europesays.com\/es\/216219\/"},"modified":"2025-11-03T12:29:13","modified_gmt":"2025-11-03T12:29:13","slug":"el-fiscal-general-del-estado-espanol-niega-las-acusaciones-en-el-primer-dia-de-un-juicio-inedito","status":"publish","type":"post","link":"https:\/\/www.europesays.com\/es\/216219\/","title":{"rendered":"El fiscal general del Estado espa\u00f1ol niega las acusaciones en el primer d\u00eda de un juicio in\u00e9dito"},"content":{"rendered":"<p>    <img src=\"https:\/\/www.europesays.com\/es\/wp-content\/uploads\/2025\/11\/2025-11-03T103A533A54Z-90269410.jpg\" width=\"1024\" height=\"747\" alt=\"\" loading=\"eager\" decoding=\"sync\" fetchpriority=\"high\"\/><\/p>\n<p>            afp_tickers        <\/p>\n<p>        Este contenido fue publicado en    <\/p>\n<p>        03 noviembre 2025 &#8211; 12:52\n<\/p>\n<p>El fiscal general espa\u00f1ol, \u00c1lvaro Garc\u00eda Ortiz, neg\u00f3 este lunes haber filtrado ilegalmente informaci\u00f3n confidencial y da\u00f1ina sobre el novio de una figura de la oposici\u00f3n, en el primer d\u00eda del juicio sin precedentes que se sigue en su contra en Madrid.\u00a0<\/p>\n<p>\u00abNo\u00bb, se limit\u00f3 a responder Garc\u00eda Ortiz cuando el presidente del tribunal, el juez Andr\u00e9s Mart\u00ednez Arrieta, le pregunt\u00f3 si se consideraba autor de los delitos que se le imputaban. Con semblante serio y tomando notas, el acusado vest\u00eda toga y se sent\u00f3 junto a sus abogados.<\/p>\n<p>Se trata de un juicio en el Tribunal Supremo del que no se recuerdan precedentes, porque el fiscal general no ha dimitido y sigue en activo. Un juicio que salpica al Gobierno de Pedro S\u00e1nchez, que nombr\u00f3 a Garc\u00eda Ortiz en 2022.<\/p>\n<p>El fiscal general est\u00e1 acusado de filtrar a los medios un correo confidencial de una investigaci\u00f3n por fraude fiscal contra el empresario Alberto Gonz\u00e1lez Amador, con el fin de perjudicar a su pareja, la presidenta de la regi\u00f3n de Madrid, Isabel D\u00edaz Ayuso, estrella de la derecha espa\u00f1ola.\u00a0<\/p>\n<p>Su abogada, Consuelo Castro, dijo que Garc\u00eda Ortiz \u00abha sido sometido a un proceso injusto en su conjunto\u00bb, y que la instrucci\u00f3n \u00abse inici\u00f3 con la idea preconcebida de que el acusado era culpable\u00bb.<\/p>\n<p>El caso de Garc\u00eda Ortiz se remonta a febrero de 2024, cuando la fiscal\u00eda denunci\u00f3 a Gonz\u00e1lez Amador por defraudar 350.000 euros a Hacienda.\u00a0<\/p>\n<p>El 2 de febrero, el abogado del empresario envi\u00f3 un correo al fiscal proponiendo un pacto: reconocer dos delitos fiscales a cambio de evitar la c\u00e1rcel.\u00a0<\/p>\n<p>M\u00e1s de un mes despu\u00e9s, el 13 de marzo, una radio y una televisi\u00f3n revelaron el contenido de ese email, que sembraba dudas sobre la inocencia del novio de Ayuso.\u00a0<\/p>\n<p>La filtraci\u00f3n desat\u00f3 una tormenta. Gonz\u00e1lez Amador denunci\u00f3 a Garc\u00eda Ortiz, alegando que solo el fiscal general tuvo acceso al documento y que lo remiti\u00f3 a los medios para perjudicar a Ayuso.<\/p>\n<p>Cuatro fiscales declaran este lunes como testigos en la primera sesi\u00f3n del juicio, que se desarrollar\u00e1 en seis jornadas, tres esta semana y tres la pr\u00f3xima.<\/p>\n<p>El proceso da\u00f1a la carrera de este jurista de 57 a\u00f1os, expuesto a penas de varios a\u00f1os de c\u00e1rcel e inhabilitaci\u00f3n, y reaviva el debate sobre la relaci\u00f3n entre justicia y pol\u00edtica en Espa\u00f1a.<\/p>\n<p>\u2013 Batalla pol\u00edtica \u2013<\/p>\n<p>Se trata adem\u00e1s de un nuevo varapalo judicial para Pedro S\u00e1nchez, cuya esposa, Bego\u00f1a G\u00f3mez, su hermano, David S\u00e1nchez, y dos figuras de peso socialistas que fueron claves en su ascenso, Santos Cerd\u00e1n y un ex ministro de Transportes, Jos\u00e9 Luis \u00c1balos, est\u00e1n imputados en casos de corrupci\u00f3n y muy cerca de ir a juicio.<\/p>\n<p>La fiscal\u00eda pide la absoluci\u00f3n de Garc\u00eda Ortiz, estimando que no cometi\u00f3 \u00abdelito alguno\u00bb.\u00a0<\/p>\n<p>Por su parte, el novio de Ayuso pide una pena de 4 a\u00f1os de prisi\u00f3n para el fiscal general y una indemnizaci\u00f3n de 300.000 euros por \u00ablos perjuicios morales causados\u00bb.<\/p>\n<p>El juez abri\u00f3 juicio oral en septiembre, y le impuso una fianza de 150.000 euros que luego redujo a 75.000.\u00a0<\/p>\n<p>Asimismo, rechaz\u00f3 suspenderlo cautelarmente de sus funciones, pese a las peticiones de asociaciones fiscales.\u00a0<\/p>\n<p>Unos 40 testigos desfilar\u00e1n por el juicio, que concluir\u00e1 el 13 de noviembre, entre ellos 12 periodistas.\u00a0 Gonz\u00e1lez Amador testificar\u00e1 el martes 4 de noviembre y Garc\u00eda Ortiz ser\u00e1 el \u00faltimo en declarar, tal y como hab\u00eda solicitado, el mi\u00e9rcoles 12.<\/p>\n<p>En su escrito de defensa, Garc\u00eda Ortiz se present\u00f3 como v\u00edctima de una campa\u00f1a \u00aborquestada\u00bb desde la Comunidad de Madrid para desviar el foco del fraude de Gonz\u00e1lez Amador y proteger a Ayuso.<\/p>\n<p>\u00abCreemos en su inocencia\u00bb, dijo el presidente del Gobierno, Pedro S\u00e1nchez, sobre el fiscal general, que, de ser condenado, ser\u00eda autom\u00e1ticamente cesado.\u00a0<\/p>\n<p>al\/mdm\/pb<\/p>\n","protected":false},"excerpt":{"rendered":"afp_tickers Este contenido fue publicado en 03 noviembre 2025 &#8211; 12:52 El fiscal general espa\u00f1ol, \u00c1lvaro Garc\u00eda Ortiz,&hellip;\n","protected":false},"author":2,"featured_media":216220,"comment_status":"","ping_status":"","sticky":false,"template":"","format":"standard","meta":{"footnotes":""},"categories":[5],"tags":[17,18,25,24,13,14,11,11894,11895,19,20,7657,9,10,15,16,88,23,90,12,11896,21,22],"class_list":{"0":"post-216219","1":"post","2":"type-post","3":"status-publish","4":"format-standard","5":"has-post-thumbnail","7":"category-titulares","8":"tag-breaking-news","9":"tag-breakingnews","10":"tag-es","11":"tag-espana","12":"tag-featured-news","13":"tag-featurednews","14":"tag-headlines","15":"tag-judiciary-system-of-justice","16":"tag-justice-and-rights","17":"tag-latest-news","18":"tag-latestnews","19":"tag-law-and-order","20":"tag-news","21":"tag-noticias","22":"tag-noticias-destacadas","23":"tag-noticiasdestacadas","24":"tag-politics","25":"tag-spain","26":"tag-ticker","27":"tag-titulares","28":"tag-trials","29":"tag-ultimas-noticias","30":"tag-ultimasnoticias"},"share_on_mastodon":{"url":"https:\/\/pubeurope.com\/@es\/115485774160149192","error":""},"_links":{"self":[{"href":"https:\/\/www.europesays.com\/es\/wp-json\/wp\/v2\/posts\/216219","targetHints":{"allow":["GET"]}}],"collection":[{"href":"https:\/\/www.europesays.com\/es\/wp-json\/wp\/v2\/posts"}],"about":[{"href":"https:\/\/www.europesays.com\/es\/wp-json\/wp\/v2\/types\/post"}],"author":[{"embeddable":true,"href":"https:\/\/www.europesays.com\/es\/wp-json\/wp\/v2\/users\/2"}],"replies":[{"embeddable":true,"href":"https:\/\/www.europesays.com\/es\/wp-json\/wp\/v2\/comments?post=216219"}],"version-history":[{"count":0,"href":"https:\/\/www.europesays.com\/es\/wp-json\/wp\/v2\/posts\/216219\/revisions"}],"wp:featuredmedia":[{"embeddable":true,"href":"https:\/\/www.europesays.com\/es\/wp-json\/wp\/v2\/media\/216220"}],"wp:attachment":[{"href":"https:\/\/www.europesays.com\/es\/wp-json\/wp\/v2\/media?parent=216219"}],"wp:term":[{"taxonomy":"category","embeddable":true,"href":"https:\/\/www.europesays.com\/es\/wp-json\/wp\/v2\/categories?post=216219"},{"taxonomy":"post_tag","embeddable":true,"href":"https:\/\/www.europesays.com\/es\/wp-json\/wp\/v2\/tags?post=216219"}],"curies":[{"name":"wp","href":"https:\/\/api.w.org\/{rel}","templated":true}]}}