{"id":216231,"date":"2025-11-03T12:42:11","date_gmt":"2025-11-03T12:42:11","guid":{"rendered":"https:\/\/www.europesays.com\/es\/216231\/"},"modified":"2025-11-03T12:42:11","modified_gmt":"2025-11-03T12:42:11","slug":"los-seguidores-de-supervivientes-all-stars-estallan-tras-lo-ocurrido-con-jessica-bueno-en-el-debate-final","status":"publish","type":"post","link":"https:\/\/www.europesays.com\/es\/216231\/","title":{"rendered":"Los seguidores de &#8216;Supervivientes All Stars&#8217; estallan tras lo ocurrido con Jessica Bueno en el debate final"},"content":{"rendered":"<p data-journey-content=\"true\" data-node-id=\"3\" class=\"css-6wxqfj emevuu60\"><strong data-node-id=\"3.0\">Los seguidores de <a href=\"https:\/\/www.diezminutos.es\/supervivientes-television\/\" target=\"_blank\" data-vars-ga-outbound-link=\"https:\/\/www.diezminutos.es\/supervivientes-television\/\" data-vars-ga-ux-element=\"Hyperlink\" data-vars-ga-call-to-action=\"&#039;Supervivientes All Stars&#039;\" data-node-id=\"3.0.1\" class=\"body-link css-177bzfx emevuu60\" rel=\"nofollow noopener\">&#8216;Supervivientes All Stars&#8217;<\/a> est\u00e1n indignados por el segundo puesto de Jessica Bueno y su papel en el debate final.<\/strong> Y es que, sin ella pretenderlo, la modelo ha sido una de las grandes protagonistas de la edici\u00f3n 2025 del reality, sobre todo despu\u00e9s de que muchos <a href=\"https:\/\/www.diezminutos.es\/teleprograma\/programas-tv\/a69116754\/criticas-supervivientes-all-stars-jessica-bueno-hijos-corte-pelo\/\" target=\"_blank\" data-vars-ga-outbound-link=\"https:\/\/www.diezminutos.es\/teleprograma\/programas-tv\/a69116754\/criticas-supervivientes-all-stars-jessica-bueno-hijos-corte-pelo\/\" data-vars-ga-ux-element=\"Hyperlink\" data-vars-ga-call-to-action=\"acusaran a la organizaci\u00f3n de pasarse con ella\" data-node-id=\"3.2\" class=\"body-link css-177bzfx emevuu60\" rel=\"nofollow noopener\">acusaran a la organizaci\u00f3n de pasarse con ella<\/a> en la famosa mesa de las tentaciones donde, por partida doble, le ofrecieron cortarse el pelo primero por comida y despu\u00e9s para poder hablar con sus hijos. Tras un emocionante Puente de las Emociones, Jessica Bueno se plant\u00f3 en la gran final de &#8216;Supervivientes All Stars&#8217; en la que qued\u00f3 segunda solo por detr\u00e1s de <a href=\"https:\/\/www.diezminutos.es\/teleprograma\/programas-tv\/a69209970\/ruben-torres-ganador-de-supervivientes-all-stars-2025\/\" target=\"_blank\" data-vars-ga-outbound-link=\"https:\/\/www.diezminutos.es\/teleprograma\/programas-tv\/a69209970\/ruben-torres-ganador-de-supervivientes-all-stars-2025\/\" data-vars-ga-ux-element=\"Hyperlink\" data-vars-ga-call-to-action=\"Torres, que fue el ganador\" data-node-id=\"3.4\" class=\"body-link css-177bzfx emevuu60\" rel=\"nofollow noopener\">Torres, que fue el ganador<\/a>, y de Miri a la que muchos ve\u00edan como ganadora del reality y que, <a href=\"https:\/\/www.diezminutos.es\/teleprograma\/programas-tv\/a69209887\/miri-perez-cabrero-tercera-finalista-supervivientes-all-stars-2025\/\" target=\"_blank\" data-vars-ga-outbound-link=\"https:\/\/www.diezminutos.es\/teleprograma\/programas-tv\/a69209887\/miri-perez-cabrero-tercera-finalista-supervivientes-all-stars-2025\/\" data-vars-ga-ux-element=\"Hyperlink\" data-vars-ga-call-to-action=\"al final, qued\u00f3 tercera\" data-node-id=\"3.6\" class=\"body-link css-177bzfx emevuu60\" rel=\"nofollow noopener\">al final, qued\u00f3 tercera<\/a>.<\/p>\n<p data-journey-content=\"true\" data-node-id=\"6\" class=\"css-6wxqfj emevuu60\">Tras la final de &#8216;Supervivientes All Stars&#8217;, <strong data-node-id=\"6.1\">las redes sociales oficiales del programa se han llenado de comentarios en contra del segundo puesto de Jessica Bueno. <\/strong>En cada post con la sevillana como protagonista, se alternan comentarios apoyando a la modelo y feroces cr\u00edticas: \u00abPero si ahora tiene m\u00e1s peso que cuando entr\u00f3 en Supervivientes\u00bb, \u00abOtra que solo ha perdido el pelo\u00bb se puede leer en los comentarios. Y, tras su escasa participaci\u00f3n en el <a href=\"https:\/\/www.diezminutos.es\/teleprograma\/programas-tv\/a69229886\/resumen-debate-final-supervivientes-all-stars-2025\/\" target=\"_blank\" data-vars-ga-outbound-link=\"https:\/\/www.diezminutos.es\/teleprograma\/programas-tv\/a69229886\/resumen-debate-final-supervivientes-all-stars-2025\/\" data-vars-ga-ux-element=\"Hyperlink\" data-vars-ga-call-to-action=\"debate final\" data-node-id=\"6.3\" class=\"body-link css-177bzfx emevuu60\" rel=\"nofollow noopener\">debate final<\/a>, las cr\u00edticas a la sevillana no han hecho nada m\u00e1s que aumentar.<\/p>\n<p><img draggable=\"true\" alt=\"finalistas supervivientes all stars\" title=\"finalistas supervivientes all stars\" loading=\"lazy\" width=\"2500\" height=\"1407\" decoding=\"async\" data-nimg=\"1\" style=\"color:transparent;width:100%;height:auto;\"   src=\"https:\/\/www.europesays.com\/es\/wp-content\/uploads\/2025\/11\/finalistas-supervivientes-6907f6249d694.jpg\" class=\"css-0 e1g79fud0\"\/><\/p>\n<p>Telecinco<\/p>\n<p data-journey-content=\"true\" data-node-id=\"9\" class=\"css-6wxqfj emevuu60\"><strong data-node-id=\"9.0\">Aunque estuvo en el plat\u00f3 del debate final de &#8216;Supervivientes All Stars&#8217;, para muchos seguidores Jessica Bueno fue la gran ausencia del programa presentado por Sandra Barneda. <\/strong>Mientras <a href=\"https:\/\/www.diezminutos.es\/teleprograma\/programas-tv\/a69229568\/marta-penate-tony-spina-reencuentro-perrita-debate-supervivientes-all-stars\/\" target=\"_blank\" data-vars-ga-outbound-link=\"https:\/\/www.diezminutos.es\/teleprograma\/programas-tv\/a69229568\/marta-penate-tony-spina-reencuentro-perrita-debate-supervivientes-all-stars\/\" data-vars-ga-ux-element=\"Hyperlink\" data-vars-ga-call-to-action=\"Tony Spina se reencontraba con Marta Pe\u00f1ate\" data-node-id=\"9.2\" class=\"body-link css-177bzfx emevuu60\" rel=\"nofollow noopener\">Tony Spina se reencontraba con Marta Pe\u00f1ate<\/a> y su perrita y <a href=\"https:\/\/www.diezminutos.es\/teleprograma\/programas-tv\/a69229636\/alejandro-albala-miri-perez-cabrero-primera-cita-supervivientes-all-stars\/\" target=\"_blank\" data-vars-ga-outbound-link=\"https:\/\/www.diezminutos.es\/teleprograma\/programas-tv\/a69229636\/alejandro-albala-miri-perez-cabrero-primera-cita-supervivientes-all-stars\/\" data-vars-ga-ux-element=\"Hyperlink\" data-vars-ga-call-to-action=\"Miri viv\u00eda su primera cita con Alejandro Albal\u00e1\" data-node-id=\"9.4\" class=\"body-link css-177bzfx emevuu60\" rel=\"nofollow noopener\">Miri viv\u00eda su primera cita con Alejandro Albal\u00e1<\/a> y <a href=\"https:\/\/www.diezminutos.es\/teleprograma\/programas-tv\/a69230013\/ruben-torres-ganador-de-supervivientes-all-stars-2025-secreto\/\" target=\"_blank\" data-vars-ga-outbound-link=\"https:\/\/www.diezminutos.es\/teleprograma\/programas-tv\/a69230013\/ruben-torres-ganador-de-supervivientes-all-stars-2025-secreto\/\" data-vars-ga-ux-element=\"Hyperlink\" data-vars-ga-call-to-action=\"Torres derramaba alguna l\u00e1grima \" data-node-id=\"9.6\" class=\"body-link css-177bzfx emevuu60\" rel=\"nofollow noopener\">Torres derramaba alguna l\u00e1grima <\/a>con el recibimiento del plat\u00f3, el paso de la sevillana fue demasiado discreto para los seguidores del programa. <strong data-node-id=\"9.8\">En las redes sociales del programa, solo han compartido un par de posts con Jessica Bueno como protagonista:<\/strong> el recibimiento de su familia en plat\u00f3 y su conversaci\u00f3n con Sandra Barneda hablando de sus hijos.<\/p>\n<p><img draggable=\"true\" alt=\"ruben torres supervivientes all stars\" title=\"torres ganador supervivientes all stars\" loading=\"lazy\" width=\"2500\" height=\"1406\" decoding=\"async\" data-nimg=\"1\" style=\"color:transparent;width:100%;height:auto;\"   src=\"https:\/\/www.europesays.com\/es\/wp-content\/uploads\/2025\/11\/torres-ganador-plato-6907f2c1b37eb.jpg\" class=\"css-0 e1g79fud0\"\/><\/p>\n<p>Telecinco<\/p>\n<p>Los seguidores de &#8216;Supervivientes&#8217; contra Jessica Bueno: \u00abUna persona que ni fu ni fa, la llorona\u00bb<\/p>\n<p data-journey-content=\"true\" data-node-id=\"15\" class=\"css-6wxqfj emevuu60\">Precisamente en el post de X, antes Twitter, donde se puede ver a familia y amigos de Jessica Bueno, que <a href=\"https:\/\/www.diezminutos.es\/teleprograma\/programas-tv\/a69209461\/impacto-finalistas-supervivientes-all-stars-2025-momento-espejo\/\" target=\"_blank\" data-vars-ga-outbound-link=\"https:\/\/www.diezminutos.es\/teleprograma\/programas-tv\/a69209461\/impacto-finalistas-supervivientes-all-stars-2025-momento-espejo\/\" data-vars-ga-ux-element=\"Hyperlink\" data-vars-ga-call-to-action=\"alucin\u00f3 al volver a verse en un espejo\" data-node-id=\"15.1\" class=\"body-link css-177bzfx emevuu60\" rel=\"nofollow noopener\">alucin\u00f3 al volver a verse en un espejo<\/a>, recibi\u00e9ndola con gritos de &#8216;Jessi, ganadora&#8217;, <strong data-node-id=\"15.3\">los usuarios de esta red social han estallado contra la modelo y su segundo puesto.<\/strong> \u00abUufff sali\u00f3 el huevo sin sal de Sor Galleta como siempre ni fu ni fa\u00bb, \u00ab\u00bfPelos de punta? Si ha sido el mueble de la edici\u00f3n\u00bb, \u00abEl peor segundo lugar de la historia\u00bb o \u00abUna persona que ni fu ni fa, la llorona\u00bb son algunos de los comentarios de los seguidores de &#8216;Supervivientes&#8217;. Adem\u00e1s, tambi\u00e9n le afean que solo se ha quejado y ha querido dar pena durante todo el concurso, incluso hay quien afirma que fue la marioneta de Gloria Camila. <\/p>\n<p><img src=\"https:\/\/www.europesays.com\/es\/wp-content\/uploads\/2025\/11\/956e4c3c-2efd-4963-a949-05017c07afa9_1734435946.jpg\" alt=\"Headshot of Silvia Criado\" title=\"Headshot of Silvia Criado\" width=\"100%\" height=\"100%\" decoding=\"async\" loading=\"lazy\" class=\"css-o0wq4v ev8dhu53\"\/><\/p>\n<p>Silvia Criado es Jefa de Secci\u00f3n Digital de Diez Minutos experta en coraz\u00f3n y sociedad especializada en famosos y casas reales, de los que lleva escribiendo m\u00e1s de 20 a\u00f1os. En su larga trayectoria profesional, ha cubierto eventos de lo m\u00e1s variado desde el nacimiento de la princesa Leonor, futura reina de Espa\u00f1a, a los premios Goya. No se le escapa un detalle de las alfombras rojas como los Goya o el Oscar y conoce como nadie los secretos de las biograf\u00edas de las celebridades.<br \/>\nAunque est\u00e1 especializada en famosos y realidad, es una periodista todoterreno que tambi\u00e9n ha escrito mucho sobre maternidad, decoraci\u00f3n, moda, belleza, televisi\u00f3n y ocio. En sus art\u00edculos tanto te cuenta cu\u00e1l es el restaurante m\u00e1s de moda de Madrid, copia el look de Nuria Roca en versi\u00f3n &#8216;low cost&#8217;, te da los &#8216;consejos&#8217; necesarios para decorar la habitaci\u00f3n de tu hijo o te cuenta todo lo que ha pasado en &#8216;Supervivientes&#8217;.<br \/>\nSilvia Criado es licenciada en Periodismo por la Universidad Complutense de Madrid y a empez\u00f3 a colaborar en diferentes medios de comunicaci\u00f3n cuando todav\u00eda no hab\u00eda terminado la carrera. Ha trabajado en la cadena Ser, el diario Menorca y las revistas Crecer Feliz, Casa Diez, Micasa o Elle Decoration aunque, la mayor parte de su trayectoria, ha transcurrido en Diez Minutos donde lleg\u00f3 a su edici\u00f3n de papel en el a\u00f1o 2001. Desde 2018, puedes leer sus art\u00edculos en la web.<\/p>\n","protected":false},"excerpt":{"rendered":"Los seguidores de &#8216;Supervivientes All Stars&#8217; est\u00e1n indignados por el segundo puesto de Jessica Bueno y su papel&hellip;\n","protected":false},"author":2,"featured_media":216232,"comment_status":"","ping_status":"","sticky":false,"template":"","format":"standard","meta":{"footnotes":""},"categories":[171],"tags":[253,146,147,25,24,23,214],"class_list":{"0":"post-216231","1":"post","2":"type-post","3":"status-publish","4":"format-standard","5":"has-post-thumbnail","7":"category-tv","8":"tag-discover","9":"tag-entertainment","10":"tag-entretenimiento","11":"tag-es","12":"tag-espana","13":"tag-spain","14":"tag-tv"},"share_on_mastodon":{"url":"https:\/\/pubeurope.com\/@es\/115485825289635715","error":""},"_links":{"self":[{"href":"https:\/\/www.europesays.com\/es\/wp-json\/wp\/v2\/posts\/216231","targetHints":{"allow":["GET"]}}],"collection":[{"href":"https:\/\/www.europesays.com\/es\/wp-json\/wp\/v2\/posts"}],"about":[{"href":"https:\/\/www.europesays.com\/es\/wp-json\/wp\/v2\/types\/post"}],"author":[{"embeddable":true,"href":"https:\/\/www.europesays.com\/es\/wp-json\/wp\/v2\/users\/2"}],"replies":[{"embeddable":true,"href":"https:\/\/www.europesays.com\/es\/wp-json\/wp\/v2\/comments?post=216231"}],"version-history":[{"count":0,"href":"https:\/\/www.europesays.com\/es\/wp-json\/wp\/v2\/posts\/216231\/revisions"}],"wp:featuredmedia":[{"embeddable":true,"href":"https:\/\/www.europesays.com\/es\/wp-json\/wp\/v2\/media\/216232"}],"wp:attachment":[{"href":"https:\/\/www.europesays.com\/es\/wp-json\/wp\/v2\/media?parent=216231"}],"wp:term":[{"taxonomy":"category","embeddable":true,"href":"https:\/\/www.europesays.com\/es\/wp-json\/wp\/v2\/categories?post=216231"},{"taxonomy":"post_tag","embeddable":true,"href":"https:\/\/www.europesays.com\/es\/wp-json\/wp\/v2\/tags?post=216231"}],"curies":[{"name":"wp","href":"https:\/\/api.w.org\/{rel}","templated":true}]}}