{"id":216268,"date":"2025-11-03T13:14:06","date_gmt":"2025-11-03T13:14:06","guid":{"rendered":"https:\/\/www.europesays.com\/es\/216268\/"},"modified":"2025-11-03T13:14:06","modified_gmt":"2025-11-03T13:14:06","slug":"ultima-hora-de-la-primera-jornada","status":"publish","type":"post","link":"https:\/\/www.europesays.com\/es\/216268\/","title":{"rendered":"\u00faltima hora de la primera jornada"},"content":{"rendered":"<p style=\"\">Sigue en directo la declaraci\u00f3n del Fiscal General del Estado, \u00c1lvaro Garc\u00eda Ortiz, por el caso de filtraci\u00f3n de datos de la pareja de la presidenta de la Comunidad de Madrid, con su declaraci\u00f3n, el an\u00e1lisis y todas las reacciones, en directo.<\/p>\n<p>14:13<\/p>\n<p>Los testigos de la sesi\u00f3n de tarde de la primera jornada del juicio contra Garc\u00eda Ortiz<\/p>\n<p class=\"voc-p\">Los testigos previstos para la sesi\u00f3n de tarde que comienza en apenas media hora ser\u00e1n:<\/p>\n<ul class=\"voc-d-c-list__list\">\n<li class=\"voc-d-c-list__item\">\n<p class=\"voc-d-c-list__paragraph\">\n\u00a0M\u00aa Pilar Rodr\u00edguez Fern\u00e1ndez, fiscal jefe provincial\u00a0<\/p>\n<\/li>\n<li class=\"voc-d-c-list__item\">\n<p class=\"voc-d-c-list__paragraph\">\nAlmudena Lastra De In\u00e9s, fiscal superior Madrid<\/p>\n<\/li>\n<li class=\"voc-d-c-list__item\">\n<p class=\"voc-d-c-list__paragraph\">\nDiego Villafa\u00f1e D\u00edez, fiscal jefe fiscal\u00eda t\u00e9cnica<\/p>\n<\/li>\n<li class=\"voc-d-c-list__item\">\n<p class=\"voc-d-c-list__paragraph\">\nMar\u00eda Del Mar Hed\u00f3 Casinello, jefa gabinete del fiscal General del Estado<\/p>\n<\/li>\n<li class=\"voc-d-c-list__item\">\n<p class=\"voc-d-c-list__paragraph\">\n\u00cd\u00f1igo Corral Lozano, jefe gabinete TSJ<\/p>\n<\/li>\n<\/ul>\n<p>14:12<\/p>\n<p>La vista se retoma a las 15.30 con la declaraci\u00f3n de Pilar Rodr\u00edguez<\/p>\n<p class=\"voc-p\">Tras el primer testigo, el fiscal Salto, hay par\u00f3n para comer y la vista se retomar\u00e1 a las 15.30 con la declaraci\u00f3n de Pilar Rodr\u00edguez.<\/p>\n<p>14:11<\/p>\n<p>La estrategia combinada de la Abogac\u00eda del Estado y la Fiscal\u00eda<\/p>\n<p class=\"voc-p\">La estrategia de la Abogac\u00eda del Estado y de la Fiscal\u00eda est\u00e1 encaminada a intentar demostrar que un abanico amplio de personas pudieron tener acceso a la informaci\u00f3n de esas diligencias preprocesales a efectos de la autor\u00eda de la filtraci\u00f3n. Informa <strong>Nati Villanueva<\/strong>.<\/p>\n<p>13:53<\/p>\n<p>Abascal: \u00abTendr\u00edamos que estar hablando de que el fiscal general del Estado est\u00e1 en el Supremo, y el PP les ha vuelto a dar un bal\u00f3n de ox\u00edgeno\u00bb<\/p>\n<p class=\"voc-p\">El presidente de Vox, Santiago Abascal, ha lamentado este lunes desde Plasencia (Extremadura) que con el anuncio del presidente valenciano Carlos Maz\u00f3n el PP haya eclipsado el juicio al fiscal general del Estado, \u00c1lvaro Garc\u00eda Ortiz. \u00abTendr\u00edamos que estar hablando de que el fiscal general del Estado est\u00e1 en el Supremo, y el PP les ha vuelto a dar un bal\u00f3n de ox\u00edgeno\u00bb, ha explicado Abascal. Informa <strong>Carlos Mullor.<\/strong><\/p>\n<p>13:41<\/p>\n<p>El fiscal Salto asegura que fue  \u00abla primera vez\u00bb que le obligaban a dar informaci\u00f3n a esas horas de la noche <\/p>\n<p class=\"voc-p\">El fiscal Salto, quien llevaba las diligencias preprocesales del presunto fraude fiscal de Gonz\u00e1lez Amador, dice que se trataba de \u00abun caso m\u00e1s\u00bb y que las alarmas y el inter\u00e9s de sus superiores en este asunto saltaron cuando se enteraron de que se trataba del novio de la presidenta Isabel D\u00edaz Ayuso.  El testigo, interlocutor del correo intercambiado con el abogado de Gonz\u00e1lez Amador, Carlos Neira, ha asegurado que es \u00abla primera vez\u00bb que le obligaban a dar informaci\u00f3n a esas horas de la noche (le sacaron de un partido de f\u00fatbol) y que fue la insistencia de Garc\u00eda Ortiz que le trasmiti\u00f3 su superior, la fiscal provincial Pilar Rodr\u00edguez, la que le oblig\u00f3 a hacerlo. \u00abTiene que ser ahora porque el fiscal general no puede esperar\u00bb, le dijo.<\/p>\n<p>13:11<\/p>\n<p>Se retoma el juicio con el fiscal Juli\u00e1n Salto<\/p>\n<p class=\"voc-p\">Se retoma juicio, las cuestiones previas se resolver\u00e1n en sentencia. Comienza el primer testigo, el fiscal Juli\u00e1n Salto.<\/p>\n<p>12:38<\/p>\n<p>Par\u00f3n de media hora para deliberar; despu\u00e9s turno para el fiscal Salto<\/p>\n<p class=\"voc-p\">La Sala se retira a deliberar sobre las cuestiones previas, se retoma sesi\u00f3n en media hora, a las 13 horas, con el interrogatorio del fiscal Juli\u00e1n Salto. (el fiscal Salto a su llegada este lunes al Supremo en la imagen, foto de Jaime Garc\u00eda)<\/p>\n<p>12:34<\/p>\n<p>El abogado que representa a APIF respalda la investigaci\u00f3n: \u00abSu actuaci\u00f3n no ha podido ser m\u00e1s pulcra\u00bb<\/p>\n<p class=\"voc-p\">El abogado que ejerce la acusaci\u00f3n popular en nombre de los fiscales de APIF respalda tambi\u00e9n la investigaci\u00f3n del magistrado. \u00abSu actuaci\u00f3n no ha podido ser m\u00e1s pulcra\u00bb, dice. \u00abTanto es as\u00ed que no se ha registrado el domicilio particular del acusado y desde el que muy probablemente se cometi\u00f3 el hecho delictivo\u00bb (la filtraci\u00f3n) la noche del 13 de marzo de 2014.<\/p>\n<p>12:31<\/p>\n<p>Cuca Gamarra: \u00abUn fiscal general del Estado que decidi\u00f3 hacer primar el relato pol\u00edtico sobre la legalidad\u00bb<\/p>\n<p class=\"voc-p\">Mientras contin\u00faa la vista judicial, fuera los pol\u00edticos siguen su lucha por el relato. Ante el silencio de los pol\u00edticos de la izquierda, m\u00e1s centrados en el futuro del presidente valenciano, Carlos Maz\u00f3n, desde el PP s\u00ed se env\u00edan mensajes sobre el juicio. Como el mensaje de la vicesecretaria de Regeneraci\u00f3n Institucional del Partido Popular y diputada, Cuca Gamarra, en la red X que dice: \u00abEmpieza el juicio contra Fiscal General del Estado.  -&gt; Un FGE que decidi\u00f3 hacer primar el relato pol\u00edtico sobre la legalidad. -&gt; Un FGE a las \u00f3rdenes del sanchismo y no de la Justicia.  -&gt; Un FGE que jam\u00e1s deber\u00eda haber llegado en su puesto al banquillo.\u00bb<\/p>\n<p>12:31<\/p>\n<p>El momento en el que Garc\u00eda Ortiz se declara \u00abno responsable\u00bb de los cargos que se le imputan<\/p>\n<p class=\"voc-p\">Este ha sido el instante en el que \u00c1lvaro Garc\u00eda Ortiz, el primer fiscal general del Estado que se sienta en el banquillo de los acusados (no literalmente) respond\u00eda ante los cargos que se les imputa.<\/p>\n<p>12:16<\/p>\n<p>Las acusaciones se oponen a las impugnaciones pedidas por Abogac\u00eda y Fiscal\u00eda defienden la \u00abmod\u00e9lica\u00bb instrucci\u00f3n <\/p>\n<p class=\"voc-p\">Las acusaciones se oponen a las impugnaciones solicitadas por la Abogac\u00eda del Estado y la Fiscal\u00eda. Respaldan la \u00abmod\u00e9lica\u00bb instrucci\u00f3n del juez Hurtado y niegan que haya sido indeterminada ni prospectiva. Niegan la indefensi\u00f3n que estas partes alegan y recuerdan que en el registro que la defensa quiere anular \u00abno le cogieron nada porque lo borr\u00f3 todo\u00bb.<\/p>\n<p>11:51<\/p>\n<p>La n\u00famero dos de Garc\u00eda Ortiz critica la \u00ababerrante duraci\u00f3n\u00bb del registro al despacho de su jefe<\/p>\n<p class=\"voc-p\">En una entregada defensa al fiscal general, la n\u00famero dos de Garc\u00eda Ortiz, critica la \u00ababerrante duraci\u00f3n\u00bb del registro en el despacho del fiscal general y compara la actuaci\u00f3n del juez con la prevista en investigaciones \u00abpor cr\u00edmenes terroristas\u00bb cuando se trataba de encontrar un simple correo electr\u00f3nico entre un fiscal y un abogado.<\/p>\n<p>11:33<\/p>\n<p>La teniente fiscal de Supremo, sincronizada con la Abogac\u00eda del Estado<\/p>\n<p class=\"voc-p\">Sin disimular su sincronizaci\u00f3n con la Abogac\u00eda del Estado, la teniente fiscal del Supremo, que no acusa en este juicio, ha hecho suyas las impugnaciones que ha puesto de manifiesto la defensa de Garc\u00eda Ortiz. \u00abToda la prueba que se esgrime contra el fiscal general deriva de esa entrada y registro en la que se vulneran todos los derechos de la Fiscal\u00eda a su labor profesional\u00bb, ha asegurado.<\/p>\n<p>11:13<\/p>\n<p>La defensa de Garc\u00eda Ortiz, muy dura con el juez instructor<\/p>\n<p class=\"voc-p\">La defensa de Garc\u00eda Ortiz, muy dura contra el juez instructor \u00c1ngel Hurtado: considera que ha hecho una investigaci\u00f3n \u00abinquisitiva y prospectiva\u00bb y que le ha sometido a un \u00abproceso injusto\u00bb iniciado \u00abcon la idea preconcebida de que el investigado era culpable\u00bb.<\/p>\n<p>11:12<\/p>\n<p>\u00abVulneraci\u00f3n frontal y grave del Convenio Europeo de Derechos Humanos y de la Constituci\u00f3n\u00bb<\/p>\n<p class=\"voc-p\">\u00abSe produjo una vulneraci\u00f3n frontal y grave del Convenio Europeo de Derechos Humanos y de la Constituci\u00f3n\u00bb, ha dicho la abogada del Estado Consuelo Castro, que considera que debe declararse nulo todo lo derivado de ese registro, informes de la UCO incluidos, y las comisiones rogatorias cursadas a Irlanda y a Estados Unidos en busca de los mensajes borrados, comisiones que no depararon ning\u00fan resultado positivo pues no se pudo recuperar nada.<\/p>\n<p>11:08<\/p>\n<p>La defensa del Garc\u00eda Ortiz considera nulos el secreto de las actuaciones y el registro del despacho<\/p>\n<p class=\"voc-p\">En sus cuestiones previas la defensa de Garc\u00eda Ortiz considera nula la declaraci\u00f3n de secreto de las actuaciones durante un mes por \u00abfalta absoluta de motivaci\u00f3n\u00bb y ponderaci\u00f3n. Tambi\u00e9n pide la nulidad del propio registro en el despacho del fiscal general, que considera \u00abdesproporcionado y atentatorio contra su intimidad\u00bb. Asegura que la imposibilidad de conocer los fundamentos de ese auto de entrada y registro oblig\u00f3 al fiscal general a recurrirlo \u00aba ciegas\u00bb. Informa Nati Villanueva.<\/p>\n<p>10:51<\/p>\n<p>La Abogac\u00eda del Estado, ejerciendo la defensa del fiscal general, solicita nuevas documentales<\/p>\n<p class=\"voc-p\">La abogada del Estado, Consuelo Castro, ejerciendo la defensa del fiscal general, ha solicitado al Tribunal distinta documental: un conjunto de tuits difundidos por Miguel \u00c1ngel Rodr\u00edguez, el jefe de Gabinete de la presidenta madrile\u00f1a Isabel D\u00edaz Ayuso que demostrar\u00edan, seg\u00fan los servicios jur\u00eddicos del Estado, la \u00abidea de confabulaci\u00f3n\u00bb de la Fiscal\u00eda y el Gobierno para perjudicar a Ayuso; distintos tuits del periodista de El Mundo Esteban Urreiztieta en los que s\u00f3lo hablaba de dos delitos fiscales; una conversaci\u00f3n del chat de Tribunales de La Sexta en el que ya se hablaba del contenido de la noticia que se public\u00f3 en La Ser y que para la acusaci\u00f3n es la prueba de la filtraci\u00f3n; la comprobaci\u00f3n de que Garc\u00eda Ortiz no intercambi\u00f3 mensajes con Miguel \u00c1ngel Campos, autor de la noticia de La Ser; los mails \u00abofensivos\u00bb que \u00abobligaron\u00bb al fiscal general, seg\u00fan su defensa, a cerrar su cuenta de correo electr\u00f3nico; la transcripci\u00f3n y audio de un programa de EsRadio en el que intervino Esteban Urreiztieta con la \u00abversi\u00f3n que difund\u00eda Miguel \u00c1ngel Rodr\u00edguez\u00bb; el dictamen pericial del borrado del m\u00f3vil del fiscal general donde \u00abse pone de manifiesto que es imposible saber qu\u00e9 mensajes borr\u00f3\u00bb. Junto a todas las peticiones, Castro ha expuesto que va a invocar algunas causas de nulidad de derechos fundamentales. Informa Carmen Lucas-Torres.<\/p>\n<p>10:34<\/p>\n<p>El abogado de Gonz\u00e1lez Amador pide incorporar dos nuevos documentos como prueba<\/p>\n<p class=\"voc-p\">El abogado de Gonz\u00e1lez Amador pide incorporar dos documentos como prueba: dos whatsapps de Miguel \u00c1ngel Campos (periodista de la Cadena Ser) la noche de la filtraci\u00f3n del correo electr\u00f3nico. Son dos mensajes entre Campos y Carlos Neira, abogado de Gonz\u00e1lez Amador. Tambi\u00e9n el art\u00edculo de El Pa\u00eds de Juan Jos\u00e9 Mateo publicado el 14 a las 19 de la tarde que recoge el contenido del mail. Informan Nati Villanueva y Carmen Lucas-Torres<\/p>\n<p>10:33<\/p>\n<p>Garc\u00eda Ortiz \u00abno\u00bb se considera \u00abresponsable de los delitos que se le imputan\u00bb<\/p>\n<p class=\"voc-p\">Tras la lectura del auto de procesamiento y de los escritos de acusaci\u00f3n, el presidente del Tribunal, Andr\u00e9s Mart\u00ednez-Arrieta, se ha dirigido a Garc\u00eda Ortiz: \u00ab\u00bfSe considera responsable de los delitos que se le imputan?\u00bb. \u00abNo\u00bb, ha respondido el acusado. Informan Nati Villanueva y Carmen Lucas-Torres<\/p>\n<p>10:30<\/p>\n<p>Garc\u00eda Ortiz, con toga y junto a sus abogados<\/p>\n<p class=\"voc-p\">As\u00ed luce el fiscal general del Estado en la primera jornada del juicio contra \u00e9l por revelaci\u00f3n de secretos, infidelidad en la custodia de documentos, prevaricaci\u00f3n. (Foto: EFE)<\/p>\n<p>10:13<\/p>\n<p>Comienza el juicio contra el fiscal general del Estado<\/p>\n<p class=\"voc-p\">Con la Sala constituida y el fiscal general sentado en estrados, comienza el juicio a las 10.07. La secretaria judicial leyendo los cargos y escritos.<\/p>\n<p>09:50<\/p>\n<p>Garc\u00eda Ortiz, con corbata negra y semblante serio, ya est\u00e1 en el Supremo<\/p>\n<p class=\"voc-p\">\u00c1lvaro Garc\u00eda Ortiz ha entrado en el Tribunal Supremo por la puerta principal. Ha llegado en coche desde su despacho en Fiscal\u00eda General y ha sido recibido por fiscal de la Sala Penal Javier Huete. Ha llegado con corbata negra, semblante serio y aplaudido por cinco personas presentes. Informan Nati Villanueva y Carmen Lucas-Torres. (Foto: Jaime Garc\u00eda)<\/p>\n<p>09:45<\/p>\n<p>Los periodistas, preparados ya dentro del Supremo<\/p>\n<p class=\"voc-p\">Imagen de la prensa destacada ya en el interior del Supremo para seguir la vista (Foto: EFE).<\/p>\n<p>09:33<\/p>\n<p>Hoy declaran fiscales clave en la presunta filtraci\u00f3n<\/p>\n<p class=\"voc-p\">La primera sesi\u00f3n de este lunes est\u00e1 dedicada a la declaraci\u00f3n de distintos miembros del equipo de la Fiscal\u00eda relacionados con el caso. Entre ellos, el del fiscal de delitos econ\u00f3micos, Juli\u00e1n Salto, cuyas comunicaciones con Carlos Neira, el abogado querellante, fueron filtrados la noche del 13 de marzo de 2024. El inter\u00e9s de Garc\u00eda Ortiz en recabar los correos intercambiados con el letrado llev\u00f3 a que la superior de Salto lo sacara de un partido de f\u00fatbol al que asist\u00eda para atender a la solicitud del fiscal general. Tambi\u00e9n declarar\u00e1n Pilar Rodr\u00edguez, la fiscal jefe provincial que medi\u00f3 entre el fiscal general y su subordinado Salto; y Almudena Lastra, pieza clave de la investigaci\u00f3n, fiscal superior de Madrid, que afe\u00f3 a Rodr\u00edguez que le pasara los mails a su jefe -\u00ab\u00bfPara qu\u00e9 se los mandas? Los va a filtrar\u00bb- y sospech\u00f3 de Garc\u00eda Ortiz desde el primer momento -\u00ab\u00c1lvaro, \u00bflos has filtrado t\u00fa?\u00bb, a lo que \u00e9l contest\u00f3: \u00abEso ahora no importa\u00bb-.<\/p>\n<p>09:23<\/p>\n<p>Los testigos de esta ma\u00f1ana<\/p>\n<p class=\"voc-p\">Estos son los testigos que declarar\u00e1n esta ma\u00f1ana de lunes en el Supremo por el juicio contra Garc\u00eda Ortiz, a partir de las 10 de la ma\u00f1ana:<\/p>\n<ul class=\"voc-d-c-list__list\">\n<li class=\"voc-d-c-list__item\">\n<p class=\"voc-d-c-list__paragraph\">\nJuli\u00e1n Salto Torres, fiscal de delitos econ\u00f3micos<\/p>\n<\/li>\n<li class=\"voc-d-c-list__item\">\n<p class=\"voc-d-c-list__paragraph\">\nM\u00aa Pilar Rodr\u00edguez Fern\u00e1ndez, fiscal jefe provincial<\/p>\n<\/li>\n<li class=\"voc-d-c-list__item\">\n<p class=\"voc-d-c-list__paragraph\">\nAlmudena Lastra De In\u00e9s, fiscal superior de Madrid<\/p>\n<\/li>\n<li class=\"voc-d-c-list__item\">\n<p class=\"voc-d-c-list__paragraph\">\nDiego Villafa\u00f1e D\u00edez, fiscal jefe fiscal\u00eda t\u00e9cnica<\/p>\n<\/li>\n<\/ul>\n<p>08:56<\/p>\n<p>La prensa lista para cubrir un juicio in\u00e9dito<\/p>\n<p class=\"voc-p\">Los periodistas ya est\u00e1n desplegados a las puertas del Tribunal Supremo desde bien temprano. (Foto: EFE)<\/p>\n<p>08:53<\/p>\n<p><a href=\"https:\/\/www.abc.es\/opinion\/editorial-fiscal-ante-jueces-20251103210117-nt.html\" target=\"_blank\" rel=\"noopener noreferrer nofollow\">Editorial ABC | El fiscal ante los jueces<\/a><\/p>\n<p class=\"voc-p\">El problema de la democracia espa\u00f1ola es que son los jueces los que tienen que decidir sobre la responsabilidad pol\u00edtica de los altos cargos, como si fuera accesoria de una condena penal.<\/p>\n<p>08:47<\/p>\n<p>El Partido Popular &#8216;calienta&#8217; el arranque del juicio <\/p>\n<p class=\"voc-p\">Con un mensaje en la red X con una foto donde se pueden ver a Garc\u00eda Ortiz, Pedro S\u00e1nchez, Francina Armengol y Bego\u00f1a G\u00f3mez sonrientes y el texto:  \u00abComienza el juicio al \u00fanico fiscal general imputado en democracia\u00bb<\/p>\n<p>08:32<\/p>\n<p>Comienza un juicio hist\u00f3rico en el Supremo contra el fiscal general del Estado<\/p>\n<p class=\"voc-p\">Buenos d\u00edas, comienza aqu\u00ed la cobertura en directo de ABC del juicio hist\u00f3rico que alberga desde este lunes el Tribunal Supremo. Por primera vez, un fiscal general del Estado, \u00c1lvaro Garc\u00eda Ortiz, se enfrenta como acusado en un proceso por delitos de revelaci\u00f3n de secretos, infidelidad en la custodia de los documentos y prevaricaci\u00f3n. Podr\u00edan conllevar penas de entre tres y seis a\u00f1os de c\u00e1rcel e inhabilitaci\u00f3n^.<\/p>\n","protected":false},"excerpt":{"rendered":"Sigue en directo la declaraci\u00f3n del Fiscal General del Estado, \u00c1lvaro Garc\u00eda Ortiz, por el caso de filtraci\u00f3n&hellip;\n","protected":false},"author":2,"featured_media":216269,"comment_status":"","ping_status":"","sticky":false,"template":"","format":"standard","meta":{"footnotes":""},"categories":[8],"tags":[9125,2607,6984,17,18,56,15091,2125,25,24,13,14,19406,3142,5976,11,1458,315,5541,19,20,9,10,15,16,5971,2477,23,12,1885,21,22],"class_list":{"0":"post-216268","1":"post","2":"type-post","3":"status-publish","4":"format-standard","5":"has-post-thumbnail","7":"category-espana","8":"tag-alberto","9":"tag-alvaro","10":"tag-ayuso","11":"tag-breaking-news","12":"tag-breakingnews","13":"tag-datos","14":"tag-declaracion","15":"tag-directo","16":"tag-es","17":"tag-espana","18":"tag-featured-news","19":"tag-featurednews","20":"tag-filtracion","21":"tag-garcia","22":"tag-gonzalez","23":"tag-headlines","24":"tag-hora","25":"tag-hoy","26":"tag-juicio","27":"tag-latest-news","28":"tag-latestnews","29":"tag-news","30":"tag-noticias","31":"tag-noticias-destacadas","32":"tag-noticiasdestacadas","33":"tag-ortiz","34":"tag-pareja","35":"tag-spain","36":"tag-titulares","37":"tag-ultima","38":"tag-ultimas-noticias","39":"tag-ultimasnoticias"},"share_on_mastodon":{"url":"https:\/\/pubeurope.com\/@es\/115485950926222523","error":""},"_links":{"self":[{"href":"https:\/\/www.europesays.com\/es\/wp-json\/wp\/v2\/posts\/216268","targetHints":{"allow":["GET"]}}],"collection":[{"href":"https:\/\/www.europesays.com\/es\/wp-json\/wp\/v2\/posts"}],"about":[{"href":"https:\/\/www.europesays.com\/es\/wp-json\/wp\/v2\/types\/post"}],"author":[{"embeddable":true,"href":"https:\/\/www.europesays.com\/es\/wp-json\/wp\/v2\/users\/2"}],"replies":[{"embeddable":true,"href":"https:\/\/www.europesays.com\/es\/wp-json\/wp\/v2\/comments?post=216268"}],"version-history":[{"count":0,"href":"https:\/\/www.europesays.com\/es\/wp-json\/wp\/v2\/posts\/216268\/revisions"}],"wp:featuredmedia":[{"embeddable":true,"href":"https:\/\/www.europesays.com\/es\/wp-json\/wp\/v2\/media\/216269"}],"wp:attachment":[{"href":"https:\/\/www.europesays.com\/es\/wp-json\/wp\/v2\/media?parent=216268"}],"wp:term":[{"taxonomy":"category","embeddable":true,"href":"https:\/\/www.europesays.com\/es\/wp-json\/wp\/v2\/categories?post=216268"},{"taxonomy":"post_tag","embeddable":true,"href":"https:\/\/www.europesays.com\/es\/wp-json\/wp\/v2\/tags?post=216268"}],"curies":[{"name":"wp","href":"https:\/\/api.w.org\/{rel}","templated":true}]}}