{"id":216276,"date":"2025-11-03T13:21:11","date_gmt":"2025-11-03T13:21:11","guid":{"rendered":"https:\/\/www.europesays.com\/es\/216276\/"},"modified":"2025-11-03T13:21:11","modified_gmt":"2025-11-03T13:21:11","slug":"el-mtb-es-lo-que-mas-disfruto-pero-mi-gran-reto-es-ganar-una-gran-vuelta","status":"publish","type":"post","link":"https:\/\/www.europesays.com\/es\/216276\/","title":{"rendered":"\u201cEl MTB es lo que m\u00e1s disfruto, pero mi gran reto es ganar una gran vuelta\u201d"},"content":{"rendered":"<blockquote class=\"quote-card lateral\">\n<p>Pidcock asegura que \u201cuna gran vuelta es el mayor reto que puedo tener en el ciclismo\u201d<\/p>\n<\/blockquote>\n<p>Tom Pidcock ha vuelto a demostrar su versatilidad en la Nedbank Gravel Burn, donde se llev\u00f3 la victoria y volvi\u00f3 a reflexionar sobre su futuro dentro del ciclismo profesional. El brit\u00e1nico del equipo Q36.5 Pro Cycling habl\u00f3 de sus metas, su papel en su nuevo equipo y su especial conexi\u00f3n con el MTB.<\/p>\n<p data-start=\"901\" data-end=\"1269\">Pidcock, que este a\u00f1o subi\u00f3 al podio de la Vuelta a Espa\u00f1a, reconoce que esa experiencia ha cambiado su perspectiva: \u201cCreo que una gran vuelta no es lo que m\u00e1s disfruto, pero s\u00ed el mayor desaf\u00edo que puedo tener en cualquier disciplina. Quiero seguir persiguiendo ese reto, porque lo bonito del deporte es tener desaf\u00edos y tratar de superarlos\u201d, explic\u00f3 en Sud\u00e1frica.<\/p>\n<p data-start=\"1271\" data-end=\"1475\">El corredor brit\u00e1nico admite que su tercer puesto en la Vuelta le ha dado confianza para aspirar m\u00e1s alto: \u201cSer\u00e1 lo m\u00e1s dif\u00edcil que consiga, pero despu\u00e9s del podio creo cada vez m\u00e1s en esa posibilidad\u201d.<\/p>\n<p data-start=\"1271\" data-end=\"1475\">\n Contin\u00faa tras los patrocinadores<\/p>\n<p>Su conexi\u00f3n con el MTB sigue intacta<\/p>\n<blockquote class=\"quote-card lateral\">\n<p>\u201cTengo m\u00e1s talento para el mountain bike, as\u00ed que todo resulta m\u00e1s f\u00e1cil\u201d<\/p>\n<\/blockquote>\n<p>Aunque su calendario se centra cada vez m\u00e1s en la carretera, Pidcock no oculta qu\u00e9 disciplina le hace sentirse m\u00e1s c\u00f3modo: \u201cEn mountain bike es donde m\u00e1s disfruto, sin duda. Es un entorno relajado, agradable, en el que simplemente disfruto compitiendo\u201d.<\/p>\n<p data-start=\"1778\" data-end=\"1946\">El brit\u00e1nico tambi\u00e9n fue honesto sobre su talento natural: \u201cCreo que tengo m\u00e1s talento para el mountain bike, as\u00ed que todo resulta m\u00e1s f\u00e1cil, \u00bfno?\u201d, dijo entre risas.<\/p>\n<p data-start=\"2044\" data-end=\"2257\">Pidcock se impuso en una de las etapas nocturnas de la Gravel Burn sin haber reconocido el recorrido: \u201cNo hice ning\u00fan reconocimiento, as\u00ed que la primera vuelta, en plena oscuridad, fue un poco a ciegas\u201d, relat\u00f3.<\/p>\n<p>Un papel protagonista en su nuevo equipo<\/p>\n<blockquote class=\"quote-card lateral\">\n<p>\u201cEn Q36.5 me siento detr\u00e1s de cada decisi\u00f3n, es en parte mi proyecto\u201d<\/p>\n<\/blockquote>\n<p>El cambio del Ineos Grenadiers al Q36.5 Pro Cycling fue una de las grandes noticias del a\u00f1o. Pidcock explic\u00f3 que buscaba un entorno m\u00e1s peque\u00f1o y con mayor margen de decisi\u00f3n: \u201cMe siento muy involucrado con el equipo, no solo en la parte deportiva, sino tambi\u00e9n ayudando a tomar decisiones y a hacerlo crecer. Eso me motiva, porque me siento detr\u00e1s de cada decisi\u00f3n. Siento que es, en parte, mi propio proyecto\u201d.<\/p>\n<p data-start=\"2813\" data-end=\"3013\">El brit\u00e1nico, que ha logrado victorias en carretera, MTB, ciclocross y ahora tambi\u00e9n gravel, se prepara para una temporada 2026 donde volver\u00e1 a liderar al conjunto suizo en grandes vueltas y cl\u00e1sicas.<\/p>\n","protected":false},"excerpt":{"rendered":"Pidcock asegura que \u201cuna gran vuelta es el mayor reto que puedo tener en el ciclismo\u201d Tom Pidcock&hellip;\n","protected":false},"author":2,"featured_media":17705,"comment_status":"","ping_status":"","sticky":false,"template":"","format":"standard","meta":{"footnotes":""},"categories":[273],"tags":[313,312,168,25,24,23,167,7107],"class_list":{"0":"post-216276","1":"post","2":"type-post","3":"status-publish","4":"format-standard","5":"has-post-thumbnail","7":"category-ciclismo","8":"tag-ciclismo","9":"tag-cycling","10":"tag-deportes","11":"tag-es","12":"tag-espana","13":"tag-spain","14":"tag-sports","15":"tag-tom-pidcock"},"share_on_mastodon":{"url":"https:\/\/pubeurope.com\/@es\/115485978345354264","error":""},"_links":{"self":[{"href":"https:\/\/www.europesays.com\/es\/wp-json\/wp\/v2\/posts\/216276","targetHints":{"allow":["GET"]}}],"collection":[{"href":"https:\/\/www.europesays.com\/es\/wp-json\/wp\/v2\/posts"}],"about":[{"href":"https:\/\/www.europesays.com\/es\/wp-json\/wp\/v2\/types\/post"}],"author":[{"embeddable":true,"href":"https:\/\/www.europesays.com\/es\/wp-json\/wp\/v2\/users\/2"}],"replies":[{"embeddable":true,"href":"https:\/\/www.europesays.com\/es\/wp-json\/wp\/v2\/comments?post=216276"}],"version-history":[{"count":0,"href":"https:\/\/www.europesays.com\/es\/wp-json\/wp\/v2\/posts\/216276\/revisions"}],"wp:featuredmedia":[{"embeddable":true,"href":"https:\/\/www.europesays.com\/es\/wp-json\/wp\/v2\/media\/17705"}],"wp:attachment":[{"href":"https:\/\/www.europesays.com\/es\/wp-json\/wp\/v2\/media?parent=216276"}],"wp:term":[{"taxonomy":"category","embeddable":true,"href":"https:\/\/www.europesays.com\/es\/wp-json\/wp\/v2\/categories?post=216276"},{"taxonomy":"post_tag","embeddable":true,"href":"https:\/\/www.europesays.com\/es\/wp-json\/wp\/v2\/tags?post=216276"}],"curies":[{"name":"wp","href":"https:\/\/api.w.org\/{rel}","templated":true}]}}