{"id":216311,"date":"2025-11-03T13:49:15","date_gmt":"2025-11-03T13:49:15","guid":{"rendered":"https:\/\/www.europesays.com\/es\/216311\/"},"modified":"2025-11-03T13:49:15","modified_gmt":"2025-11-03T13:49:15","slug":"denuncian-al-metropolitan-de-nueva-york-de-ocultar-el-pasado-nazi-de-uno-de-sus-cuadros","status":"publish","type":"post","link":"https:\/\/www.europesays.com\/es\/216311\/","title":{"rendered":"Denuncian al Metropolitan de Nueva York de ocultar el pasado nazi de uno de sus cuadros"},"content":{"rendered":"<p>El cuadro cuelga en la primera planta de la Fundaci\u00f3n Goulandris, establecida en Atenas por una familia de armadores y coleccionistas. Pero esta <b>&#8216;Cosecha de Aceitunas&#8217;<\/b>, pintada por <a title=\"Van Gogh\" href=\"https:\/\/www.larazon.es\/ciencia\/descubren-que-noche-estrellada-vincent-van-gogh-perfecta-menos-terminos-atmosfericos_2024091766e9a4dfb3741e0001e944b1.html\" target=\"_blank\" rel=\"nofollow noopener\">Van Gogh<\/a> al final de su vida en 1889, \u00abno deber\u00eda estar all\u00ed\u00bb, seg\u00fan una demanda presentada en Nueva York que ahora han recogido medios como &#8216;Le figaro&#8217;. Sus herederos exigen su devoluci\u00f3n, as\u00ed como una indemnizaci\u00f3n del Museo Metropolitano de Arte de Nueva York porque, aseguran, ambas instituciones (la griega y la estadounidense) contribuyeron a ocultar su dudosa procedencia.<\/p>\n<p>En 1936, sus propietarios, Hedwig y Frederick Stern, abandonaron M\u00fanich huyendo del nazismo y se dirigieron a Estados Unidos. Atr\u00e1s quedaron varias obras de arte, entre ellas este Van Gogh. Seg\u00fan los abogados de los herederos, la administraci\u00f3n nazi prohibi\u00f3 su exportaci\u00f3n, pero autoriz\u00f3 su venta a un marchante de arte, antes de apropiarse indebidamente de las ganancias. Se trata, por lo que argumenta la demanda, de una forma de expolio.<\/p>\n<p>Reaparici\u00f3n sorpresa en Estados Unidos<\/p>\n<p>Durante la guerra, el cuadro reapareci\u00f3 en Estados Unidos en la colecci\u00f3n del acaudalado Vincent Astor, y posteriormente en la del Museo Metropolitano de Arte de Nueva York, que <b>lo recompr\u00f3 en 1956 por 125.000 d\u00f3lares<\/b>. Dos d\u00e9cadas despu\u00e9s, el Met lo puso discretamente a la venta. Los herederos de Stern consideran esto una admisi\u00f3n de culpa, pues creen que el Met intent\u00f3 ocultar la dudosa procedencia del Van Gogh. El conservador de entonces, experto en el saqueo nazi, no pod\u00eda desconocer sus or\u00edgenes.<\/p>\n<p>La Fundaci\u00f3n Goulandris, cuyos fundadores adquirieron el cuadro del Met, tambi\u00e9n figura en la demanda. Seg\u00fan la denuncia, revisada por &#8216;The New York Times&#8217; y &#8216;The Guardian&#8217;, esta fundaci\u00f3n <b>eclips\u00f3 la propiedad del cuadro por parte de la familia Stern entre 1935 y 1938<\/b>. Los herederos exigen la restituci\u00f3n del valor del cuadro, as\u00ed como una indemnizaci\u00f3n equivalente al valor que el Met obtuvo de su posesi\u00f3n entre 1956 y 1972 y a los ingresos recibidos por su venta. <b>En 2022 se present\u00f3 una demanda anterior, pero no prosper\u00f3<\/b>. El tribunal de California que llevaba el caso se declar\u00f3 incompetente.<\/p>\n<p>Ente la buena fe y las nuevas investigaciones<\/p>\n<p>El mayor museo estadounidense de la \u00e9poca defendi\u00f3 su buena fe, al tiempo que se mostr\u00f3 abierto a nuevas investigaciones sobre las circunstancias de la compra y reventa. La procedencia del cuadro \u00absolo se descubri\u00f3 varias d\u00e9cadas despu\u00e9s de que saliera de la colecci\u00f3n\u00bb, insisti\u00f3 la instituci\u00f3n, explicando que se hab\u00eda desprendido de \u00e9l para realizar otras adquisiciones. En cuanto a la fundaci\u00f3n de Atenas, su abogado desestim\u00f3 el caso, calificando las <b>alegaciones de \u00abenga\u00f1osas e incompletas\u00bb<\/b>.<\/p>\n<p>Nada que calme a los demandantes, quienes informan que Hedwig Stern, desaparecida en 1986, hab\u00eda multiplicado sus b\u00fasquedas para recuperar los olivos de Van Gogh, temblando bajo el calor de Saint-R\u00e9my-de-Provence .<\/p>\n","protected":false},"excerpt":{"rendered":"El cuadro cuelga en la primera planta de la Fundaci\u00f3n Goulandris, establecida en Atenas por una familia de&hellip;\n","protected":false},"author":2,"featured_media":216312,"comment_status":"","ping_status":"","sticky":false,"template":"","format":"standard","meta":{"footnotes":""},"categories":[173],"tags":[229,233,231,230,232,234,146,147,25,24,23],"class_list":{"0":"post-216311","1":"post","2":"type-post","3":"status-publish","4":"format-standard","5":"has-post-thumbnail","7":"category-arte-y-diseno","8":"tag-arte","9":"tag-arte-y-diseno","10":"tag-arts","11":"tag-arts-and-design","12":"tag-design","13":"tag-diseno","14":"tag-entertainment","15":"tag-entretenimiento","16":"tag-es","17":"tag-espana","18":"tag-spain"},"share_on_mastodon":{"url":"https:\/\/pubeurope.com\/@es\/115486088424643743","error":""},"_links":{"self":[{"href":"https:\/\/www.europesays.com\/es\/wp-json\/wp\/v2\/posts\/216311","targetHints":{"allow":["GET"]}}],"collection":[{"href":"https:\/\/www.europesays.com\/es\/wp-json\/wp\/v2\/posts"}],"about":[{"href":"https:\/\/www.europesays.com\/es\/wp-json\/wp\/v2\/types\/post"}],"author":[{"embeddable":true,"href":"https:\/\/www.europesays.com\/es\/wp-json\/wp\/v2\/users\/2"}],"replies":[{"embeddable":true,"href":"https:\/\/www.europesays.com\/es\/wp-json\/wp\/v2\/comments?post=216311"}],"version-history":[{"count":0,"href":"https:\/\/www.europesays.com\/es\/wp-json\/wp\/v2\/posts\/216311\/revisions"}],"wp:featuredmedia":[{"embeddable":true,"href":"https:\/\/www.europesays.com\/es\/wp-json\/wp\/v2\/media\/216312"}],"wp:attachment":[{"href":"https:\/\/www.europesays.com\/es\/wp-json\/wp\/v2\/media?parent=216311"}],"wp:term":[{"taxonomy":"category","embeddable":true,"href":"https:\/\/www.europesays.com\/es\/wp-json\/wp\/v2\/categories?post=216311"},{"taxonomy":"post_tag","embeddable":true,"href":"https:\/\/www.europesays.com\/es\/wp-json\/wp\/v2\/tags?post=216311"}],"curies":[{"name":"wp","href":"https:\/\/api.w.org\/{rel}","templated":true}]}}