{"id":216315,"date":"2025-11-03T13:52:09","date_gmt":"2025-11-03T13:52:09","guid":{"rendered":"https:\/\/www.europesays.com\/es\/216315\/"},"modified":"2025-11-03T13:52:09","modified_gmt":"2025-11-03T13:52:09","slug":"britney-spears-borro-su-cuenta-de-instagram-luego-de-sus-alarmantes-publicaciones","status":"publish","type":"post","link":"https:\/\/www.europesays.com\/es\/216315\/","title":{"rendered":"Britney Spears borr\u00f3 su cuenta de Instagram luego de sus alarmantes publicaciones"},"content":{"rendered":"<p class=\"paragraph font__body-regular\"><a href=\"https:\/\/tn.com.ar\/musica\/noticias\/2025\/10\/20\/britney-spears-aseguro-que-sufrio-dano-cerebral-me-siento-afortunada-de-estar-viva\/\" target=\"_self\" rel=\"nofollow noopener\" title=\"https:\/\/tn.com.ar\/musica\/noticias\/2025\/10\/20\/britney-spears-aseguro-que-sufrio-dano-cerebral-me-siento-afortunada-de-estar-viva\/\">Britney Spears<\/a> desactiv\u00f3<b> su cuenta de Instagram<\/b> en medio de una serie de publicaciones que preocuparon a sus seguidores. Si alguien entra, solo podr\u00e1 ver el mensaje que indica que su perfil <b>\u201cpodr\u00eda haber sido eliminado<\/b>\u201d.<\/p>\n<p class=\"paragraph font__body-regular\">En las \u00faltimas semanas, sus fans expresaron preocupaci\u00f3n despu\u00e9s de que la cantante subiera im\u00e1genes bailando en su habitaci\u00f3n. Tambi\u00e9n desactiv\u00f3 los comentarios<b> en los posteos con mensajes cr\u00edpticos<\/b> sobre sus hijos, Jayden James, de 19 a\u00f1os, y Sean Preston, de 20.<\/p>\n<p class=\"paragraph font__body-regular\">El 7 de octubre, Britney subi\u00f3 un clip con moretones en los brazos y vendajes en manos y mu\u00f1ecas, lo que alarm\u00f3 a todos. \u201c<b>Mis chicos tuvieron que irse y volver a Maui&#8230; <\/b>Esta es la manera en que me expreso y rezo a trav\u00e9s del arte\u201d, escribi\u00f3.<\/p>\n<p class=\"paragraph font__body-regular\"><b>Le\u00e9 tambi\u00e9n<\/b><a href=\"https:\/\/tn.com.ar\/musica\/noticias\/2025\/10\/16\/el-doloroso-descargo-de-britney-spears-tras-las-acusaciones-de-su-ex-llegue-a-suplicar-por-ver-a-mis-hijos\/\" target=\"_self\" rel=\"nofollow noopener\" title=\"https:\/\/tn.com.ar\/musica\/noticias\/2025\/10\/16\/el-doloroso-descargo-de-britney-spears-tras-las-acusaciones-de-su-ex-llegue-a-suplicar-por-ver-a-mis-hijos\/\"><b>:<\/b> El doloroso descargo de Britney Spears tras las acusaciones de su ex<\/a><\/p>\n<p class=\"paragraph font__body-regular\">El 19 de octubre comparti\u00f3 otra publicaci\u00f3n donde se refiri\u00f3 a los cuatro meses que <a href=\"https:\/\/tn.com.ar\/musica\/noticias\/2025\/10\/20\/britney-spears-aseguro-que-sufrio-dano-cerebral-me-siento-afortunada-de-estar-viva\/\" target=\"_self\" rel=\"nofollow noopener\" title=\"https:\/\/tn.com.ar\/musica\/noticias\/2025\/10\/20\/britney-spears-aseguro-que-sufrio-dano-cerebral-me-siento-afortunada-de-estar-viva\/\">pas\u00f3 en rehabilitaci\u00f3n en 2018<\/a>, durante la tutela de 13 a\u00f1os, y dijo que \u201cme pas\u00f3 un da\u00f1o cerebral\u201d. \u201cSiento que me quitaron las alas y me ocurri\u00f3 da\u00f1o cerebral hace tiempo, cien por ciento\u201d, sostuvo. De todos modos, aclar\u00f3: \u201cPor supuesto, <b>ya he dejado atr\u00e1s ese periodo dif\u00edcil de mi vida <\/b>y me siento afortunada de estar viva\u201c.<\/p>\n<p><img decoding=\"async\" loading=\"lazy\" fetchpriority=\"low\" data-testid=\"loading-testid\" class=\"image content-image image_placeholder\" alt=\"El descargo de la cantante. (Fuente: Instagram(britneyspears)\" width=\"767\" height=\"501\" src=\"https:\/\/www.europesays.com\/es\/wp-content\/uploads\/2025\/11\/el-descargo-de-la-cantante-fuente-instagrambritneyspears-ZGKVQSLPNJGPBFQPYLVVDTDMFU.png\"\/><\/p>\n<p>El descargo de la cantante. (Fuente: Instagram(britneyspears)<\/p>\n<p class=\"paragraph font__body-regular\">En torno a esta etapa de su vida, la cantante sum\u00f3: \u201c<b>Tuve una experiencia traum\u00e1tica,<\/b> como algunos saben, al final de mi libro, donde durante cuatro meses ya no tuve mi puerta privada y se me oblig\u00f3, de forma ilegal, a no usar mis pies ni mi cuerpo para ir a ning\u00fan lugar\u201d.<\/p>\n<p class=\"paragraph font__body-regular\">Para sorpresa de muchos, la cantante de \u201cToxic\u201d hizo referencia a sus recurrentes videos que han recibido todo tipo de cr\u00edticas: \u201cS\u00e9 que mis <b>publicaciones bailando pueden parecer rid\u00edculas<\/b>, pero me ayudaron a recordar c\u00f3mo volar\u201d.<\/p>\n<p><img decoding=\"async\" loading=\"lazy\" fetchpriority=\"low\" data-testid=\"loading-testid\" class=\"image content-image image_placeholder\" alt=\"El comunicado sobre sus hijos. (Fuente: Instagram\/britneyspears)\" width=\"767\" height=\"1015\" src=\"https:\/\/www.europesays.com\/es\/wp-content\/uploads\/2025\/11\/el-comunicado-sobre-sus-hijos-fuente-instagrambritneyspears-C7CBYZQ4UJBOXAVM5PHURLR2EE.png\"\/><\/p>\n<p>El comunicado sobre sus hijos. (Fuente: Instagram\/britneyspears)<\/p>\n<p>Britney Spears revel\u00f3 c\u00f3mo es la relaci\u00f3n con sus hijos<\/p>\n<p class=\"paragraph font__body-regular\">Desde New York Times publicaron una entrevista con<b> Kevin Federline<\/b>, exesposo de la cantante, quien no solo habl\u00f3 de infidelidades por parte de Spears, sino que tambi\u00e9n cuestion\u00f3 su desempe\u00f1o como mam\u00e1.<\/p>\n<p><img decoding=\"async\" loading=\"lazy\" fetchpriority=\"low\" data-testid=\"loading-testid\" class=\"image content-image image_placeholder\" alt=\"ARCHIVO - Britney Spears, a la derecha, y su esposo Kevin Federline llegan a una fiesta posterior a los Grammy en Beverly Hills, California, el 8 de febrero de 2006. (Foto AP\/Danny Moloshok, archivo)\" width=\"767\" height=\"551\" src=\"https:\/\/www.europesays.com\/es\/wp-content\/uploads\/2025\/11\/archivo-britney-spears-a-la-derecha-y-su-esposo-kevin-federline-llegan-a-una-fiesta-posterior-a-los-.jpeg\"\/><\/p>\n<p>ARCHIVO &#8211; Britney Spears, a la derecha, y su esposo Kevin Federline llegan a una fiesta posterior a los Grammy en Beverly Hills, California, el 8 de febrero de 2006. (Foto AP\/Danny Moloshok, archivo)<\/p>\n<p class=\"paragraph font__body-regular\">Uno de los testimonios m\u00e1s impactantes indica que la Princesa del Pop habr\u00eda sido vista sosteniendo un cuchillo en la habitaci\u00f3n de sus hijos cuando estos eran m\u00e1s peque\u00f1os.<\/p>\n","protected":false},"excerpt":{"rendered":"Britney Spears desactiv\u00f3 su cuenta de Instagram en medio de una serie de publicaciones que preocuparon a sus&hellip;\n","protected":false},"author":2,"featured_media":216316,"comment_status":"","ping_status":"","sticky":false,"template":"","format":"standard","meta":{"footnotes":""},"categories":[170],"tags":[23845,146,147,25,24,184,185,23],"class_list":{"0":"post-216315","1":"post","2":"type-post","3":"status-publish","4":"format-standard","5":"has-post-thumbnail","7":"category-musica","8":"tag-britney-spears","9":"tag-entertainment","10":"tag-entretenimiento","11":"tag-es","12":"tag-espana","13":"tag-music","14":"tag-musica","15":"tag-spain"},"share_on_mastodon":{"url":"https:\/\/pubeurope.com\/@es\/115486100386308900","error":""},"_links":{"self":[{"href":"https:\/\/www.europesays.com\/es\/wp-json\/wp\/v2\/posts\/216315","targetHints":{"allow":["GET"]}}],"collection":[{"href":"https:\/\/www.europesays.com\/es\/wp-json\/wp\/v2\/posts"}],"about":[{"href":"https:\/\/www.europesays.com\/es\/wp-json\/wp\/v2\/types\/post"}],"author":[{"embeddable":true,"href":"https:\/\/www.europesays.com\/es\/wp-json\/wp\/v2\/users\/2"}],"replies":[{"embeddable":true,"href":"https:\/\/www.europesays.com\/es\/wp-json\/wp\/v2\/comments?post=216315"}],"version-history":[{"count":0,"href":"https:\/\/www.europesays.com\/es\/wp-json\/wp\/v2\/posts\/216315\/revisions"}],"wp:featuredmedia":[{"embeddable":true,"href":"https:\/\/www.europesays.com\/es\/wp-json\/wp\/v2\/media\/216316"}],"wp:attachment":[{"href":"https:\/\/www.europesays.com\/es\/wp-json\/wp\/v2\/media?parent=216315"}],"wp:term":[{"taxonomy":"category","embeddable":true,"href":"https:\/\/www.europesays.com\/es\/wp-json\/wp\/v2\/categories?post=216315"},{"taxonomy":"post_tag","embeddable":true,"href":"https:\/\/www.europesays.com\/es\/wp-json\/wp\/v2\/tags?post=216315"}],"curies":[{"name":"wp","href":"https:\/\/api.w.org\/{rel}","templated":true}]}}