{"id":216361,"date":"2025-11-03T14:30:11","date_gmt":"2025-11-03T14:30:11","guid":{"rendered":"https:\/\/www.europesays.com\/es\/216361\/"},"modified":"2025-11-03T14:30:11","modified_gmt":"2025-11-03T14:30:11","slug":"casi-una-tonelada-de-residuos-reciclables-se-recupero-en-el-giro-de-rigo-2025-en-barranquilla","status":"publish","type":"post","link":"https:\/\/www.europesays.com\/es\/216361\/","title":{"rendered":"Casi una tonelada de residuos reciclables se recuper\u00f3 en el Giro de Rigo 2025 en Barranquilla"},"content":{"rendered":"<p>En el marco del <a href=\"https:\/\/caracol.com.co\/2025\/11\/03\/giro-de-rigo-dejo-mas-de-60-mil-millones-en-ganancias-y-90-de-ocupacion-hotelera-en-el-atlantico\/\" target=\"_self\" rel=\"nofollow noopener\" title=\"https:\/\/caracol.com.co\/2025\/11\/03\/giro-de-rigo-dejo-mas-de-60-mil-millones-en-ganancias-y-90-de-ocupacion-hotelera-en-el-atlantico\/\"><b>Giro de Rigo 2025, edici\u00f3n El Carnaval<\/b><\/a>, realizado este domingo en Barranquilla, los recicladores de oficio protagonizaron una destacada labor ambiental. Mientras miles de ciclistas recorr\u00edan la ciudad, ellos recolectaron <b>16 tulas de residuos reciclables<\/b>, equivalentes a <b>casi una tonelada de materiales aprovechables<\/b>.<\/p>\n<p><a href=\"https:\/\/chat.whatsapp.com\/DPFad0l7oVbDW4ESWjSAv7\" rel=\"nofollow noopener\" title=\"https:\/\/chat.whatsapp.com\/DPFad0l7oVbDW4ESWjSAv7\" target=\"_blank\"><b>Ent\u00e9rate de lo que pasa en Barranquilla y el Atl\u00e1ntico: haga clic ac\u00e1 para ser parte del grupo de noticias en WhatsApp<\/b><\/a><\/p>\n<p>Del total, se contabilizaron <b>11 tulas de botellas PET, 3 de aluminio y 2 de materiales variados<\/b>, entre ellos cart\u00f3n, pl\u00e1stico flexible y plegadiza. En conjunto, estos residuos sumaron un volumen de <b>20,16 metros c\u00fabicos<\/b>, similar al espacio que ocupar\u00eda un contenedor mediano, una habitaci\u00f3n o una piscina de tama\u00f1o promedio.<\/p>\n<p><b>De los residuos al aprovechamiento sostenible<\/b><\/p>\n<p>La recolecci\u00f3n no solo contribuye a mantener limpia la ciudad, sino que tambi\u00e9n refuerza la <b>cadena de aprovechamiento y econom\u00eda circular<\/b>, ya que los materiales ser\u00e1n transformados para volver a ser utilizados como materia prima.<\/p>\n<p>M\u00e1s informaci\u00f3n<\/p>\n<p>\u201cNo solamente estamos recuperando materiales aprovechables, como las botellas pl\u00e1sticas o las latas de aluminio, que luego se reincorporan a la producci\u00f3n. Tambi\u00e9n estamos haciendo visible y dignificando el oficio de nuestros recicladores\u201d, explic\u00f3 <b>Dina Luz Pardo<\/b>, jefa de la Oficina de Servicios P\u00fablicos de Barranquilla.<\/p>\n<p>Pardo resalt\u00f3 que el esfuerzo conjunto entre recicladores, comunidad, organizadores del evento y la Alcald\u00eda demuestra el compromiso con una <b>Barranquilla limpia, segura y sostenible<\/b>, y con la promoci\u00f3n de <b>eventos deportivos responsables con el medioambiente<\/b>.<\/p>\n","protected":false},"excerpt":{"rendered":"En el marco del Giro de Rigo 2025, edici\u00f3n El Carnaval, realizado este domingo en Barranquilla, los recicladores&hellip;\n","protected":false},"author":2,"featured_media":216362,"comment_status":"","ping_status":"","sticky":false,"template":"","format":"standard","meta":{"footnotes":""},"categories":[273],"tags":[313,312,168,25,24,23,167],"class_list":{"0":"post-216361","1":"post","2":"type-post","3":"status-publish","4":"format-standard","5":"has-post-thumbnail","7":"category-ciclismo","8":"tag-ciclismo","9":"tag-cycling","10":"tag-deportes","11":"tag-es","12":"tag-espana","13":"tag-spain","14":"tag-sports"},"share_on_mastodon":{"url":"https:\/\/pubeurope.com\/@es\/115486249618290540","error":""},"_links":{"self":[{"href":"https:\/\/www.europesays.com\/es\/wp-json\/wp\/v2\/posts\/216361","targetHints":{"allow":["GET"]}}],"collection":[{"href":"https:\/\/www.europesays.com\/es\/wp-json\/wp\/v2\/posts"}],"about":[{"href":"https:\/\/www.europesays.com\/es\/wp-json\/wp\/v2\/types\/post"}],"author":[{"embeddable":true,"href":"https:\/\/www.europesays.com\/es\/wp-json\/wp\/v2\/users\/2"}],"replies":[{"embeddable":true,"href":"https:\/\/www.europesays.com\/es\/wp-json\/wp\/v2\/comments?post=216361"}],"version-history":[{"count":0,"href":"https:\/\/www.europesays.com\/es\/wp-json\/wp\/v2\/posts\/216361\/revisions"}],"wp:featuredmedia":[{"embeddable":true,"href":"https:\/\/www.europesays.com\/es\/wp-json\/wp\/v2\/media\/216362"}],"wp:attachment":[{"href":"https:\/\/www.europesays.com\/es\/wp-json\/wp\/v2\/media?parent=216361"}],"wp:term":[{"taxonomy":"category","embeddable":true,"href":"https:\/\/www.europesays.com\/es\/wp-json\/wp\/v2\/categories?post=216361"},{"taxonomy":"post_tag","embeddable":true,"href":"https:\/\/www.europesays.com\/es\/wp-json\/wp\/v2\/tags?post=216361"}],"curies":[{"name":"wp","href":"https:\/\/api.w.org\/{rel}","templated":true}]}}