{"id":216368,"date":"2025-11-03T14:37:15","date_gmt":"2025-11-03T14:37:15","guid":{"rendered":"https:\/\/www.europesays.com\/es\/216368\/"},"modified":"2025-11-03T14:37:15","modified_gmt":"2025-11-03T14:37:15","slug":"ha-sido-la-edicion-mas-dura","status":"publish","type":"post","link":"https:\/\/www.europesays.com\/es\/216368\/","title":{"rendered":"Ha sido la edici\u00f3n m\u00e1s dura"},"content":{"rendered":"<p id=\"e6r3_9tlnS\" data-wc=\"67\">Sandra Barneda ha puesto el broche de oro a la que ella misma ha considerado como<strong>\u00a0\u00abla edici\u00f3n m\u00e1s dura\u00bb de\u00a0<\/strong><strong>Supervivientes All Stars<\/strong>, que este jueves coron\u00f3 a <strong>Rub\u00e9n Torres como su campe\u00f3n<\/strong>. Tras 56 d\u00edas de concurso y un televoto muy re\u00f1ido, el p\u00fablico le escogi\u00f3 para llevarse el codiciado cheque de 50.000 euros, en una final a la que lleg\u00f3 junto a Jessica Bueno.\u00a0<\/p>\n<p> <img src=\"https:\/\/www.europesays.com\/es\/wp-content\/uploads\/2025\/11\/79337b5e374f-sandra-barneda.jpg\"   width=\"1024\" height=\"680\" loading=\"lazy\" decoding=\"async\" alt=\"Media Image\" fetchpriority=\"auto\" class=\"image ho-image\"\/><\/p>\n<p id=\"eLID_kBWt8g\" data-wc=\"80\">Este domingo, la presentadora del debate del reality\u00a0de Telecinco se ha emocionado enormemente al cerrar un nuevo cap\u00edtulo televisivo, uno en el que ha querido agradecer el esfuerzo diario de todo el equipo, incluidos los concursantes, <a class=\"hm-link ho-link\" href=\"https:\/\/www.hola.com\/actualidad\/20251031864745\/torres-ganador-supervivientes-all-stars\/\" rel=\"noopener nofollow\" target=\"_blank\" data-mrf-recirculation=\"article-body-link\">volcado en que el programa pudiera salir adelante entre viento, marea, sol y exhaustivas pruebas f\u00edsicas y mentales<\/a>. \u00abEllos han sido los verdaderos protagonistas de una edici\u00f3n que ha sido la considerada y m\u00e1s dura de Supervivientes\u00a0hasta ahora\u00bb, ha expresado, visiblemente emocionada.\u00a0<\/p>\n<p> <img src=\"https:\/\/www.europesays.com\/es\/wp-content\/uploads\/2025\/11\/02c5201c46a0-captura-de-pantalla-2025-10-30-214906.png\"   width=\"1024\" height=\"576\" loading=\"lazy\" decoding=\"async\" alt=\"Rub\u00e9n Torres recibe el premio de 50.000 euros\" fetchpriority=\"auto\" class=\"image ho-image\"\/>\u00a9 MediasetRub\u00e9n Torres recibe el premio de 50.000 euros<\/p>\n<p> <img src=\"https:\/\/www.europesays.com\/es\/wp-content\/uploads\/2025\/11\/eaa93def1128-captura-de-pantalla-2025-10-30-214643.png\"   width=\"1024\" height=\"576\" loading=\"lazy\" decoding=\"async\" alt=\"El bombero se convierte en ganador\" fetchpriority=\"auto\" class=\"image ho-image\"\/>\u00a9 MediasetEl bombero se convierte en ganador<\/p>\n<p id=\"e21_wJTfJSS\" data-wc=\"81\">\u00abEn nombre de Laura, de Jorge y de todo el equipazo\u00a0que forma Supervivientes. <strong>Os damos las gracias m\u00e1s sinceras.<\/strong> Gracias por entregaros, gracias por ponerlo tan f\u00e1cil, porque lo hab\u00e9is pasado mal y<strong>\u00a0gracias por ser supervivientes<\/strong> cada uno de vosotros&#8230; oro\u00bb, ha continuado, al borde del llanto. Adem\u00e1s de confirmar que la cadena est\u00e1 preparando una nueva edici\u00f3n, la noche ha dado para mucho, sobre todo porque Sandra se ha reencontrado con su expareja, Nagore Robles, en el plat\u00f3.\u00a0<\/p>\n<p> <img src=\"https:\/\/www.europesays.com\/es\/wp-content\/uploads\/2025\/11\/a4a86fbdde5a-5.png\"   width=\"1024\" height=\"573\" loading=\"lazy\" decoding=\"async\" alt=\"Alejandro y Miri en Supervivientes \" fetchpriority=\"auto\" class=\"image ho-image\"\/>\u00a9 MediasetAlejandro y Miri en Supervivientes <\/p>\n<p id=\"eoOFxibI771\" data-wc=\"91\">La semana de estrenos de la cadena, que presenta una nueva edici\u00f3n de<strong>\u00a0La Isla de las Tentaciones<\/strong> y de <strong>Gran Hermano\u00a0<\/strong>-que cumple su edici\u00f3n n\u00famero 20-, ha llevado a ambas a compartir espacio en el programa de este domingo. \u00abLos lunes y tambi\u00e9n todos los martes y mi\u00e9rcoles, pon\u00e9oslo en la alarma, a las 21.45 horas\u00bb, recordaba Sandra y apuntaba algo: \u00abHay m\u00e1s, la semana que viene estamos de estreno, el jueves tambi\u00e9n estrenamos\u00bb, momento en el que daba paso al plat\u00f3 a la que fuera su expareja, Nagore. \u00a0<\/p>\n<p> <img src=\"https:\/\/www.europesays.com\/es\/wp-content\/uploads\/2025\/11\/4c4d0221cfe8-captura-de-pantalla-2025-11-03-132041.jpg\"   width=\"1024\" height=\"564\" loading=\"lazy\" decoding=\"async\" alt=\"El reencuentro entre Nagore Robles y Sandra Barneda en el debate de 'Supervivientes All Stars 2'\" fetchpriority=\"auto\" class=\"image ho-image\"\/>\u00a9 TelecincoEl reencuentro entre Nagore Robles y Sandra Barneda en el debate de &#8216;Supervivientes All Stars 2&#8217;<\/p>\n<p id=\"ehEC171E7pe\" data-wc=\"108\">\u00abEl mi\u00e9rcoles termino ya Uno de GH20\u00a0en Mediaset Infinity y ser\u00e1 el segundo concursante que entre directamente a Gran Hermano 20\u00bb, contaba Nagore, momento en el que la nueva casa abrir\u00e1 sus puertas, de la que hablaba: \u00abEs la m\u00e1s grande de\u00a0Gran Hermano\u00a0del mundo, no hay ninguna casa m\u00e1s grande que esa\u00bb. Y Sandra reaccionaba: \u00abQu\u00e9 grandes somos los espa\u00f1oles, \u00bfeh?\u00bb. Pero esto no era todo, pues Nagore se encarg\u00f3 de soltar la bomba en directo: <strong>\u00abYo voy a copresentar con Jorge Javier\u00bb<\/strong>, una noticia que, sin duda, sac\u00f3 una sonrisa a su expareja. <strong>\u00abToma ya, oye qu\u00e9 bien, felicidades. Me parece fant\u00e1stico\u00bb<\/strong>, dijo Barneda.<\/p>\n<p> <img src=\"https:\/\/www.europesays.com\/es\/wp-content\/uploads\/2025\/11\/c66b5c0c385b-captura-de-pantalla-2025-11-03-132211.jpg\"   width=\"1024\" height=\"489\" loading=\"lazy\" decoding=\"async\" alt=\"Nagore Robles anunci\u00f3 el domingo que va a copresentar la gala de 'Gran Hermano 20' junto a Jorge Javier V\u00e1zquez\" fetchpriority=\"auto\" class=\"image ho-image\"\/>\u00a9 TelecincoNagore Robles anunci\u00f3 el domingo que va a copresentar la gala de &#8216;Gran Hermano 20&#8217; junto a Jorge Javier V\u00e1zquez<br \/>\n\u00abHay que vivir con la ausencia\u00bb<\/p>\n<p id=\"ecsYy0gCh-\" data-wc=\"114\">El pasado mes de septiembre, Sandra Barneda volvi\u00f3 al trabajo despu\u00e9s de pasar uno de los veranos m\u00e1s complicados a causa de <a class=\"hm-link ho-link\" href=\"https:\/\/www.hola.com\/actualidad\/20250327822710\/sandra-barneda-muerte-sobrino-jesus-calleja\/\" data-mrf-recirculation=\"article-body-link\" rel=\"nofollow noopener\" target=\"_blank\">la p\u00e9rdida de su sobrino Neo, de tan solo 20 a\u00f1os<\/a>. \u00ab<strong>El verano ha ido bien; ha sido un verano muy en familia, y ha ido bien dentro de las circunstancias<\/strong>\u00ab, declar\u00f3 Barneda a la revista Pronto\u00a0durante la XVII edici\u00f3n del FesTVal de Vitoria. Inevitablemente, \u00ab<strong>ha sido un verano en el que la tristeza tambi\u00e9n ha cabalgado<\/strong>\u00ab, reconoci\u00f3, pues la muerte del joven provoc\u00f3 un profundo dolor en sus seres queridos. \u00abHay que ir asumiendo, si se puede, o acostumbr\u00e1ndose, a <strong>vivir con una ausencia,\u00a0<\/strong>y eso no siempre es f\u00e1cil\u00bb.\u00a0<\/p>\n","protected":false},"excerpt":{"rendered":"Sandra Barneda ha puesto el broche de oro a la que ella misma ha considerado como\u00a0\u00abla edici\u00f3n m\u00e1s&hellip;\n","protected":false},"author":2,"featured_media":216369,"comment_status":"","ping_status":"","sticky":false,"template":"","format":"standard","meta":{"footnotes":""},"categories":[171],"tags":[517,146,147,25,24,3056,4253,23,3947,692,807,214],"class_list":{"0":"post-216368","1":"post","2":"type-post","3":"status-publish","4":"format-standard","5":"has-post-thumbnail","7":"category-tv","8":"tag-actualidad","9":"tag-entertainment","10":"tag-entretenimiento","11":"tag-es","12":"tag-espana","13":"tag-nagore-robles","14":"tag-sandra-barneda","15":"tag-spain","16":"tag-supervivientes","17":"tag-telecinco","18":"tag-television","19":"tag-tv"},"share_on_mastodon":{"url":"https:\/\/pubeurope.com\/@es\/115486277951686746","error":""},"_links":{"self":[{"href":"https:\/\/www.europesays.com\/es\/wp-json\/wp\/v2\/posts\/216368","targetHints":{"allow":["GET"]}}],"collection":[{"href":"https:\/\/www.europesays.com\/es\/wp-json\/wp\/v2\/posts"}],"about":[{"href":"https:\/\/www.europesays.com\/es\/wp-json\/wp\/v2\/types\/post"}],"author":[{"embeddable":true,"href":"https:\/\/www.europesays.com\/es\/wp-json\/wp\/v2\/users\/2"}],"replies":[{"embeddable":true,"href":"https:\/\/www.europesays.com\/es\/wp-json\/wp\/v2\/comments?post=216368"}],"version-history":[{"count":0,"href":"https:\/\/www.europesays.com\/es\/wp-json\/wp\/v2\/posts\/216368\/revisions"}],"wp:featuredmedia":[{"embeddable":true,"href":"https:\/\/www.europesays.com\/es\/wp-json\/wp\/v2\/media\/216369"}],"wp:attachment":[{"href":"https:\/\/www.europesays.com\/es\/wp-json\/wp\/v2\/media?parent=216368"}],"wp:term":[{"taxonomy":"category","embeddable":true,"href":"https:\/\/www.europesays.com\/es\/wp-json\/wp\/v2\/categories?post=216368"},{"taxonomy":"post_tag","embeddable":true,"href":"https:\/\/www.europesays.com\/es\/wp-json\/wp\/v2\/tags?post=216368"}],"curies":[{"name":"wp","href":"https:\/\/api.w.org\/{rel}","templated":true}]}}