{"id":216389,"date":"2025-11-03T14:52:10","date_gmt":"2025-11-03T14:52:10","guid":{"rendered":"https:\/\/www.europesays.com\/es\/216389\/"},"modified":"2025-11-03T14:52:10","modified_gmt":"2025-11-03T14:52:10","slug":"s-sara-sorribes-vuelve-tras-la-crisis-mental-lo-hago-con-otra-mirada-simplemente-por-placer-tenis-deportes","status":"publish","type":"post","link":"https:\/\/www.europesays.com\/es\/216389\/","title":{"rendered":"S: Sara Sorribes vuelve tras la crisis mental: \u201cLo hago con otra mirada, simplemente por placer\u201d | Tenis | Deportes"},"content":{"rendered":"<p class=\"\">Sara Sorribes regresar\u00e1 a las pistas pr\u00f3ximamente despu\u00e9s de haber hecho una pausa de siete meses para proteger su salud f\u00edsica y mental. La tenista, de 29 a\u00f1os, decidi\u00f3 interrumpir su carrera a mediados de abril de manera temporal, pero antes de que finalice la temporada reaparecer\u00e1 en la competici\u00f3n. Lo har\u00e1 el 17 de noviembre en Latinoam\u00e9rica, seg\u00fan transmiti\u00f3 este lunes por medio de uno de sus patrocinadores. La valenciana <a href=\"https:\/\/elpais.com\/deportes\/tenis\/2025-04-17\/sara-sorribes-decide-parar-sufro-desde-hace-meses-he-perdido-la-ilusion.html\" target=\"_self\" rel=\"nofollow noopener\" title=\"https:\/\/elpais.com\/deportes\/tenis\/2025-04-17\/sara-sorribes-decide-parar-sufro-desde-hace-meses-he-perdido-la-ilusion.html\">comunic\u00f3 en abril que hab\u00eda perdido la \u201cilusi\u00f3n\u201d<\/a> y que ya no solo no disfrutaba del tenis, sino que \u201clo sufr\u00eda\u201d desde hace tiempo. Ahora, con las pilas cargadas, la tenista reemprender\u00e1 la actividad enfoc\u00e1ndose ya en el pr\u00f3ximo curso.<\/p>\n<p class=\"\">\u201cHan sido meses muy especiales. Por primera vez en mucho tiempo he podido parar, respirar y vivir la vida sin la presi\u00f3n constante de competir. He hecho cosas que siempre hab\u00eda querido hacer y nunca encontraba el momento\u201d, se\u00f1ala Sorribes en la nota de prensa difundida por Nara Seguros. Entre esas cosas, la deportista, <a href=\"https:\/\/elpais.com\/deportes\/juegos-olimpicos\/2024-08-04\/sara-sorribes-y-cristina-bucsa-ganan-el-bronce-en-dobles.html\" target=\"_self\" rel=\"nofollow noopener\" title=\"https:\/\/elpais.com\/deportes\/juegos-olimpicos\/2024-08-04\/sara-sorribes-y-cristina-bucsa-ganan-el-bronce-en-dobles.html\">medalla de bronce en los \u00faltimos Juegos Ol\u00edmpicos<\/a>, menciona el yoga, invertir m\u00e1s tiempo con su familia y aprender a tocar el piano. Es decir, un periodo reflexivo e introspectivo indispensable para seguir adelante, dice; de hecho, considera que el par\u00f3n es \u201cuna de las mejores decisiones\u201d de su vida. M\u00e1s all\u00e1 de las lesiones, su cabeza \u201cnecesitaba un descanso\u201d.<\/p>\n<p>M\u00e1s informaci\u00f3n<\/p>\n<p class=\"\">\u201cComo deportista, tienes la sensaci\u00f3n de que est\u00e1s fallando, de que no deber\u00edas parar. Pero entend\u00ed que cuidar de m\u00ed era lo m\u00e1s importante. Estoy muy orgullosa de haberlo hecho\u201d, precisa Sorribes, una competidora que <a href=\"https:\/\/elpais.com\/deportes\/2013\/05\/04\/actualidad\/1367694106_884883.html\" target=\"_self\" rel=\"nofollow noopener\" title=\"https:\/\/elpais.com\/deportes\/2013\/05\/04\/actualidad\/1367694106_884883.html\">accedi\u00f3 al circuito de \u00e9lite en 2015<\/a>, cuando ten\u00eda 18 a\u00f1os. La suya, como la de tantas otras profesionales, ha sido una trayectoria que ha transcurrido a toda velocidad, bajo la exigente din\u00e1mica del d\u00eda a d\u00eda y los torneos. En marzo de 2021 gan\u00f3 su primer trofeo individual, en Guadalajara (M\u00e9xico), y dos a\u00f1os despu\u00e9s logr\u00f3 otro en Cleveland. No obstante, su mayor reconocimiento lleg\u00f3 en el verano de 2024, cuando logr\u00f3 el metal ol\u00edmpico en Par\u00eds.<\/p>\n<p class=\"\">All\u00ed obtuvo el tercer puesto en la modalidad de dobles de la mano de la c\u00e1ntabra Cristina Bucsa, pero entonces ya manten\u00eda un duro tira y afloja con las lesiones. El malestar f\u00edsico se tradujo progresivamente en inestabilidad emocional, y de ah\u00ed la interrupci\u00f3n que, recalca, le ha permitido conocerse mucho mejor. \u201cHe aprendido el valor de hablar, de pedir ayuda y de no esconder lo que te pasa. Durante mucho tiempo intentas seguir adelante sin mostrar debilidad, pero cuando te atreves a compartirlo, cuando lo dices en voz alta, algo cambia. Te sientes escuchada, comprendida, y eso ya es un paso enorme\u201d, apunta Sorribes, que ahora es \u201cm\u00e1s amable\u201d consigo misma.<\/p>\n<p><b>Humanizarse<\/b><\/p>\n<p class=\"\">\u201cTambi\u00e9n he aprendido a no exigirme tanto y a aceptar que hay momentos buenos y otros no tanto, y que <a href=\"https:\/\/elpais.com\/deportes\/2022-05-03\/sara-sorribes-vence-a-kasatkina-y-llega-a-los-cuartos-de-madrid.html\" target=\"_self\" rel=\"nofollow noopener\" title=\"https:\/\/elpais.com\/deportes\/2022-05-03\/sara-sorribes-vence-a-kasatkina-y-llega-a-los-cuartos-de-madrid.html\">todos forman parte del camino<\/a>\u201d, prosigue, al tiempo que precisa que en septiembre sinti\u00f3 que hab\u00eda llegado un punto de inflexi\u00f3n y que estaba preparada para el retorno. En ese instante retom\u00f3 la actividad f\u00edsica \u2014carreras por la monta\u00f1a, gimnasio y p\u00e1del\u2014 y volvi\u00f3 a disfrutar del deporte \u201csin exigencias, simplemente por placer\u201d, del mismo modo que recuper\u00f3 la confianza y la fortaleza perdidas. \u201cQuer\u00eda volver, pero de otro modo, con otra mirada. Y creo que ha llegado en el momento perfecto\u201d, puntualiza la espa\u00f1ola, que en febrero de 2022 lleg\u00f3 a ser la 32\u00aa del mundo.<\/p>\n<p class=\"\">Para dar con su \u00faltimo partido hay que rebobinar al 11 de abril, <a href=\"https:\/\/elpais.com\/deportes\/tenis\/2025-04-11\/sorribes-y-bouzas-fulminan-a-brasil.html\" target=\"_self\" rel=\"nofollow noopener\" title=\"https:\/\/elpais.com\/deportes\/tenis\/2025-04-11\/sorribes-y-bouzas-fulminan-a-brasil.html\">cuando bati\u00f3 a la brasile\u00f1a Laura Pigossi<\/a> durante una serie clasificatoria de la Billie Jean King Cup, en Ostrava. La semana siguiente anunci\u00f3 su decisi\u00f3n y desde entonces ha ido cayendo en el ranking de la WTA: del puesto 85 al 331 en la modalidad individual, y del 40 al 117 en la de dobles, categor\u00eda en la que ha ganado seis t\u00edtulos, con los de Pek\u00edn (2023) y <a href=\"https:\/\/elpais.com\/deportes\/tenis\/2024-05-05\/sorribes-y-bucsa-primeras-espanolas-en-ganar-el-dobles-en-madrid-se-postulan-para-los-juegos-ojala-estemos-ahi.html\" target=\"_self\" rel=\"nofollow noopener\" title=\"https:\/\/elpais.com\/deportes\/tenis\/2024-05-05\/sorribes-y-bucsa-primeras-espanolas-en-ganar-el-dobles-en-madrid-se-postulan-para-los-juegos-ojala-estemos-ahi.html\">Madrid (2024)<\/a> a la cabeza. Ahora, Sorribes, natural de Vall de Ux\u00f3 (Castell\u00f3n), siente que todav\u00eda tiene margen para \u201cseguir creciendo\u201d como jugadora y \u201cvolver a intentarlo\u201d, despu\u00e9s de un proceso personal que la ha hecho \u201cm\u00e1s fuerte, pero tambi\u00e9n m\u00e1s humana\u201d.<\/p>\n<p class=\"\">Es, por tanto, la hora de regresar a las pistas, ejemplo ah\u00ed de garra y compromiso: \u201cTen\u00eda miedo, pero cuando lo hice sent\u00ed una mezcla de nervios, respeto y felicidad. Fue precioso y me record\u00f3 por qu\u00e9 amo este deporte\u201d. \u201cSi hubiera esperado m\u00e1s\u201d, matiza, \u201cquiz\u00e1s me habr\u00eda costado reencontrar ese impulso\u201d.<\/p>\n<p>CARRE\u00d1O, LA QUINTA PIEZA EN BOLONIA<\/p>\n<p>A. C. | Madrid<\/p>\n<p class=\"ql-align-justify\">La Real Federaci\u00f3n Espa\u00f1ola de Tenis (RFET) inform\u00f3 este lunes de que Pablo Carre\u00f1o ser\u00e1 el quinto representante del equipo espa\u00f1ol en la fase final de la Copa Davis, que tendr\u00e1 lugar del 18 al 23 de noviembre en Bolonia. El asturiano, de 34 a\u00f1os, ha sido el hombre seleccionado por el capit\u00e1n David Ferrer, quien hace dos semanas anunci\u00f3 una lista en la que constan Carlos Alcaraz, Pedro Mart\u00ednez, Jaume Munar y el doblista Marcel Granollers.<\/p>\n<p class=\"ql-align-justify\">Cabe recordar que Carre\u00f1o, castigado seriamente por las lesiones durante los \u00faltimos tiempos, firm\u00f3 el punto que culmin\u00f3 la hist\u00f3rica remontada de Espa\u00f1a ante Dinamarca en septiembre, durante el cruce clasificatorio (3-2) que acogi\u00f3 el Club Tenis de Puente Romano, Marbella. Previamente, en febrero, el bloque dirigido por Ferrer super\u00f3 a Suiza en el primer compromiso, en Biel (1-3). El jueves 20, le aguarda la Rep\u00fablica Checa en los cuartos de final.<\/p>\n","protected":false},"excerpt":{"rendered":"Sara Sorribes regresar\u00e1 a las pistas pr\u00f3ximamente despu\u00e9s de haber hecho una pausa de siete meses para proteger&hellip;\n","protected":false},"author":2,"featured_media":216390,"comment_status":"","ping_status":"","sticky":false,"template":"","format":"standard","meta":{"footnotes":""},"categories":[274],"tags":[1540,168,927,25,24,4474,58051,23,167,327,26588,11759,326,5906],"class_list":{"0":"post-216389","1":"post","2":"type-post","3":"status-publish","4":"format-standard","5":"has-post-thumbnail","7":"category-tenis","8":"tag-competiciones","9":"tag-deportes","10":"tag-deportistas","11":"tag-es","12":"tag-espana","13":"tag-salud-mental","14":"tag-sara-sorribes","15":"tag-spain","16":"tag-sports","17":"tag-tenis","18":"tag-tenis-femenino","19":"tag-tenistas","20":"tag-tennis","21":"tag-wta-tour"},"share_on_mastodon":{"url":"https:\/\/pubeurope.com\/@es\/115486336349063487","error":""},"_links":{"self":[{"href":"https:\/\/www.europesays.com\/es\/wp-json\/wp\/v2\/posts\/216389","targetHints":{"allow":["GET"]}}],"collection":[{"href":"https:\/\/www.europesays.com\/es\/wp-json\/wp\/v2\/posts"}],"about":[{"href":"https:\/\/www.europesays.com\/es\/wp-json\/wp\/v2\/types\/post"}],"author":[{"embeddable":true,"href":"https:\/\/www.europesays.com\/es\/wp-json\/wp\/v2\/users\/2"}],"replies":[{"embeddable":true,"href":"https:\/\/www.europesays.com\/es\/wp-json\/wp\/v2\/comments?post=216389"}],"version-history":[{"count":0,"href":"https:\/\/www.europesays.com\/es\/wp-json\/wp\/v2\/posts\/216389\/revisions"}],"wp:featuredmedia":[{"embeddable":true,"href":"https:\/\/www.europesays.com\/es\/wp-json\/wp\/v2\/media\/216390"}],"wp:attachment":[{"href":"https:\/\/www.europesays.com\/es\/wp-json\/wp\/v2\/media?parent=216389"}],"wp:term":[{"taxonomy":"category","embeddable":true,"href":"https:\/\/www.europesays.com\/es\/wp-json\/wp\/v2\/categories?post=216389"},{"taxonomy":"post_tag","embeddable":true,"href":"https:\/\/www.europesays.com\/es\/wp-json\/wp\/v2\/tags?post=216389"}],"curies":[{"name":"wp","href":"https:\/\/api.w.org\/{rel}","templated":true}]}}