{"id":216391,"date":"2025-11-03T14:53:15","date_gmt":"2025-11-03T14:53:15","guid":{"rendered":"https:\/\/www.europesays.com\/es\/216391\/"},"modified":"2025-11-03T14:53:15","modified_gmt":"2025-11-03T14:53:15","slug":"igor-anton-guia-a-la-nuevas-generaciones","status":"publish","type":"post","link":"https:\/\/www.europesays.com\/es\/216391\/","title":{"rendered":"Igor Ant\u00f3n gu\u00eda a la nuevas generaciones"},"content":{"rendered":"<p>\n        La <strong>Gran V\u00eda<\/strong> de <a href=\"https:\/\/www.deia.eus\/bilbao\/\" title=\"Bilbao\" class=\"link copy\" rel=\"nofollow noopener\" target=\"_blank\">Bilbao <\/a>volvi\u00f3 a ver <strong>este lunes<\/strong> por<strong> la ma\u00f1ana pedalear<\/strong> a<strong> Igor Ant\u00f3n<\/strong>, el <strong>mismo <\/strong>que<strong> en 2011<\/strong> levant\u00f3 l<strong>os brazos en esa avenida tras ganar una etapa de la Vuelta<\/strong>. Esta vez,<strong> sin cron\u00f3metro ni rivales,<\/strong> rod\u00f3 a<strong> otro ritmo, <\/strong>el de quien <strong>disfruta del camino<\/strong> y transmite su <strong>experiencia a nuevas generaciones.<\/strong>\n<\/p>\n<p class=\"article-photo__footer\">\n            Igor Ant\u00f3n recuerda con ilusi\u00f3n su victoria en la Gran V\u00eda de Bilbao en la Vuelta de 2011.            Deia        <\/p>\n<p class=\"article-body__text \">\n        Con el <strong>maillot amarillo del Galdakao Txirrindulari Elkartea -Gela-<\/strong>, la escuela donde entrena a m\u00e1s de <strong>cuarenta j\u00f3venes<\/strong>, Ant\u00f3n mantiene<strong> intacta su conexi\u00f3n <\/strong>con la bicicleta.<strong> \u201cEl ciclismo no es mi pasi\u00f3n, es mi vida\u201d<\/strong>, resume el exciclista, que ahora dedica su tiempo a ense\u00f1ar y a fomentar el <strong>respeto en el deporte y la seguridad en la carretera.<\/strong>\n<\/p>\n<p>  <strong>Cantera con futuro<\/strong><\/p>\n<p class=\"article-body__text \">\n        <strong>\u201cNo veo la bici solo como un deporte, sino como un valor\u201d,<\/strong> asegura. En su escuela, los ni\u00f1os y ni\u00f1as comienzan <strong>desde los cinco a\u00f1os y no salen a la carretera hasta los doce.<\/strong> <strong>\u201cLes inculcamos responsabilidad y precauci\u00f3n, queremos que disfruten sin riesgos\u201d<\/strong>, ha explicado este lunes aprovechando la presentaci\u00f3n de la <a href=\"https:\/\/www.deia.eus\/bilbao\/2025\/11\/03\/bicicletada-bilbao-pedalea-buena-causa-rural-kutxa-dya-bizkaia-10298210.html\" title=\"Bicicletada.\" class=\"link copy\" rel=\"nofollow noopener\" target=\"_blank\">Bicicletada.<\/a>\n<\/p>\n<p>            <a href=\"https:\/\/www.deia.eus\/bilbao\/2025\/11\/03\/bicicletada-bilbao-pedalea-buena-causa-rural-kutxa-dya-bizkaia-10298210.html\" title=\"Bilbao pedalea por una buena causa con la VIII Bicicletada Rural Kutxa a favor de la DYA Bizkaia\" class=\"new__media\" rel=\"nofollow noopener\" target=\"_blank\"><\/p>\n<p>                <img alt=\"Bilbao pedalea por una buena causa con la VIII Bicicletada Rural Kutxa a favor de la DYA Bizkaia\" data-src=\"https:\/\/www.europesays.com\/es\/wp-content\/uploads\/2025\/11\/273ba1b9-b31e-4de6-84f4-2f5e0bef3590_16-9-aspect-ratio_default_0.jpg\" class=\"lozad\"\/><\/p>\n<p>        <\/a><\/p>\n<p>        <a href=\"https:\/\/www.deia.eus\/bilbao\/2025\/11\/03\/bicicletada-bilbao-pedalea-buena-causa-rural-kutxa-dya-bizkaia-10298210.html\" title=\"Bilbao pedalea por una buena causa con la VIII Bicicletada Rural Kutxa a favor de la DYA Bizkaia\" class=\"new__headline\" rel=\"nofollow noopener\" target=\"_blank\"><br \/>\n            Bilbao pedalea por una buena causa con la VIII Bicicletada Rural Kutxa a favor de la DYA Bizkaia<br \/>\n        <\/a><\/p>\n<p>  Dos tiradas largas por semana<\/p>\n<p class=\"article-body__text \">\n        Ant\u00f3n <strong>contin\u00faa entrenando un par de veces por semana<\/strong>. <strong>\u201cMe gustar\u00eda salir m\u00e1s, pero me adapto al ritmo de los alumnos\u201d<\/strong>, admite. Destaca el <strong>avance de Bizkaia<\/strong> en la creaci\u00f3n de <strong>bidegorris<\/strong> y en la <strong>conciencia sobre movilidad sostenible<\/strong>, aunque advierte que a\u00fan <strong>\u201cfaltan conductores que respeten el metro y medio de distancia\u201d.<\/strong>\n<\/p>\n<p>            <a href=\"https:\/\/www.deia.eus\/bilbao\/2025\/10\/19\/bilbao-multa-patinetes-bicicletas-primera-10230524.html\" title=\"Bilbao multa m\u00e1s a los patinetes que a las bicicletas por primera vez\" class=\"new__media\" rel=\"nofollow noopener\" target=\"_blank\"><\/p>\n<p>                <img alt=\"Bilbao multa m\u00e1s a los patinetes que a las bicicletas por primera vez\" data-src=\"https:\/\/www.europesays.com\/es\/wp-content\/uploads\/2025\/11\/d9a572a7-adeb-4772-82d9-734b6a6a3173_16-9-aspect-ratio_default_0_x579y369.jpg\" class=\"lozad\"\/><\/p>\n<p>        <\/a><\/p>\n<p>        <a href=\"https:\/\/www.deia.eus\/bilbao\/2025\/10\/19\/bilbao-multa-patinetes-bicicletas-primera-10230524.html\" title=\"Bilbao multa m\u00e1s a los patinetes que a las bicicletas por primera vez\" class=\"new__headline\" rel=\"nofollow noopener\" target=\"_blank\"><br \/>\n            Bilbao multa m\u00e1s a los patinetes que a las bicicletas por primera vez<br \/>\n        <\/a><\/p>\n<p class=\"article-body__text \">\n        Para el corredor de Galdakao, la bicicleta tiene tambi\u00e9n un <strong>gran valor pedag\u00f3gico.<\/strong> \u201cEs <strong>bonito<\/strong> ver c\u00f3mo gana <strong>presencia <\/strong>no solo en <strong>la competici\u00f3n, sino en las calles\u201d<\/strong>, dice. Reconoce que no echa de menos competir, pero s\u00ed <strong>\u201cla emoci\u00f3n del pelot\u00f3n\u201d<\/strong>. Ahora su meta es otra:<strong> formar a quienes vienen detr\u00e1s.<\/strong> <strong>\u201cVer a los ni\u00f1os pedalear con ganas es la mejor victoria\u201d.<\/strong><\/p>\n","protected":false},"excerpt":{"rendered":"La Gran V\u00eda de Bilbao volvi\u00f3 a ver este lunes por la ma\u00f1ana pedalear a Igor Ant\u00f3n, el&hellip;\n","protected":false},"author":2,"featured_media":216392,"comment_status":"","ping_status":"","sticky":false,"template":"","format":"standard","meta":{"footnotes":""},"categories":[273],"tags":[23458,313,1757,312,168,25,9076,24,58052,4936,7957,4070,3404,628,795,23,167],"class_list":{"0":"post-216391","1":"post","2":"type-post","3":"status-publish","4":"format-standard","5":"has-post-thumbnail","7":"category-ciclismo","8":"tag-anton","9":"tag-ciclismo","10":"tag-ciclista","11":"tag-cycling","12":"tag-deportes","13":"tag-es","14":"tag-escuela","15":"tag-espana","16":"tag-galdakao","17":"tag-generacion","18":"tag-giro","19":"tag-guia","20":"tag-igor","21":"tag-italia","22":"tag-nueva","23":"tag-spain","24":"tag-sports"},"share_on_mastodon":{"url":"https:\/\/pubeurope.com\/@es\/115486340126096299","error":""},"_links":{"self":[{"href":"https:\/\/www.europesays.com\/es\/wp-json\/wp\/v2\/posts\/216391","targetHints":{"allow":["GET"]}}],"collection":[{"href":"https:\/\/www.europesays.com\/es\/wp-json\/wp\/v2\/posts"}],"about":[{"href":"https:\/\/www.europesays.com\/es\/wp-json\/wp\/v2\/types\/post"}],"author":[{"embeddable":true,"href":"https:\/\/www.europesays.com\/es\/wp-json\/wp\/v2\/users\/2"}],"replies":[{"embeddable":true,"href":"https:\/\/www.europesays.com\/es\/wp-json\/wp\/v2\/comments?post=216391"}],"version-history":[{"count":0,"href":"https:\/\/www.europesays.com\/es\/wp-json\/wp\/v2\/posts\/216391\/revisions"}],"wp:featuredmedia":[{"embeddable":true,"href":"https:\/\/www.europesays.com\/es\/wp-json\/wp\/v2\/media\/216392"}],"wp:attachment":[{"href":"https:\/\/www.europesays.com\/es\/wp-json\/wp\/v2\/media?parent=216391"}],"wp:term":[{"taxonomy":"category","embeddable":true,"href":"https:\/\/www.europesays.com\/es\/wp-json\/wp\/v2\/categories?post=216391"},{"taxonomy":"post_tag","embeddable":true,"href":"https:\/\/www.europesays.com\/es\/wp-json\/wp\/v2\/tags?post=216391"}],"curies":[{"name":"wp","href":"https:\/\/api.w.org\/{rel}","templated":true}]}}