{"id":216399,"date":"2025-11-03T14:58:29","date_gmt":"2025-11-03T14:58:29","guid":{"rendered":"https:\/\/www.europesays.com\/es\/216399\/"},"modified":"2025-11-03T14:58:29","modified_gmt":"2025-11-03T14:58:29","slug":"las-solicitudes-mas-comunes-se-refieren-a-la-perspectiva-de-hogar-permanente-o-a-soluciones-de-vivienda-multigeneracional","status":"publish","type":"post","link":"https:\/\/www.europesays.com\/es\/216399\/","title":{"rendered":"Las solicitudes m\u00e1s comunes se refieren a la perspectiva de &#8216;hogar permanente&#8217; o a soluciones de vivienda multigeneracional"},"content":{"rendered":"<p>El <strong>concepto de \u201ccasa para la jubilaci\u00f3n\u201d<\/strong> ha cambiado dr\u00e1sticamente en las \u00faltimas d\u00e9cadas. Antes se asociaba con un retiro hacia un lugar tranquilo, donde las personas mayores pod\u00edan descansar despu\u00e9s de una larga vida laboral activa. Hoy, sin embargo, el enfoque es mucho m\u00e1s pr\u00e1ctico: se trata de actualizar la vivienda habitual con funcionalidades que promuevan la independencia, comodidad y conexi\u00f3n familiar, sin sacrificar su estilo.<\/p>\n<p>Uno de los principales impulsores de este cambio de paradigma es el <strong>dise\u00f1o accesible y universal<\/strong>, una tendencia que est\u00e1 cobrando cada vez m\u00e1s fuerza en el \u00e1mbito arquitect\u00f3nico. Este tipo de dise\u00f1o no solo beneficia a las personas mayores o con movilidad reducida, sino que tambi\u00e9n crea entornos m\u00e1s c\u00f3modos y seguros para todos los miembros del hogar, sin importar su edad o condici\u00f3n f\u00edsica.<\/p>\n<p>&#13;<img decoding=\"async\" src=\"https:\/\/www.europesays.com\/es\/wp-content\/uploads\/2025\/11\/mujer-limpiando-polvo-00366328_o_00000000_73d494eb_251027114731_600x600.webp.webp\" alt=\"Mujer-limpiando-polvo-00366328_O\" class=\"image lazyload\"\/><\/p>\n<p class=\"epigraph\">TRUCO DE LIMPIEZA<\/p>\n<p><a href=\"https:\/\/www.elmueble.com\/orden-limpieza-ahorro\/elisabet-jimenez-experta-limpieza-para-alejar-polvo-tu-casa-durante-varios-dias-mezcla-agua-vinagre-limpieza-lavaplatos-aceite-oliva-unas-gotitas-aceite-esencial_62344\" rel=\"nofollow noopener\" target=\"_blank\">Aleja el polvo de tu casa con este truco de limpieza<\/a><br \/>\n&#13;<\/p>\n<p>My Player placeholder<\/p>\n<p>Hogar listo para la jubilacio\u0301nEl auge del dise\u00f1o accesible<\/p>\n<p>Actualmente, <strong>el dise\u00f1o accesible es una especialidad en crecimiento <\/strong>dentro del sector de la arquitectura. Tanto as\u00ed que para\u00a0Aaron Murphy,\u00a0arquitecto estadounidense de ADM Architecture, este tipo de dise\u00f1o representa aproximadamente un tercio de sus ingresos anuales, confes\u00f3 a Forbes.<\/p>\n<p>Como explica el experto, el dise\u00f1o universal y el envejecimiento en el hogar han sido un enfoque firme durante los \u00faltimos 15 a\u00f1os, pero \u00faltimamente tambi\u00e9n ha visto un mayor inter\u00e9s. Los arquitectos y dise\u00f1adores est\u00e1n reconociendo que\u00a0<strong>las viviendas tradicionales, muchas veces, no est\u00e1n preparadas para responder a las necesidades de las personas mayores<\/strong>.<\/p>\n<p><img loading=\"lazy\" decoding=\"async\" src=\"https:\/\/www.europesays.com\/es\/wp-content\/uploads\/2025\/11\/salon-00602107_513fe003_00602107_251024115812_1000x1500.webp.webp\" alt=\"salon 00602107\" class=\"lazyload\" width=\"1000\" height=\"1500\" data-aspectratio=\"1000\/1500\"\/>&#13;El Mueble<\/p>\n<p>Por eso, <strong>cada vez m\u00e1s clientes buscan adaptar o construir sus casas pensando en el futuro<\/strong> y, sobre todo, en la posibilidad de envejecer en su propio hogar. Este concepto, que en ingl\u00e9s se conoce como aging in place, implica dise\u00f1ar espacios donde una persona pueda vivir c\u00f3modamente a medida que envejece, sin necesidad de realizar modificaciones dr\u00e1sticas o trasladarse a otro lugar.<\/p>\n<p>Sin embargo, es importante tener en cuenta que no se trata \u00fanicamente de instalar rampas o barras de apoyo, sino de un conjunto de <strong>decisiones de dise\u00f1o que facilitan la vida cotidiana<\/strong> y aumentan la seguridad de todas las personas que habitan una casa.<\/p>\n<p>&#13;<img decoding=\"async\" src=\"https:\/\/www.europesays.com\/es\/wp-content\/uploads\/2025\/11\/puerta-corredera-lacada-en-color-23fd4846-00571208-240226151422_d9dabbbe_250918081913_600x600.webp.webp\" alt=\"puerta corredera lacada en color 23fd4846 00571208 240226151422\" class=\"image lazyload\"\/><\/p>\n<p class=\"epigraph\">CONSEJO DE EXPERTA<\/p>\n<p><a href=\"https:\/\/www.elmueble.com\/decoracion\/jenn-smith-arquitecta-sobre-casa-jubilacion-es-muy-facil-incorporar-puertas-pasillos-mas-anchos-casa-nueva-construccion-pero-es-muy-dificil-adaptarlas-posteriormente-si-es-necesario_61811\" rel=\"nofollow noopener\" target=\"_blank\">\u00bfPor qu\u00e9 la anchura de las puertas y pasillos cobra importancia en la tercera edad?<\/a><br \/>\nUna tendencia que beneficia a todos<\/p>\n<p>El dise\u00f1o universal se basa en principios que <strong>buscan la inclusi\u00f3n y la funcionalidad para todos<\/strong>, independientemente de la edad o las capacidades f\u00edsicas. Esto incluye aspectos como accesos sin escalones, pasillos amplios, iluminaci\u00f3n estrat\u00e9gica, superficies antideslizantes, enchufes a alturas ergon\u00f3micas y ba\u00f1os adaptados. Pero m\u00e1s all\u00e1 de las caracter\u00edsticas t\u00e9cnicas, el objetivo es que estos elementos se integren de manera est\u00e9tica y natural, sin afectar en exceso el estilo ni la decoraci\u00f3n de una vivienda.<\/p>\n<p>Murphy coment\u00f3 que las <strong>solicitudes m\u00e1s comunes<\/strong> que recibe \u201cse refieren a la perspectiva de &#8216;hogar permanente&#8217; o a soluciones de vivienda multigeneracional\u201d, provenientes de personas o familias que planean \u201cenvejecer en su propia casa\u201d o necesitan \u201cun cuidador para uno de sus padres\u201d, explica.<\/p>\n<p>En este sentido, como apunta el experto, \u201clas solicitudes de dise\u00f1o son bastante similares\u201d y explican la evoluci\u00f3n en la mentalidad de los propietarios: hoy, <strong>algunas familias buscan soluciones que les permitan vivir en el mismo hogar<\/strong> durante todas las etapas de la vida o compartir el espacio con diferentes generaciones.<\/p>\n<p><img loading=\"lazy\" decoding=\"async\" src=\"https:\/\/www.europesays.com\/es\/wp-content\/uploads\/2025\/11\/cocina-con-isla-y-familia-usando-el-horno_43ca1ca1_00514837 _251024122249_1000x1374.webp.webp\" alt=\"Cocina con isla y familia usando el horno\" class=\"lazyload\" width=\"1000\" height=\"1374\" data-aspectratio=\"1000\/1374\"\/>&#13;El Mueble<\/p>\n<p>Este <strong>enfoque multigeneracional<\/strong> se basa en dise\u00f1ar casas para acoger tanto a personas mayores como a hijos adultos o nietos, creando espacios flexibles donde cada uno tiene su privacidad, pero se mantiene la conexi\u00f3n familiar.<\/p>\n<p>En este tipo de proyectos, <strong>la accesibilidad se convierte en una prioridad desde el inicio<\/strong>. Con transiciones suaves entre interiores y exteriores, pasillos amplios o duchas sin bordes, hacen que el hogar sea m\u00e1s c\u00f3modo y moderno para todos.<\/p>\n<p>&#13;<img decoding=\"async\" src=\"https:\/\/www.europesays.com\/es\/wp-content\/uploads\/2025\/11\/00583109-pasillo-recibidor-espejo-ventana-butaca-951d6f33-00583109_243de315_250112185242_25091615570.webp\" alt=\"00583109 pasillo recibidor espejo ventana butaca 951d6f33 00583109\" class=\"image lazyload\"\/><\/p>\n<p class=\"epigraph\">VIVIENDAS ACCESIBLES<\/p>\n<p><a href=\"https:\/\/www.elmueble.com\/decoracion\/jaime-matheron-arquitecta-estadounidense-sobre-casa-para-jubilacion-cada-vez-mas-personas-desean-envejecer-casa-pero-reconocen-que-sus-hogares-deben-poder-adaptarse_61787\" rel=\"nofollow noopener\" target=\"_blank\">Dise\u00f1ar hogares preparados para envejecer: una tendencia en crecimiento<\/a><br \/>\nBajo mantenimiento y alta durabilidad<\/p>\n<p>Otro aspecto que destaca Murphy es el <strong>creciente inter\u00e9s de los clientes por materiales y soluciones que requieran <a href=\"https:\/\/www.elmueble.com\/orden-limpieza-ahorro\/asi-se-disena-salon-para-que-sea-facil-limpiar_53916\" rel=\"nofollow noopener\" target=\"_blank\">poco mantenimiento<\/a><\/strong>. Seg\u00fan el arquitecto, \u201clos clientes no quieren pintar casas\u201d, lo que esperan es minimizar las tareas y el esfuerzo que requiere mantener el hogar en perfecto estado.<\/p>\n<p>Las personas que se acercan a la jubilaci\u00f3n buscan<strong> reducir las preocupaciones diarias<\/strong>. No desean estar atentos de reparaciones constantes, repintar fachadas o sustituir materiales desgastados cada pocos a\u00f1os. Por eso, los arquitectos especializados en este tipo de proyectos recomiendan el uso de materiales duraderos, resistentes a la humedad y f\u00e1ciles de limpiar, como revestimientos o recubrimientos de larga duraci\u00f3n.<\/p>\n<p><img loading=\"lazy\" decoding=\"async\" src=\"https:\/\/www.europesays.com\/es\/wp-content\/uploads\/2025\/11\/chica-mirando-el-movil-00486052-o-ok-386353a9-1000x1331_00000000_e443160e_251024122801_1000x1331.web.webp\" alt=\"chica-mirando-el-movil-00486052-o-ok 386353a9 1000x1331\" class=\"lazyload\" width=\"1000\" height=\"1331\" data-aspectratio=\"1000\/1331\"\/><\/p>\n<p>Asimismo, se prioriza el <a href=\"https:\/\/www.elmueble.com\/promocion\/disena-domotica-tu-casa-para-vida-mas-facil_47715\" rel=\"nofollow noopener\" target=\"_blank\">uso de tecnolog\u00eda dom\u00e9stica inteligente<\/a>, que contribuye a la seguridad y la eficiencia. Los sistemas de iluminaci\u00f3n automatizados, los detectores de ca\u00eddas, los termostatos programables o los asistentes de voz permiten a los residentes mantener el control del hogar sin esfuerzo f\u00edsico ni desplazamientos innecesarios.<\/p>\n<p>En definitiva, <strong>el dise\u00f1o accesible se est\u00e1 convirtiendo en una nueva forma de entender la vivienda<\/strong>. Los arquitectos como Aaron Murphy ven en este tipo de proyectos una oportunidad para repensar c\u00f3mo habitamos los espacios y c\u00f3mo pueden acompa\u00f1arnos durante toda la vida.<\/p>\n<p>Una <strong>casa bien dise\u00f1ada para la jubilaci\u00f3n<\/strong> no es necesariamente distinta a una vivienda moderna y con estilo, simplemente est\u00e1 pensada con una visi\u00f3n m\u00e1s amplia del tiempo. Cada detalle, desde la ubicaci\u00f3n de los interruptores hasta la elecci\u00f3n del suelo o la distribuci\u00f3n de los ambientes, se piensa y dise\u00f1a con la intenci\u00f3n facilitar la adaptabilidad.<\/p>\n","protected":false},"excerpt":{"rendered":"El concepto de \u201ccasa para la jubilaci\u00f3n\u201d ha cambiado dr\u00e1sticamente en las \u00faltimas d\u00e9cadas. Antes se asociaba con&hellip;\n","protected":false},"author":2,"featured_media":216400,"comment_status":"","ping_status":"","sticky":false,"template":"","format":"standard","meta":{"footnotes":""},"categories":[173],"tags":[229,233,231,230,232,234,146,147,25,24,23],"class_list":{"0":"post-216399","1":"post","2":"type-post","3":"status-publish","4":"format-standard","5":"has-post-thumbnail","7":"category-arte-y-diseno","8":"tag-arte","9":"tag-arte-y-diseno","10":"tag-arts","11":"tag-arts-and-design","12":"tag-design","13":"tag-diseno","14":"tag-entertainment","15":"tag-entretenimiento","16":"tag-es","17":"tag-espana","18":"tag-spain"},"share_on_mastodon":{"url":"https:\/\/pubeurope.com\/@es\/115486359987381033","error":""},"_links":{"self":[{"href":"https:\/\/www.europesays.com\/es\/wp-json\/wp\/v2\/posts\/216399","targetHints":{"allow":["GET"]}}],"collection":[{"href":"https:\/\/www.europesays.com\/es\/wp-json\/wp\/v2\/posts"}],"about":[{"href":"https:\/\/www.europesays.com\/es\/wp-json\/wp\/v2\/types\/post"}],"author":[{"embeddable":true,"href":"https:\/\/www.europesays.com\/es\/wp-json\/wp\/v2\/users\/2"}],"replies":[{"embeddable":true,"href":"https:\/\/www.europesays.com\/es\/wp-json\/wp\/v2\/comments?post=216399"}],"version-history":[{"count":0,"href":"https:\/\/www.europesays.com\/es\/wp-json\/wp\/v2\/posts\/216399\/revisions"}],"wp:featuredmedia":[{"embeddable":true,"href":"https:\/\/www.europesays.com\/es\/wp-json\/wp\/v2\/media\/216400"}],"wp:attachment":[{"href":"https:\/\/www.europesays.com\/es\/wp-json\/wp\/v2\/media?parent=216399"}],"wp:term":[{"taxonomy":"category","embeddable":true,"href":"https:\/\/www.europesays.com\/es\/wp-json\/wp\/v2\/categories?post=216399"},{"taxonomy":"post_tag","embeddable":true,"href":"https:\/\/www.europesays.com\/es\/wp-json\/wp\/v2\/tags?post=216399"}],"curies":[{"name":"wp","href":"https:\/\/api.w.org\/{rel}","templated":true}]}}