{"id":216423,"date":"2025-11-03T15:16:11","date_gmt":"2025-11-03T15:16:11","guid":{"rendered":"https:\/\/www.europesays.com\/es\/216423\/"},"modified":"2025-11-03T15:16:11","modified_gmt":"2025-11-03T15:16:11","slug":"balance-de-su-impacto-economico-y-digital","status":"publish","type":"post","link":"https:\/\/www.europesays.com\/es\/216423\/","title":{"rendered":"balance de su impacto econ\u00f3mico y digital"},"content":{"rendered":"<p>El<b> Giro de Rigo 2025 dej\u00f3 un saldo positivo para la econom\u00eda de Barranquilla. <\/b>De acuerdo con datos preliminares del Distrito y del sector tur\u00edstico,<b> m\u00e1s de 22.500 visitantes provenientes de 28 pa\u00edses arribaron a la ciudad<\/b> durante el fin de semana del evento, generando un <b>movimiento econ\u00f3mico estimado en 60.000 millones de pesos.<\/b><\/p>\n<p class=\"c-leatambien__titulo\"> LEA TAMBI\u00c9N <\/p>\n<p><img decoding=\"async\" alt=\"Pymes\" width=\"120\" height=\"120\" loading=\"lazy\" src=\"https:\/\/imagenes2.eltiempo.com\/files\/image_120_120\/files\/fp\/uploads\/2025\/06\/12\/684b592b0fad4.r_d.349-218.jpeg\" data-full-src=\"https:\/\/www.europesays.com\/es\/wp-content\/uploads\/2025\/11\/684b592b0fad4.jpeg\"\/><\/p>\n<p>El encuentro deportivo, <b>liderado por el ciclista Rigoberto Ur\u00e1n,<\/b> no solo reuni\u00f3 a miles de pedalistas sino que tambi\u00e9n impuls\u00f3 al sector hotelero, gastron\u00f3mico y comercial. Las cifras indican que<b> la ocupaci\u00f3n hotelera super\u00f3 el 90 %, <\/b>lo que convirti\u00f3 al evento en uno de los m\u00e1s significativos del a\u00f1o para la capital del Atl\u00e1ntico.<\/p>\n<p>Seg\u00fan c\u00e1lculos de los organizadores,<b> unos 8.000 ciclistas participaron oficialmente, <\/b>cada uno acompa\u00f1ado en promedio por tres personas. El <b>gasto individual estimado fue de 2,7 millones de pesos por visitante, l<\/b>o que permiti\u00f3 dinamizar los ingresos de restaurantes, transporte, centros comerciales y peque\u00f1os negocios en distintas zonas de la ciudad.<\/p>\n<p>Un evento que impuls\u00f3 turismo y proyecci\u00f3n internacional<\/p>\n<p class=\"c-cuerpo__media__txt\">Giro de Rigo en Barranquilla. Foto:Alcald\u00eda Barranquilla<\/p>\n<p>El Giro de Rigo no solo tuvo impacto econ\u00f3mico, sino tambi\u00e9n un efecto positivo en la promoci\u00f3n tur\u00edstica de Barranquilla. Durante los d\u00edas del evento, <b>las calles se llenaron de visitantes que aprovecharon la ocasi\u00f3n para conocer el Gran Malec\u00f3n,<\/b> el Centro Hist\u00f3rico y otros espacios emblem\u00e1ticos de la ciudad.<\/p>\n<p>Empresarios del sector tur\u00edstico destacaron que la realizaci\u00f3n de eventos deportivos de gran escala contribuye a posicionar a Barranquilla como un destino atractivo para el turismo deportivo y de entretenimiento. <b>\u201cEl flujo de visitantes durante el Giro super\u00f3 nuestras expectativas. <\/b>No solo se llenaron los hoteles, tambi\u00e9n los restaurantes y los sitios de rumba\u201d, afirm\u00f3 un representante de Cotelco Atl\u00e1ntico.<\/p>\n<p>El impacto medi\u00e1tico del evento tambi\u00e9n fue considerable. En plataformas digitales, <b>el Giro de Rigo alcanz\u00f3 cerca de 50 millones de usuarios en redes sociales, con m\u00e1s de 62.000 menciones en un lapso de 72 horas<\/b>. Este volumen de alcance coloca al evento solo detr\u00e1s del Carnaval de Barranquilla 2025, que registr\u00f3 93 millones de interacciones digitales durante sus cuatro d\u00edas de celebraci\u00f3n.<\/p>\n<p>Alcance digital y percepci\u00f3n internacional de la ciudad<\/p>\n<p class=\"c-cuerpo__media__txt\">Giro de Rigo en Barranquilla. Foto:Alcald\u00eda Barranquilla<\/p>\n<p>De acuerdo con el monitoreo de m\u00e9tricas digitales de ciudad,<b> el 90 % de los visitantes compartieron contenido sobre Barranquilla en sus redes sociales. <\/b>Las publicaciones destacaban el ambiente festivo, la hospitalidad local y la organizaci\u00f3n del evento. Entre los pa\u00edses que m\u00e1s consumieron contenido del Giro estuvieron Argentina, Chile, M\u00e9xico, Italia, Espa\u00f1a, Francia, Reino Unido, Estados Unidos, Venezuela y Canad\u00e1, lo que evidencia el creciente inter\u00e9s internacional por la ciudad.<\/p>\n<p>En solo dos d\u00edas, <b>Barranquilla logr\u00f3 posicionarse entre los temas de conversaci\u00f3n m\u00e1s destacados en redes en Am\u00e9rica Latina.<\/b> Seg\u00fan los analistas, este tipo de eventos refuerzan la marca ciudad y fortalecen la confianza de los inversionistas y operadores tur\u00edsticos internacionales.<\/p>\n<p>El Giro tambi\u00e9n dej\u00f3 lecciones log\u00edsticas relevantes:<b> la articulaci\u00f3n entre el sector p\u00fablico, privado y los organizadores permiti\u00f3 mantener una operaci\u00f3n fluida, <\/b>con acompa\u00f1amiento de la Polic\u00eda, personal m\u00e9dico y voluntarios en toda la ruta cicl\u00edstica.<\/p>\n<p>Balance del sector y retos para futuros eventos<\/p>\n<p class=\"c-cuerpo__media__txt\">Giro de Rigo en Barranquilla. Foto:Alcald\u00eda Barranquilla<\/p>\n<p>Para el sector empresarial, el Giro de Rigo represent\u00f3 una inyecci\u00f3n importante de liquidez. <b>Varios comerciantes reportaron aumentos de hasta el 40 % en ventas durante el fin de semana. <\/b>En paralelo, gremios del turismo solicitaron mantener una estrategia sostenida de promoci\u00f3n que permita aprovechar el impulso de estos eventos m\u00e1s all\u00e1 de los d\u00edas de competencia.<\/p>\n<p>\u201cEl reto es que los beneficios no se queden en la coyuntura del evento\u201d, se\u00f1al\u00f3 un empresario del sector gastron\u00f3mico. \u201c<b>Necesitamos un plan continuo para que quienes nos visitan regresen y recomienden la ciudad<\/b>\u201d.<\/p>\n<p class=\"c-leatambien__titulo\"> LEA TAMBI\u00c9N <\/p>\n<p><img decoding=\"async\" alt=\"El Gran Malec\u00f3n es uno de los espacios preferido de los barranquilleros.\" width=\"120\" height=\"120\" loading=\"lazy\" src=\"https:\/\/imagenes2.eltiempo.com\/files\/image_120_120\/files\/fp\/uploads\/2022\/07\/17\/62d427f3b5eb6.r_d.947-395.jpeg\" data-full-src=\"https:\/\/www.europesays.com\/es\/wp-content\/uploads\/2025\/11\/62d427f3b5eb6.jpeg\"\/><\/p>\n<p>Expertos en desarrollo urbano tambi\u00e9n resaltan que<b> Barranquilla tiene potencial para consolidarse como una capital deportiva del Caribe colombiano, <\/b>siempre que los eventos est\u00e9n acompa\u00f1ados de pol\u00edticas de movilidad, infraestructura y sostenibilidad ambiental.<\/p>\n<p>Barranquilla, entre el deporte y la reactivaci\u00f3n econ\u00f3mica<\/p>\n<p class=\"c-cuerpo__media__txt\">Giro de Rigo en Barranquilla. Foto:Alcald\u00eda Barranquilla<\/p>\n<p>El Giro de Rigo 2025 dej\u00f3 claro que la ciudad puede albergar eventos de talla internacional, combinando deporte, turismo y cultura. <b>Su impacto econ\u00f3mico, la ocupaci\u00f3n hotelera y la proyecci\u00f3n medi\u00e1tica <\/b>confirman el papel que este tipo de iniciativas pueden tener en la reactivaci\u00f3n econ\u00f3mica local.<\/p>\n<p><b>Barranquilla cerr\u00f3 as\u00ed un fin de semana de pedalazos, visitantes y emociones, con un legado que trasciende lo deportivo: <\/b>el de una ciudad que, paso a paso, busca consolidarse como un referente regional en la organizaci\u00f3n de eventos masivos y turismo deportivo.<\/p>\n<p>Este video le puede interesar:<\/p>\n","protected":false},"excerpt":{"rendered":"El Giro de Rigo 2025 dej\u00f3 un saldo positivo para la econom\u00eda de Barranquilla. De acuerdo con datos&hellip;\n","protected":false},"author":2,"featured_media":216424,"comment_status":"","ping_status":"","sticky":false,"template":"","format":"standard","meta":{"footnotes":""},"categories":[273],"tags":[313,312,3008,8600,168,158,25,24,7957,21320,23,167],"class_list":{"0":"post-216423","1":"post","2":"type-post","3":"status-publish","4":"format-standard","5":"has-post-thumbnail","7":"category-ciclismo","8":"tag-ciclismo","9":"tag-cycling","10":"tag-de","11":"tag-dejo","12":"tag-deportes","13":"tag-el","14":"tag-es","15":"tag-espana","16":"tag-giro","17":"tag-rigo","18":"tag-spain","19":"tag-sports"},"share_on_mastodon":{"url":"https:\/\/pubeurope.com\/@es\/115486430838621336","error":""},"_links":{"self":[{"href":"https:\/\/www.europesays.com\/es\/wp-json\/wp\/v2\/posts\/216423","targetHints":{"allow":["GET"]}}],"collection":[{"href":"https:\/\/www.europesays.com\/es\/wp-json\/wp\/v2\/posts"}],"about":[{"href":"https:\/\/www.europesays.com\/es\/wp-json\/wp\/v2\/types\/post"}],"author":[{"embeddable":true,"href":"https:\/\/www.europesays.com\/es\/wp-json\/wp\/v2\/users\/2"}],"replies":[{"embeddable":true,"href":"https:\/\/www.europesays.com\/es\/wp-json\/wp\/v2\/comments?post=216423"}],"version-history":[{"count":0,"href":"https:\/\/www.europesays.com\/es\/wp-json\/wp\/v2\/posts\/216423\/revisions"}],"wp:featuredmedia":[{"embeddable":true,"href":"https:\/\/www.europesays.com\/es\/wp-json\/wp\/v2\/media\/216424"}],"wp:attachment":[{"href":"https:\/\/www.europesays.com\/es\/wp-json\/wp\/v2\/media?parent=216423"}],"wp:term":[{"taxonomy":"category","embeddable":true,"href":"https:\/\/www.europesays.com\/es\/wp-json\/wp\/v2\/categories?post=216423"},{"taxonomy":"post_tag","embeddable":true,"href":"https:\/\/www.europesays.com\/es\/wp-json\/wp\/v2\/tags?post=216423"}],"curies":[{"name":"wp","href":"https:\/\/api.w.org\/{rel}","templated":true}]}}