{"id":216454,"date":"2025-11-03T15:39:09","date_gmt":"2025-11-03T15:39:09","guid":{"rendered":"https:\/\/www.europesays.com\/es\/216454\/"},"modified":"2025-11-03T15:39:09","modified_gmt":"2025-11-03T15:39:09","slug":"3-000-ciclistas-se-reuniran-el-domingo-en-bilbao-en-la-bicicletada-solidaria","status":"publish","type":"post","link":"https:\/\/www.europesays.com\/es\/216454\/","title":{"rendered":"3.000 ciclistas se reunir\u00e1n el domingo en Bilbao en la bicicletada solidaria"},"content":{"rendered":"<p>Los vecinos de Bilbao se vuelven a subir a la bicicleta este domingo por una buena causa: recaudar fondos para la DYA de Bizkaia. Como  &#8230; ya es tradici\u00f3n, la villa acoge la octava edici\u00f3n de la &#8216;Bicicletada Rural Kutxa&#8217;, una iniciativa solidaria que espera reunir a m\u00e1s de 3.000 participantes. La marcha, considerada una de las m\u00e1s importantes del territorio y patrocinada por EL CORREO, arrancar\u00e1 a las once de la ma\u00f1ana y discurrir\u00e1 por la capital vizca\u00edna con salida y meta en el Arenal. Desde la organizaci\u00f3n destacan el \u00abcar\u00e1cter social y comunitario\u00bb del evento, tanto por el apoyo a asociaciones sin \u00e1nimo de lucro, como por tratarse de una iniciativa \u00abambientalmente sostenible\u00bb.<\/p>\n<p class=\"v-p\">\u00abEsta Bicicletada es mucho m\u00e1s que una jornada deportiva, es un punto de encuentro para familias, una forma de cuidar nuestro entorno y reforzar los lazos que nos unen como comunidad\u00bb, ha asegurado M\u00f3nica Zuzaga Sastre, jefa de Zona Bizkaia de Rural Kutxa, durante la presentaci\u00f3n de la marcha. El acto tambi\u00e9n ha contado con la presencia del exciclista Igor Ant\u00f3n, que ha remarcado la importancia de este tipo de iniciativas por su car\u00e1cter pedag\u00f3gico. \u00abEl ciclismo no es solo un deporte, es una forma de transmisi\u00f3n de valores. Es una suerte poder pasar por el centro de la ciudad y ver las calles cortadas para poder andar en bici\u00bb, afirma.<\/p>\n<p class=\"v-p\">Se podr\u00e1 elegir entre dos recorridos urbanos, a recorrer tanto bicicleta como en patines: uno de 15 kil\u00f3metros y otro m\u00e1s accesible, de cuatro kil\u00f3metros. La ruta larga pasar\u00e1 por el puente de Deusto, llegar\u00e1 hasta San Ignacio para regresar por Zorrozaurre, mientras que la corta discurrir\u00e1 tambi\u00e9n hasta el puente de Deusto, recorrer\u00e1 la Avenida Universidades y el Campo Volant\u00edn. La marcha cuenta, adem\u00e1s, con el certificado &#8216;Erronka Garbia&#8217;, que garantiza su car\u00e1cter ambientalmente sostenible. Este a\u00f1o, como novedad, la organizaci\u00f3n decidi\u00f3 \u00abdar un paso m\u00e1s\u00bb y trasladar la carrera a otras localidades. En junio puso en marcha su primera edici\u00f3n en Santurtzi y ya trabaja \u00abcon la vista puesta en incorporar una nueva sede en 2026\u00bb.<\/p>\n<p class=\"v-p\">\u00abEs un aut\u00e9ntico honor haber sido elegidos para como destinatarios de la generosidad de miles de vizca\u00ednos\u00bb, admiti\u00f3 \u00c1lvaro L\u00f3pez Linares, presidente de DYA Bizkaia. La organizaci\u00f3n, que lleva d\u00e9cadas dedicada a la atenci\u00f3n sanitaria y a la ayuda en carretera, no solo participar\u00e1 como beneficiaria de la recaudaci\u00f3n, tambi\u00e9n estar\u00e1 presente el d\u00eda de la carrera con un amplio dispositivo de atenci\u00f3n preventiva. \u00abHaremos lo que mejor sabemos: garantizar la seguridad sanitaria de todos los participantes y del p\u00fablico asistente\u00bb, adelant\u00f3 su presidente.<\/p>\n<p>Firma de aut\u00f3grafos<\/p>\n<p class=\"v-p\">Los participantes podr\u00e1n disfrutar de diversas actividades paralelas, como un taller de arreglo de bicis y un set donde probar la tecnolog\u00eda m\u00e1s innovadora en rodillos inteligentes. Aquellos que no tengan bici y quieran hacer la marcha, adem\u00e1s, podr\u00e1n reservar su montura en la tienda de Decathlon al precio de 3 euros presentando su comprobante de inscripci\u00f3n. Tambi\u00e9n habr\u00e1 m\u00fasica en directo a cargo del grupo emergente bilba\u00edno &#8216;Viva Vermut&#8217; y una exposici\u00f3n del cami\u00f3n hospital de la DYA. La jornada tambi\u00e9n contar\u00e1 con la presencia de los ciclistas de Caja Rural, que estar\u00e1n firmando aut\u00f3grafos desde las 10.00 de la ma\u00f1ana hasta el inicio del evento.<\/p>\n<p class=\"v-p\">El plazo de inscripciones online estar\u00e1 abierto hasta el mismo d\u00eda de la marcha a las 10.30 horas. Tambi\u00e9n se har\u00e1n de forma presencial los d\u00edas 7 y 8 de noviembre en la tienda Decathlon Capitol Bilbao, as\u00ed como el mismo d\u00eda de la marcha, entre las 9.30 y las 10.30 horas en el Arenal. El dorsal tiene un precio de cinco euros para adultos y, en el caso de los ni\u00f1os hasta 14 a\u00f1os es gratuito. La cita organizada por Rural Kutxa cuenta con el apoyo de la Diputaci\u00f3n Foral de Bizkaia, Gobierno Vasco, Baimen y el Ayuntamiento de Bilbao.<\/p>\n","protected":false},"excerpt":{"rendered":"Los vecinos de Bilbao se vuelven a subir a la bicicleta este domingo por una buena causa: recaudar&hellip;\n","protected":false},"author":2,"featured_media":216455,"comment_status":"","ping_status":"","sticky":false,"template":"","format":"standard","meta":{"footnotes":""},"categories":[273],"tags":[10847,58063,2601,313,2838,312,168,25,24,10824,9509,2241,23,167],"class_list":{"0":"post-216454","1":"post","2":"type-post","3":"status-publish","4":"format-standard","5":"has-post-thumbnail","7":"category-ciclismo","8":"tag-10847","9":"tag-bicicletada","10":"tag-bilbao","11":"tag-ciclismo","12":"tag-ciclistas","13":"tag-cycling","14":"tag-deportes","15":"tag-es","16":"tag-espana","17":"tag-kutxa","18":"tag-reunira","19":"tag-rural","20":"tag-spain","21":"tag-sports"},"share_on_mastodon":{"url":"https:\/\/pubeurope.com\/@es\/115486520994632358","error":""},"_links":{"self":[{"href":"https:\/\/www.europesays.com\/es\/wp-json\/wp\/v2\/posts\/216454","targetHints":{"allow":["GET"]}}],"collection":[{"href":"https:\/\/www.europesays.com\/es\/wp-json\/wp\/v2\/posts"}],"about":[{"href":"https:\/\/www.europesays.com\/es\/wp-json\/wp\/v2\/types\/post"}],"author":[{"embeddable":true,"href":"https:\/\/www.europesays.com\/es\/wp-json\/wp\/v2\/users\/2"}],"replies":[{"embeddable":true,"href":"https:\/\/www.europesays.com\/es\/wp-json\/wp\/v2\/comments?post=216454"}],"version-history":[{"count":0,"href":"https:\/\/www.europesays.com\/es\/wp-json\/wp\/v2\/posts\/216454\/revisions"}],"wp:featuredmedia":[{"embeddable":true,"href":"https:\/\/www.europesays.com\/es\/wp-json\/wp\/v2\/media\/216455"}],"wp:attachment":[{"href":"https:\/\/www.europesays.com\/es\/wp-json\/wp\/v2\/media?parent=216454"}],"wp:term":[{"taxonomy":"category","embeddable":true,"href":"https:\/\/www.europesays.com\/es\/wp-json\/wp\/v2\/categories?post=216454"},{"taxonomy":"post_tag","embeddable":true,"href":"https:\/\/www.europesays.com\/es\/wp-json\/wp\/v2\/tags?post=216454"}],"curies":[{"name":"wp","href":"https:\/\/api.w.org\/{rel}","templated":true}]}}