{"id":216478,"date":"2025-11-03T15:54:07","date_gmt":"2025-11-03T15:54:07","guid":{"rendered":"https:\/\/www.europesays.com\/es\/216478\/"},"modified":"2025-11-03T15:54:07","modified_gmt":"2025-11-03T15:54:07","slug":"ucrania-y-rusia-envian-refuerzos-para-imponerse-en-la-disputada-ciudad-oriental-de-pokrovsk-internacional","status":"publish","type":"post","link":"https:\/\/www.europesays.com\/es\/216478\/","title":{"rendered":"Ucrania y Rusia env\u00edan refuerzos para imponerse en la disputada ciudad oriental de Pokrovsk | Internacional"},"content":{"rendered":"<p class=\"\">\u201cDe cualquier forma, vamos a perder esta ciudad. La \u00fanica inc\u00f3gnita es cu\u00e1ntos enemigos van a morir all\u00ed y si lograremos salvar a los soldados ucranios\u201d. El comentario, entre el pesimismo y el realismo, se refiere a la <a href=\"https:\/\/elpais.com\/internacional\/2025-10-31\/rusia-avanza-en-el-este-de-ucrania-con-miles-de-soldados-para-cercar-la-estrategica-ciudad-de-pokrovsk.html\" rel=\"nofollow noopener\" target=\"_blank\">estrat\u00e9gica localidad de Pokrovsk<\/a> (este de Ucrania) y corresponde a Mikola Melnik, oficial de las Fuerzas Armadas de Ucrania y comandante de la compa\u00f1\u00eda mecanizada M2 Bradley. Reconoce que en torno a la mitad de la zona, ubicada en el frente de Donetsk, sigue en manos ucranias, aunque sus efectivos est\u00e1n parcialmente rodeados y las l\u00edneas de aprovisionamiento son muy complicadas. Los partes oficiales de rusos y ucranios, los dos bandos que estos d\u00edas elevan su despliegue en la zona, se resisten a otorgar ninguna ventaja al contrario.<\/p>\n<p class=\"\">Tras largu\u00edsimos meses bajo las bombas y miles de muertos y heridos, la pregunta es qu\u00e9 estrategia debe poner en marcha Ucrania llegado este punto de empuje enemigo. \u00bfMerece la pena salvar Pokrovsk a cualquier precio? Melnik realiza estas y otras reflexiones en su perfil de Facebook casi a la vez que el presidente ucranio, Volod\u00edmir Zelenski, reconoc\u00eda durante el fin de semana que Pokrovsk supone una \u201cprioridad\u201d. Se trata de una ciudad asediada desde el verano de 2024 en el frente de <a href=\"https:\/\/elpais.com\/internacional\/2025-10-26\/nunca-vivire-bajo-bandera-rusa-el-donbas-controlado-por-ucrania-no-quiere-ser-moneda-de-cambio-para-la-paz.html\" rel=\"nofollow noopener\" target=\"_blank\">Donetsk, regi\u00f3n controlada por tropas locales solo en un 30%<\/a>. All\u00ed, miles de soldados rusos \u2015m\u00e1s de 10.000, seg\u00fan estimaciones ucranias, en una proporci\u00f3n que multiplica por ocho a las tropas de Kiev\u2015 tratan de cercar a los militares defensores.<\/p>\n<p class=\"\">\u201cTanto las fuerzas ucranias como las rusas han logrado recientemente avances t\u00e1cticos en la zona de Pokrovsk\u201d, seg\u00fan el Instituto de Estudio de la Guerra (ISW, seg\u00fan sus siglas en ingl\u00e9s). En un intento por mantener la plaza, Kiev ha desplazado refuerzos al que es en este momento el m\u00e1s encarnizado frente de la contienda; entre ellos, unidades de fuerzas especiales, seg\u00fan informan algunos medios locales. <\/p>\n<p class=\"\">Tambi\u00e9n los invasores est\u00e1n acumulando m\u00e1s efectivos para tratar de afianzar sus avances y el cerco en medio de combates dentro de la ciudad. \u201cEs probable que las fuerzas rusas hayan priorizado <a href=\"https:\/\/elpais.com\/internacional\/2025-05-31\/artilleria-sovietica-y-municion-estadounidense-para-tomar-una-mina-clave-en-manos-de-rusia.html\" rel=\"nofollow noopener\" target=\"_blank\">la toma de Pokrovsk y Mirnogrado<\/a> sobre las operaciones ofensivas en la zona t\u00e1ctica de Kostiantinivka y Druzhkivka\u201d, tambi\u00e9n en Donetsk, se\u00f1ala el ISW, aunque esas \u201ct\u00e1cticas de asalto rusas en direcci\u00f3n a Pokrovsk est\u00e1n provocando un elevado n\u00famero de bajas\u201d.<\/p>\n<p class=\"\">El Ministerio de Defensa ruso ha se\u00f1alado este lunes que sus fuerzas han avanzado y han llevado a cabo ataques en las \u00faltimas horas contra instalaciones militares e industriales ucranias. El ej\u00e9rcito ruso, seg\u00fan esa misma fuente, est\u00e1 desmantelando posiciones locales que permanecen rodeadas en torno a la estaci\u00f3n de tren y la zona industrial de Pokrovsk. <\/p>\n<p class=\"\">Zvezda, medio vinculado a ese ministerio, ha informado de algunas rendiciones ucranias frente a tropas rusas y ha publicado v\u00eddeos de varios de esos soldados locales. En todo caso, <a href=\"https:\/\/elpais.com\/podcasts\/hoy-en-el-pais\/2025-10-23\/podcast-ucrania-hasta-donde-ceder-ante-putin.html\" rel=\"nofollow noopener\" target=\"_blank\">ninguno de los dos ej\u00e9rcitos acaba por imponerse sobre el terreno<\/a> y la considerada zona gris domina el mapa que refleja la situaci\u00f3n del frente, seg\u00fan la web Deep State, que actualizan analistas de seguridad ucranios.<\/p>\n<p class=\"\">Para Mikola Melnik, los rusos han impuesto su posici\u00f3n a los ucranios por el \u201cagotamiento de las unidades, la escasez de efectivos, la superioridad total del enemigo en todos los aspectos y el derroche de tropas en batallas in\u00fatiles\u201d, sostiene en su mensaje de Facebook.<\/p>\n<p class=\"\">Las im\u00e1genes captadas por un dron de una decena de militares ucranios descendiendo de un helic\u00f3ptero modelo Black Hawk que toma brevemente tierra supuestamente en la zona de Pokrovsk, han sido ampliamente difundidas. Se trata de un grupo de las fuerzas especiales que lograron desplegarse en los \u00faltimos d\u00edas de octubre sobre el terreno pese a la complicada situaci\u00f3n por la actividad de drones rusos, seg\u00fan inform\u00f3 una fuente del 7\u00ba Cuerpo de Reacci\u00f3n R\u00e1pida. <\/p>\n<p class=\"\">La operaci\u00f3n ha estado supervisada por el m\u00e1ximo responsable de la inteligencia militar ucrania, el general Kirilo Budanov, de quien se han difundido algunas im\u00e1genes que lo sit\u00faan en la zona. Sin pruebas, el Ministerio de Defensa ruso ha informado de que todos los que descendieron del helic\u00f3ptero para tratar de hacer frente a la presencia invasora en torno a la ciudad de Pokrovsk han muerto.<\/p>\n<p class=\"\">Los rusos lanzaron su ofensiva sobre el este de Ucrania en 2014. Poco despu\u00e9s, la ciudad de Donetsk, capital de la provincia hom\u00f3nima, era nombrada por Mosc\u00fa como capital de la autoerigida Rep\u00fablica Popular de Donetsk. De igual forma, controlan casi en su totalidad la vecina Lugansk, donde han impuesto un organismo similar que tampoco es reconocido por la comunidad internacional. En m\u00e1s de una d\u00e9cada, las tropas invasoras apenas han avanzado 40 kil\u00f3metros, la distancia que separa la ciudad de Donetsk de Pokrovsk, principal localidad en la que se combate cuerpo a cuerpo en la actualidad. <\/p>\n<p class=\"\">Mientras, <a href=\"https:\/\/elpais.com\/internacional\/2025-11-03\/ucrania-y-rusia-se-preparan-para-una-guerra-de-anos-pese-al-desgaste-humano-en-ambos-bandos.html\" rel=\"nofollow noopener\" target=\"_blank\">el coste en vidas de la guerra se mide en cientos de miles<\/a>, aunque ninguna de las partes ofrece detalles al respecto. Donetsk y Lugansk conforman la regi\u00f3n de Donb\u00e1s, ansiada por Mosc\u00fa y una prioridad a la que no quiere renunciar, al igual que a la pen\u00ednsula de Crimea, anexionada ilegalmente.<\/p>\n<p class=\"\">La <a href=\"https:\/\/elpais.com\/internacional\/2025-10-29\/un-hospital-a-prueba-de-bombas-en-el-frente-de-pokrovsk.html\" rel=\"nofollow noopener\" target=\"_blank\">batalla de Pokrovsk<\/a> recuerda a episodios previos de esta guerra vividos en otras localidades de Donetsk como Avdiidka o Bajmut, que cuando cayeron en manos rusas eran poco m\u00e1s que escombros. Pokrovsk contaba con unos 60.000 habitantes antes de la guerra. \u201cSeguimos combatiendo al ocupante, y eso es lo m\u00e1s importante: detener los ataques rusos donde y cuando sea posible\u201d, dijo el s\u00e1bado Zelenski. \u201cLos rusos quieren convertir todo nuestro pa\u00eds en lo que est\u00e1n haciendo con Pokrovsk\u201d, agreg\u00f3.<\/p>\n","protected":false},"excerpt":{"rendered":"\u201cDe cualquier forma, vamos a perder esta ciudad. La \u00fanica inc\u00f3gnita es cu\u00e1ntos enemigos van a morir all\u00ed&hellip;\n","protected":false},"author":2,"featured_media":216479,"comment_status":"","ping_status":"","sticky":false,"template":"","format":"standard","meta":{"footnotes":""},"categories":[42],"tags":[8738,17,18,70,71,72,700,13,14,69,7082,11,61,62,63,64,19,20,9,10,15,16,1613,1614,12,7081,21,22,1617,65,66,67],"class_list":{"0":"post-216478","1":"post","2":"type-post","3":"status-publish","4":"format-standard","5":"has-post-thumbnail","7":"category-internacional","8":"tag-ataques-militares","9":"tag-breaking-news","10":"tag-breakingnews","11":"tag-conflictos","12":"tag-conflictos-armados","13":"tag-conflictos-internacionales","14":"tag-europa","15":"tag-featured-news","16":"tag-featurednews","17":"tag-guerra","18":"tag-guerra-de-rusia-en-ucrania","19":"tag-headlines","20":"tag-internacional","21":"tag-international","22":"tag-international-news","23":"tag-internationalnews","24":"tag-latest-news","25":"tag-latestnews","26":"tag-news","27":"tag-noticias","28":"tag-noticias-destacadas","29":"tag-noticiasdestacadas","30":"tag-otan","31":"tag-rusia","32":"tag-titulares","33":"tag-ucrania","34":"tag-ultimas-noticias","35":"tag-ultimasnoticias","36":"tag-union-europea","37":"tag-world","38":"tag-world-news","39":"tag-worldnews"},"share_on_mastodon":{"url":"","error":"Validation failed: Text character limit of 500 exceeded"},"_links":{"self":[{"href":"https:\/\/www.europesays.com\/es\/wp-json\/wp\/v2\/posts\/216478","targetHints":{"allow":["GET"]}}],"collection":[{"href":"https:\/\/www.europesays.com\/es\/wp-json\/wp\/v2\/posts"}],"about":[{"href":"https:\/\/www.europesays.com\/es\/wp-json\/wp\/v2\/types\/post"}],"author":[{"embeddable":true,"href":"https:\/\/www.europesays.com\/es\/wp-json\/wp\/v2\/users\/2"}],"replies":[{"embeddable":true,"href":"https:\/\/www.europesays.com\/es\/wp-json\/wp\/v2\/comments?post=216478"}],"version-history":[{"count":0,"href":"https:\/\/www.europesays.com\/es\/wp-json\/wp\/v2\/posts\/216478\/revisions"}],"wp:featuredmedia":[{"embeddable":true,"href":"https:\/\/www.europesays.com\/es\/wp-json\/wp\/v2\/media\/216479"}],"wp:attachment":[{"href":"https:\/\/www.europesays.com\/es\/wp-json\/wp\/v2\/media?parent=216478"}],"wp:term":[{"taxonomy":"category","embeddable":true,"href":"https:\/\/www.europesays.com\/es\/wp-json\/wp\/v2\/categories?post=216478"},{"taxonomy":"post_tag","embeddable":true,"href":"https:\/\/www.europesays.com\/es\/wp-json\/wp\/v2\/tags?post=216478"}],"curies":[{"name":"wp","href":"https:\/\/api.w.org\/{rel}","templated":true}]}}