{"id":216500,"date":"2025-11-03T16:13:09","date_gmt":"2025-11-03T16:13:09","guid":{"rendered":"https:\/\/www.europesays.com\/es\/216500\/"},"modified":"2025-11-03T16:13:09","modified_gmt":"2025-11-03T16:13:09","slug":"real-madrid-presenta-jersey-alternativo-previo-champions-league-y-llueven-criticas-de-fans-tudn-uefa-champions-league","status":"publish","type":"post","link":"https:\/\/www.europesays.com\/es\/216500\/","title":{"rendered":"Real Madrid presenta jersey alternativo previo Champions League y llueven cr\u00edticas de fans | TUDN UEFA Champions League"},"content":{"rendered":"<p>Y es que el club madrile\u00f1o dio a conocer un jersey alternativo que no gust\u00f3 del todo a los exigentes aficionados que criticaron la supuesta falta de identidad del equipo m\u00e1s ganador de Europa en el dise\u00f1o de la indumentaria.<\/p>\n<p>Se trata de una playera estilo casual de la serie <b>Adidas originals LFSTRL<\/b> con cuello en &#8216;v&#8217; y en su mayor\u00eda presume un tenue color p\u00farpura con patrones geom\u00e9tricos en blanco.<\/p>\n<p>De acuerdo a la descripci\u00f3n del producto, el dise\u00f1o busca homenajear la herencia del Real Madrid en el futbol y al mismo tiempo incorporar tendencias actuales en el mundo de la moda.<\/p>\n<p>Las cr\u00edticas de un sector de fan\u00e1ticos no se hicieron esperar y tras el anuncio se pudieron leer frases como \u00abqu\u00e9 cosa m\u00e1s fea\u00bb, \u00ab\u00bfde verdad era tan dif\u00edcil crear algo bonito para ponerte todos los d\u00edas?\u00bb, \u00abla ha dise\u00f1ado un enemigo\u00bb y \u00absi me pagas igual me la pongo\u00bb.<\/p>\n","protected":false},"excerpt":{"rendered":"Y es que el club madrile\u00f1o dio a conocer un jersey alternativo que no gust\u00f3 del todo a&hellip;\n","protected":false},"author":2,"featured_media":216501,"comment_status":"","ping_status":"","sticky":false,"template":"","format":"standard","meta":{"footnotes":""},"categories":[93],"tags":[3437,1241,168,25,24,17736,58066,3048,23,167],"class_list":{"0":"post-216500","1":"post","2":"type-post","3":"status-publish","4":"format-standard","5":"has-post-thumbnail","7":"category-deportes","8":"tag-aficion","9":"tag-champions-league","10":"tag-deportes","11":"tag-es","12":"tag-espana","13":"tag-jersey","14":"tag-playera","15":"tag-real-madrid","16":"tag-spain","17":"tag-sports"},"share_on_mastodon":{"url":"https:\/\/pubeurope.com\/@es\/115486654911994276","error":""},"_links":{"self":[{"href":"https:\/\/www.europesays.com\/es\/wp-json\/wp\/v2\/posts\/216500","targetHints":{"allow":["GET"]}}],"collection":[{"href":"https:\/\/www.europesays.com\/es\/wp-json\/wp\/v2\/posts"}],"about":[{"href":"https:\/\/www.europesays.com\/es\/wp-json\/wp\/v2\/types\/post"}],"author":[{"embeddable":true,"href":"https:\/\/www.europesays.com\/es\/wp-json\/wp\/v2\/users\/2"}],"replies":[{"embeddable":true,"href":"https:\/\/www.europesays.com\/es\/wp-json\/wp\/v2\/comments?post=216500"}],"version-history":[{"count":0,"href":"https:\/\/www.europesays.com\/es\/wp-json\/wp\/v2\/posts\/216500\/revisions"}],"wp:featuredmedia":[{"embeddable":true,"href":"https:\/\/www.europesays.com\/es\/wp-json\/wp\/v2\/media\/216501"}],"wp:attachment":[{"href":"https:\/\/www.europesays.com\/es\/wp-json\/wp\/v2\/media?parent=216500"}],"wp:term":[{"taxonomy":"category","embeddable":true,"href":"https:\/\/www.europesays.com\/es\/wp-json\/wp\/v2\/categories?post=216500"},{"taxonomy":"post_tag","embeddable":true,"href":"https:\/\/www.europesays.com\/es\/wp-json\/wp\/v2\/tags?post=216500"}],"curies":[{"name":"wp","href":"https:\/\/api.w.org\/{rel}","templated":true}]}}