{"id":216518,"date":"2025-11-03T16:26:09","date_gmt":"2025-11-03T16:26:09","guid":{"rendered":"https:\/\/www.europesays.com\/es\/216518\/"},"modified":"2025-11-03T16:26:09","modified_gmt":"2025-11-03T16:26:09","slug":"michael-matthews-renueva-con-el-jayco-alula-hasta-2027","status":"publish","type":"post","link":"https:\/\/www.europesays.com\/es\/216518\/","title":{"rendered":"Michael Matthews renueva con el Jayco Alula hasta 2027"},"content":{"rendered":"<p data-mrf-recirculation=\"Links P\u00e1rrafos\" class=\"ue-c-article__paragraph paragraph ue-c-article--first-letter-highlighted\">El australiano Michael Matthews (Canberra, 35 a\u00f1os), ganador de etapas en Tour, Giro y Vuelta, ha comprometido su futuro con el Jayco Alula al firmar un nuevo contrato hasta el final de la temporada 2027.<\/p>\n<p data-mrf-recirculation=\"Links P\u00e1rrafos\" class=\"ue-c-article__paragraph paragraph\">Con <strong>10 triunfos en grandes vueltas<\/strong>, Matthews ha pasado la mayor parte de su carrera profesional en el equipo <strong>GreenEDGE Cycling, con el que debut\u00f3 en 2010 y al que regres\u00f3 para la temporada 2021.<\/strong><\/p>\n<blockquote class=\"ue-c-article__blockquote\">\n<p>Creo que, despu\u00e9s de los problemas que tuve durante el verano, aprend\u00ed a valorar m\u00e1s al equipo, mi vida, c\u00f3mo es y los \u00faltimos a\u00f1os que he vivido en el ciclismo<\/p>\n<\/blockquote>\n<p data-mrf-recirculation=\"Links P\u00e1rrafos\" class=\"ue-c-article__paragraph paragraph\">Conocido en el pelot\u00f3n como \u00abBling\u00bb, el esprinter australiano, <strong>triple medallista en Campeonatos del mundo en ruta<\/strong> con una plata y dos bronces, sufri\u00f3 una dura temporada 2025 tras ser diagnosticado con una embolia pulmonar en junio, pero ahora recuperado y de vuelta a las carreras, el australiano est\u00e1 entusiasmado por continuar su trayectoria con el Team Jayco Alula.\u00a0<\/p>\n<p>\u00abEstoy muy feliz. Creo que, despu\u00e9s de los problemas que tuve durante el verano, aprend\u00ed a valorar m\u00e1s al equipo, mi vida, c\u00f3mo es y los \u00faltimos a\u00f1os que he vivido en el ciclismo.<strong> Todav\u00eda me siento como si tuviera 25 a\u00f1os, as\u00ed que estoy emocionado de continuar este camino con el Team Jayco Alula y mi carrera ciclista<\/strong>\u00ab, se\u00f1al\u00f3.<\/p>\n<p data-mrf-recirculation=\"Links P\u00e1rrafos\" class=\"ue-c-article__paragraph paragraph\">Matthews se perdi\u00f3 este a\u00f1o el que iba a ser su octavo Tour tras detectarle una embolia pulmonar\u00a0<strong>durante una concentraci\u00f3n en altura junto a su equipo.\u00a0<\/strong>El ciclista &#8216;aussie&#8217; se hab\u00eda impuesto al esprint en la Eschborn-Frankfurt, la \u00faltima carrera en la que hab\u00eda participado, y <strong>en su palmar\u00e9s figuran 43 victorias.<\/strong><\/p>\n<p data-mrf-recirculation=\"Links P\u00e1rrafos\" class=\"ue-c-article__paragraph paragraph\"><strong>Matthews estuvo en el Mundial de ciclismo en ruta de Kigali<\/strong> (Ruanda) y gan\u00f3 el oro junto a Lucas Plapp, Jay Vine,\u00a0Brodie Chapman,\u00a0Amanda Spratt y Felicity Wilson-Haffenden en el relevo mixto por equipos.<\/p>\n","protected":false},"excerpt":{"rendered":"El australiano Michael Matthews (Canberra, 35 a\u00f1os), ganador de etapas en Tour, Giro y Vuelta, ha comprometido su&hellip;\n","protected":false},"author":2,"featured_media":216519,"comment_status":"","ping_status":"","sticky":false,"template":"","format":"standard","meta":{"footnotes":""},"categories":[273],"tags":[313,312,168,25,24,23,167],"class_list":{"0":"post-216518","1":"post","2":"type-post","3":"status-publish","4":"format-standard","5":"has-post-thumbnail","7":"category-ciclismo","8":"tag-ciclismo","9":"tag-cycling","10":"tag-deportes","11":"tag-es","12":"tag-espana","13":"tag-spain","14":"tag-sports"},"share_on_mastodon":{"url":"https:\/\/pubeurope.com\/@es\/115486705783044969","error":""},"_links":{"self":[{"href":"https:\/\/www.europesays.com\/es\/wp-json\/wp\/v2\/posts\/216518","targetHints":{"allow":["GET"]}}],"collection":[{"href":"https:\/\/www.europesays.com\/es\/wp-json\/wp\/v2\/posts"}],"about":[{"href":"https:\/\/www.europesays.com\/es\/wp-json\/wp\/v2\/types\/post"}],"author":[{"embeddable":true,"href":"https:\/\/www.europesays.com\/es\/wp-json\/wp\/v2\/users\/2"}],"replies":[{"embeddable":true,"href":"https:\/\/www.europesays.com\/es\/wp-json\/wp\/v2\/comments?post=216518"}],"version-history":[{"count":0,"href":"https:\/\/www.europesays.com\/es\/wp-json\/wp\/v2\/posts\/216518\/revisions"}],"wp:featuredmedia":[{"embeddable":true,"href":"https:\/\/www.europesays.com\/es\/wp-json\/wp\/v2\/media\/216519"}],"wp:attachment":[{"href":"https:\/\/www.europesays.com\/es\/wp-json\/wp\/v2\/media?parent=216518"}],"wp:term":[{"taxonomy":"category","embeddable":true,"href":"https:\/\/www.europesays.com\/es\/wp-json\/wp\/v2\/categories?post=216518"},{"taxonomy":"post_tag","embeddable":true,"href":"https:\/\/www.europesays.com\/es\/wp-json\/wp\/v2\/tags?post=216518"}],"curies":[{"name":"wp","href":"https:\/\/api.w.org\/{rel}","templated":true}]}}