{"id":216530,"date":"2025-11-03T16:35:06","date_gmt":"2025-11-03T16:35:06","guid":{"rendered":"https:\/\/www.europesays.com\/es\/216530\/"},"modified":"2025-11-03T16:35:06","modified_gmt":"2025-11-03T16:35:06","slug":"toy-story-5-se-filtran-las-primeras-imagenes-de-los-nuevos-personajes","status":"publish","type":"post","link":"https:\/\/www.europesays.com\/es\/216530\/","title":{"rendered":"&#8216;Toy Story 5&#8217;: Se filtran las primeras im\u00e1genes de los nuevos personajes"},"content":{"rendered":"<p><b>&#8216;<a href=\"https:\/\/www.ecartelera.com\/sagas\/toy-story\/\" rel=\"nofollow noopener\" target=\"_blank\">Toy Story<\/a>&#8216; cumple en 2025 treinta a\u00f1os desde su primer estreno<\/b>. Despu\u00e9s de cuatro pel\u00edculas, varios cortometrajes de personajes y el spin-off de &#8216;<a href=\"https:\/\/www.ecartelera.com\/peliculas\/lightyear\/\" rel=\"nofollow noopener\" target=\"_blank\">Lightyear<\/a>&#8216;, en 2023 se confirm\u00f3 que llegar\u00eda &#8216;<a href=\"https:\/\/www.ecartelera.com\/peliculas\/toy-story-5\/\" rel=\"nofollow noopener\" target=\"_blank\">Toy Story 5<\/a>&#8216;. A pesar del recelo de los espectadores a que se estire el chicle de la historia, <b>la expectaci\u00f3n por la nueva entrega es alt\u00edsima<\/b>. <\/p>\n<p>Tr\u00e1iler 2 espa\u00f1ol &#8216;Lightyear&#8217;<\/p>\n<p><video id=\"vid-30520\" class=\"video-js vjs-default-skin\" data-title=\"Tr\u00e1iler 2 espa\u00f1ol 'Lightyear'\" poster=\"https:\/\/www.ecartelera.com\/images\/videos\/30500\/f30520.jpg\" controls=\"\" preload=\"auto\" width=\"640\" height=\"360\" playsinline=\"\" data-vtt=\"\/\/v1.ecartelera.com\/video\/30500\/30520_sprite.vtt\" data-stream=\"1\">El navegador no soporta el tag de v\u00eddeo.<\/video><\/p>\n<p>X<\/p>\n<p>Despu\u00e9s de conocer algunos detalles de la trama, ahora podemos ver <b>im\u00e1genes de los protagonistas de siempre y las nuevas incorporaciones<\/b>. Parte del nuevo material promocional se ha filtrado y nos ense\u00f1a a Jessie y su caballo Perdig\u00f3n, a Woody con un poncho rojo, y a tres nuevas incorporaciones: <b>Atlas, Smarty Pants y Snappy<\/b> son los juguetes que veremos muy probablemente en la habitaci\u00f3n de Bonnie por primera vez. <\/p>\n<p>Jessie ser\u00e1 la gran protagonista de &#8216;Toy Story 5&#8217;. As\u00ed lo confirm\u00f3 <a href=\"https:\/\/www.ecartelera.com\/personas\/tim-allen\/\" rel=\"nofollow noopener\" target=\"_blank\">Tim Allen<\/a> (la voz de Buzz Lightyear) en el programa de <a href=\"https:\/\/www.ecartelera.com\/personas\/jimmy-kimmel\/\" rel=\"nofollow noopener\" target=\"_blank\">Jimmy Kimmel<\/a>: \u00abEs todo sobre Jessie, lo que es genial. Est\u00e1 en problemas y necesita ayuda. <b>Estamos todos dispersos, as\u00ed que tiene que reunirnos a todos<\/b>\u00ab. Ella, junto al nuevo tr\u00edo de juguetes, protagonizan una de las im\u00e1genes filtradas de la promo. <\/p>\n<blockquote class=\"twitter-tweet\">\n<p lang=\"en\" dir=\"ltr\">UPDATE:<br \/>More shirts have been revealed! It seems Woody is going to get a poncho at some point in Toy Story 5! <\/p>\n<p>Here&#8217;s another look at the secondary characters too.<a href=\"https:\/\/twitter.com\/hashtag\/toystory5?src=hash&amp;ref_src=twsrc%5Etfw\" rel=\"nofollow noopener\" target=\"_blank\">#toystory5<\/a> <a href=\"https:\/\/twitter.com\/hashtag\/pixar?src=hash&amp;ref_src=twsrc%5Etfw\" rel=\"nofollow noopener\" target=\"_blank\">#pixar<\/a> <a href=\"https:\/\/twitter.com\/hashtag\/Disney?src=hash&amp;ref_src=twsrc%5Etfw\" rel=\"nofollow noopener\" target=\"_blank\">#Disney<\/a> <a href=\"https:\/\/t.co\/lYN4pNyxCQ\" rel=\"nofollow\">https:\/\/t.co\/lYN4pNyxCQ<\/a> <a href=\"https:\/\/t.co\/Q021zQzaRc\" rel=\"nofollow\">pic.twitter.com\/Q021zQzaRc<\/a><\/p>\n<p>\u2014 Opposing Horse (@OpposingHorse) <a href=\"https:\/\/twitter.com\/OpposingHorse\/status\/1984815507879412114?ref_src=twsrc%5Etfw\" rel=\"nofollow noopener\" target=\"_blank\">November 2, 2025<\/a><\/p><\/blockquote>\n<p>Adem\u00e1s, otros entresijos del argumento han sido desvelados. Los juguetes se enfrentar\u00edan a las nuevas tecnolog\u00edas: <b>una tablet con forma de rana y de nombre Lilypad<\/b> ser\u00e1 una de las villanas de la historia. Junto a ella, <b>un ej\u00e9rcito de m\u00e1s de 50 Lightyears<\/b> tambi\u00e9n protagonizar\u00e1 otra de las aventuras de la pel\u00edcula como villanos de esta.<\/p>\n<p>Como Allen, tambi\u00e9n vuelve <a href=\"https:\/\/www.ecartelera.com\/personas\/tom-hanks\/\" rel=\"nofollow noopener\" target=\"_blank\">Tom Hanks<\/a> en el papel de Woody, <a href=\"https:\/\/www.ecartelera.com\/personas\/joan-cusack\/\" rel=\"nofollow noopener\" target=\"_blank\">Joan Cusack<\/a> ser\u00e1 Jessie y se incorporan <a href=\"https:\/\/www.ecartelera.com\/personas\/anna-faris\/\" rel=\"nofollow noopener\" target=\"_blank\">Anna Faris<\/a> como Lilypad y <a href=\"https:\/\/www.ecartelera.com\/personas\/conan-obrien\/\" rel=\"nofollow noopener\" target=\"_blank\">Conan O&#8217;Brien<\/a> como Smarty Pants. <a href=\"https:\/\/www.ecartelera.com\/personas\/andrew-stanton\/\" rel=\"nofollow noopener\" target=\"_blank\">Andrew Stanton<\/a> es director y guionista de esta nueva entrega de la saga, que llega a los cines el <b>19 de junio de 2026<\/b>. <\/p>\n<p>30 a\u00f1os de \u00e9xitos <\/p>\n<p>Tras las enormes diferencias entre la taquilla de una historia original como &#8216;<a href=\"https:\/\/www.ecartelera.com\/peliculas\/elio\/\" rel=\"nofollow noopener\" target=\"_blank\">Elio<\/a>&#8216; (154 millones de d\u00f3lares en taquilla) y una secuela como &#8216;<a href=\"https:\/\/www.ecartelera.com\/peliculas\/del-reves-2\/\" rel=\"nofollow noopener\" target=\"_blank\">Del rev\u00e9s 2 (Inside Out 2)<\/a>&#8216; (1.700 millones), las apuestas de Disney son claras. &#8216;Toy Story&#8217;, adem\u00e1s, es una de las franquicias m\u00e1s aclamadas por p\u00fablico y cr\u00edtica, y <b>su \u00e9xito en taquilla est\u00e1 tambi\u00e9n m\u00e1s que probado<\/b>. <\/p>\n<p>La primera entrega en 1995 alcanz\u00f3 una cifra de 237 millones de d\u00f3lares en todo el mundo y la \u00faltima en 2019 super\u00f3 los 1.000 millones, como ya hab\u00eda hecho &#8216;<a href=\"https:\/\/www.ecartelera.com\/peliculas\/toy-story-3\/\" rel=\"nofollow noopener\" target=\"_blank\">Toy Story 3<\/a>&#8216; en 2010. Veremos si &#8216;Toy Story 5&#8217; supera a sus predecesoras a su esperado estreno el <b>19 de junio de 2026<\/b>.<\/p>\n<p><script async src=\"https:\/\/platform.twitter.com\/widgets.js\" charset=\"utf-8\"><\/script><\/p>\n","protected":false},"excerpt":{"rendered":"&#8216;Toy Story&#8216; cumple en 2025 treinta a\u00f1os desde su primer estreno. Despu\u00e9s de cuatro pel\u00edculas, varios cortometrajes de&hellip;\n","protected":false},"author":2,"featured_media":216531,"comment_status":"","ping_status":"","sticky":false,"template":"","format":"standard","meta":{"footnotes":""},"categories":[169],"tags":[1014,1015,1013,177,1011,146,147,25,24,782,176,1019,1016,175,753,1012,23,1017,1018],"class_list":{"0":"post-216530","1":"post","2":"type-post","3":"status-publish","4":"format-standard","5":"has-post-thumbnail","7":"category-cine","8":"tag-actores","9":"tag-actrices","10":"tag-cartelera","11":"tag-cine","12":"tag-ecartelera","13":"tag-entertainment","14":"tag-entretenimiento","15":"tag-es","16":"tag-espana","17":"tag-estrellas","18":"tag-film","19":"tag-fotogramas","20":"tag-fotos","21":"tag-movies","22":"tag-peliculas","23":"tag-pelis","24":"tag-spain","25":"tag-trailers","26":"tag-videos"},"share_on_mastodon":{"url":"https:\/\/pubeurope.com\/@es\/115486741253152955","error":""},"_links":{"self":[{"href":"https:\/\/www.europesays.com\/es\/wp-json\/wp\/v2\/posts\/216530","targetHints":{"allow":["GET"]}}],"collection":[{"href":"https:\/\/www.europesays.com\/es\/wp-json\/wp\/v2\/posts"}],"about":[{"href":"https:\/\/www.europesays.com\/es\/wp-json\/wp\/v2\/types\/post"}],"author":[{"embeddable":true,"href":"https:\/\/www.europesays.com\/es\/wp-json\/wp\/v2\/users\/2"}],"replies":[{"embeddable":true,"href":"https:\/\/www.europesays.com\/es\/wp-json\/wp\/v2\/comments?post=216530"}],"version-history":[{"count":0,"href":"https:\/\/www.europesays.com\/es\/wp-json\/wp\/v2\/posts\/216530\/revisions"}],"wp:featuredmedia":[{"embeddable":true,"href":"https:\/\/www.europesays.com\/es\/wp-json\/wp\/v2\/media\/216531"}],"wp:attachment":[{"href":"https:\/\/www.europesays.com\/es\/wp-json\/wp\/v2\/media?parent=216530"}],"wp:term":[{"taxonomy":"category","embeddable":true,"href":"https:\/\/www.europesays.com\/es\/wp-json\/wp\/v2\/categories?post=216530"},{"taxonomy":"post_tag","embeddable":true,"href":"https:\/\/www.europesays.com\/es\/wp-json\/wp\/v2\/tags?post=216530"}],"curies":[{"name":"wp","href":"https:\/\/api.w.org\/{rel}","templated":true}]}}