{"id":216541,"date":"2025-11-03T16:41:06","date_gmt":"2025-11-03T16:41:06","guid":{"rendered":"https:\/\/www.europesays.com\/es\/216541\/"},"modified":"2025-11-03T16:41:06","modified_gmt":"2025-11-03T16:41:06","slug":"acusan-de-intento-de-asesinato-al-sospechoso-del-ataque-en-un-tren-en-inglaterra","status":"publish","type":"post","link":"https:\/\/www.europesays.com\/es\/216541\/","title":{"rendered":"Acusan de intento de asesinato al sospechoso del ataque en un tren en Inglaterra"},"content":{"rendered":"<p>    <img src=\"https:\/\/www.europesays.com\/es\/wp-content\/uploads\/2025\/11\/2025-11-03T143A163A05Z-90270799.jpg\" width=\"1024\" height=\"576\" alt=\"\" loading=\"eager\" decoding=\"sync\" fetchpriority=\"high\"\/><\/p>\n<p>            afp_tickers        <\/p>\n<p>        Este contenido fue publicado en    <\/p>\n<p>        03 noviembre 2025 &#8211; 16:19\n<\/p>\n<p>El sospechoso del ataque que dej\u00f3 diez heridos, el s\u00e1bado en un tren en Inglaterra, fue acusado de intento de asesinato, inform\u00f3 el lunes la polic\u00eda brit\u00e1nica, que a\u00f1adi\u00f3 que podr\u00eda estar vinculado a otros cuatro incidentes.<\/p>\n<p>Seg\u00fan la polic\u00eda, Anthony Williams, de 32 a\u00f1os, pudo haber intervenido en tres incidentes el viernes y el s\u00e1bado en Peterborough (este de Inglaterra), donde reside el acusado, resultando herido por apu\u00f1alamiento un adolescente de catorce a\u00f1os.<\/p>\n<p>Adem\u00e1s del ataque en el tren y de los tres incidentes en Peterborough, el detenido tambi\u00e9n es sospechoso de otra agresi\u00f3n con cuchillo cometida el s\u00e1bado por la ma\u00f1ana en el metro de Londres.<\/p>\n<p>El ataque con cuchillo, que dej\u00f3 diez heridos, nueve de ellos graves, se produjo en un tren que hab\u00eda sali\u00f3 el s\u00e1bado de Doncaster (norte de Inglaterra), con destino a la estaci\u00f3n londinense de King\u2019s Cross.<\/p>\n<p>El conductor tuvo que cambiar de ruta para permitir que la polic\u00eda y los servicios de emergencia intervinieran en la estaci\u00f3n de Huntingdon, cerca de Cambridge, en el este de Inglaterra.<\/p>\n<p>Un trabajador ferroviario de la compa\u00f1\u00eda ferroviaria, que intent\u00f3 detener al agresor\u00a0y que result\u00f3 gravemente herido, fue calificado como h\u00e9roe por la ministra brit\u00e1nica de Transportes, Heidi Alexander.<\/p>\n<p>\u00abFue a hacer su trabajo y sali\u00f3 de all\u00ed convertido en un h\u00e9roe. Hoy hay personas que est\u00e1n vivas gracias a su acci\u00f3n y su valent\u00eda\u00bb, dijo la ministra.<\/p>\n<p>\u2013 Prisi\u00f3n preventiva \u2013<\/p>\n<p>Anthony Williams, un brit\u00e1nico nacido en Reino Unido, compareci\u00f3 el lunes por la ma\u00f1ana ante un tribunal de Peterborough, que decidi\u00f3 ponerlo en prisi\u00f3n preventiva.<\/p>\n<p>Cinco de los diez heridos segu\u00edan hospitalizados el lunes, tras el ataque del acusado, que hab\u00eda subido al tren en Peterborough, seg\u00fan la polic\u00eda.<\/p>\n<p>Entre los que permanecen ingresados est\u00e1 el empleado de la compa\u00f1\u00eda ferroviaria, que intent\u00f3 detener al agresor y cuyo estado es \u00abcr\u00edtico pero estable\u00bb, inform\u00f3 la ministra de Transportes.<\/p>\n<p>Seg\u00fan la agencia brit\u00e1nica PA, una de las v\u00edctimas result\u00f3 herida en el rostro por pu\u00f1aladas.<\/p>\n<p>El club de f\u00fatbol Scunthorpe United identific\u00f3 como una de las v\u00edctimas a su defensa Jonathan Gjoshe, que permanece en el hospital, aunque su vida no corre peligro.<\/p>\n<p>El Scunthorpe United juega en la National League, la quinta divisi\u00f3n del sistema de ligas de f\u00fatbol en Inglaterra.<\/p>\n<p>El jefe de la polic\u00eda de transportes, John Loveless, indic\u00f3 el domingo que \u00abnada sugiere que se trate de un incidente terrorista\u00bb.<\/p>\n<p>\u2013 \u00abSangre por todas partes\u00bb \u2013<\/p>\n<p>Varios testigos relataron a los medios el p\u00e1nico dentro del vag\u00f3n, la \u00absangre por todas partes\u00bb y los gritos que advert\u00edan a los pasajeros de que un hombre \u00abestaba apu\u00f1alando a todo el mundo\u00bb.\u00a0<\/p>\n<p>La polic\u00eda local hab\u00eda detenido el s\u00e1bado a otro hombre de 35 a\u00f1os, quien finalmente fue puesto en libertad el domingo al comprobarse que \u00abno est\u00e1 implicado\u00bb en el ataque.<\/p>\n<p>La polic\u00eda hab\u00eda anunciado el domingo que el detenido, cuyo nombre no fue desvelado hasta el lunes, era un hombre negro brit\u00e1nico, y que el segundo sospechoso, ya en libertad, era un brit\u00e1nico de origen caribe\u00f1o.<\/p>\n<p>Tracy Easton, del Servicio de Fiscal\u00eda de la Corona, afirm\u00f3 que la investigaci\u00f3n hab\u00eda implicado \u00abuna enorme cantidad de pruebas, incluyendo grabaciones\u00bb de v\u00eddeo.<\/p>\n<p>\u00abSomos conscientes del impacto devastador que tuvieron los hechos ocurridos en el tren del s\u00e1bado y de c\u00f3mo el incidente conmocion\u00f3 a todo el pa\u00eds. Nuestros pensamientos siguen con todos los afectados\u00bb, a\u00f1adi\u00f3.<\/p>\n<p>En Inglaterra y Gales, donde la legislaci\u00f3n sobre armas de fuego es muy estricta, la violencia con armas blancas ha aumentado considerablemente en los \u00faltimos 15 a\u00f1os, seg\u00fan cifras oficiales.<\/p>\n<p>psr\/an\/pb\/mb<\/p>\n","protected":false},"excerpt":{"rendered":"afp_tickers Este contenido fue publicado en 03 noviembre 2025 &#8211; 16:19 El sospechoso del ataque que dej\u00f3 diez&hellip;\n","protected":false},"author":2,"featured_media":216542,"comment_status":"","ping_status":"","sticky":false,"template":"","format":"standard","meta":{"footnotes":""},"categories":[42],"tags":[25887,17,18,82,11892,13,14,11,61,62,63,64,19,20,7657,17067,9,10,15,16,1384,57585,90,12,22917,21,22,65,66,67],"class_list":{"0":"post-216541","1":"post","2":"type-post","3":"status-publish","4":"format-standard","5":"has-post-thumbnail","7":"category-internacional","8":"tag-assault-general","9":"tag-breaking-news","10":"tag-breakingnews","11":"tag-business","12":"tag-crime","13":"tag-featured-news","14":"tag-featurednews","15":"tag-headlines","16":"tag-internacional","17":"tag-international","18":"tag-international-news","19":"tag-internationalnews","20":"tag-latest-news","21":"tag-latestnews","22":"tag-law-and-order","23":"tag-law-enforcement","24":"tag-news","25":"tag-noticias","26":"tag-noticias-destacadas","27":"tag-noticiasdestacadas","28":"tag-police","29":"tag-railway","30":"tag-ticker","31":"tag-titulares","32":"tag-transport","33":"tag-ultimas-noticias","34":"tag-ultimasnoticias","35":"tag-world","36":"tag-world-news","37":"tag-worldnews"},"share_on_mastodon":{"url":"https:\/\/pubeurope.com\/@es\/115486764987115429","error":""},"_links":{"self":[{"href":"https:\/\/www.europesays.com\/es\/wp-json\/wp\/v2\/posts\/216541","targetHints":{"allow":["GET"]}}],"collection":[{"href":"https:\/\/www.europesays.com\/es\/wp-json\/wp\/v2\/posts"}],"about":[{"href":"https:\/\/www.europesays.com\/es\/wp-json\/wp\/v2\/types\/post"}],"author":[{"embeddable":true,"href":"https:\/\/www.europesays.com\/es\/wp-json\/wp\/v2\/users\/2"}],"replies":[{"embeddable":true,"href":"https:\/\/www.europesays.com\/es\/wp-json\/wp\/v2\/comments?post=216541"}],"version-history":[{"count":0,"href":"https:\/\/www.europesays.com\/es\/wp-json\/wp\/v2\/posts\/216541\/revisions"}],"wp:featuredmedia":[{"embeddable":true,"href":"https:\/\/www.europesays.com\/es\/wp-json\/wp\/v2\/media\/216542"}],"wp:attachment":[{"href":"https:\/\/www.europesays.com\/es\/wp-json\/wp\/v2\/media?parent=216541"}],"wp:term":[{"taxonomy":"category","embeddable":true,"href":"https:\/\/www.europesays.com\/es\/wp-json\/wp\/v2\/categories?post=216541"},{"taxonomy":"post_tag","embeddable":true,"href":"https:\/\/www.europesays.com\/es\/wp-json\/wp\/v2\/tags?post=216541"}],"curies":[{"name":"wp","href":"https:\/\/api.w.org\/{rel}","templated":true}]}}