{"id":216551,"date":"2025-11-03T16:51:15","date_gmt":"2025-11-03T16:51:15","guid":{"rendered":"https:\/\/www.europesays.com\/es\/216551\/"},"modified":"2025-11-03T16:51:15","modified_gmt":"2025-11-03T16:51:15","slug":"el-bosco-merida-acaba-con-la-imbatibilidad-del-san-antonio","status":"publish","type":"post","link":"https:\/\/www.europesays.com\/es\/216551\/","title":{"rendered":"El Bosco M\u00e9rida acaba con la imbatibilidad del San Antonio"},"content":{"rendered":"<p class=\"ft-text\"><strong>El San Antonio C\u00e1ceres perdi\u00f3 el liderato del grupo D-B de la Tercera FEBy tambi\u00e9n la condici\u00f3n de invicto tras caer ante el Bosco M\u00e9rida Patrimonio de la Humanidad (71-78). <\/strong>Fue un partido muy igualado y de rachas: los visitantes pasaron de ir 12 arriba al descanso (37-49) a verse ocho abajo despu\u00e9s, imponi\u00e9ndose gracias a su cabeza m\u00e1s fr\u00eda en la recta final y el acierto de Rodrigo Carretero..<\/p>\n<p class=\"ft-text\">Fue el \u00faltimo encuentro de una jornada en la que hubo otro derbi extreme\u00f1o el s\u00e1bado: el<strong> clar\u00edsimo triunfo del V\u00edtaly La Mar BCBadajoz en la pistas del Hache Publicidad Moraleja (53-90).<\/strong><\/p>\n<p class=\"ft-text\">El otro equipo pacense de la competici\u00f3n, <strong>el CBA Spain, fue apabullado en casa por el Baublock (68-90).<\/strong> Y tambi\u00e9n <strong>perdi\u00f3 el Lithium Iberia Sagrado en la cancha del Alcal\u00e1 Caja 87 (71-67)<\/strong>, con lo que pasa a ser colista y \u00fanico equipo en el grupo que no ha ganado a\u00fan<\/p>\n","protected":false},"excerpt":{"rendered":"El San Antonio C\u00e1ceres perdi\u00f3 el liderato del grupo D-B de la Tercera FEBy tambi\u00e9n la condici\u00f3n de&hellip;\n","protected":false},"author":2,"featured_media":216552,"comment_status":"","ping_status":"","sticky":false,"template":"","format":"standard","meta":{"footnotes":""},"categories":[269],"tags":[2887,299,298,39505,168,25,24,58070,7236,2228,23,167,12270],"class_list":{"0":"post-216551","1":"post","2":"type-post","3":"status-publish","4":"format-standard","5":"has-post-thumbnail","7":"category-baloncesto","8":"tag-acaba","9":"tag-baloncesto","10":"tag-basketball","11":"tag-bosco","12":"tag-deportes","13":"tag-es","14":"tag-espana","15":"tag-imbatibilidad","16":"tag-merida","17":"tag-san","18":"tag-spain","19":"tag-sports","20":"tag-tercera-feb"},"share_on_mastodon":{"url":"https:\/\/pubeurope.com\/@es\/115486804183190744","error":""},"_links":{"self":[{"href":"https:\/\/www.europesays.com\/es\/wp-json\/wp\/v2\/posts\/216551","targetHints":{"allow":["GET"]}}],"collection":[{"href":"https:\/\/www.europesays.com\/es\/wp-json\/wp\/v2\/posts"}],"about":[{"href":"https:\/\/www.europesays.com\/es\/wp-json\/wp\/v2\/types\/post"}],"author":[{"embeddable":true,"href":"https:\/\/www.europesays.com\/es\/wp-json\/wp\/v2\/users\/2"}],"replies":[{"embeddable":true,"href":"https:\/\/www.europesays.com\/es\/wp-json\/wp\/v2\/comments?post=216551"}],"version-history":[{"count":0,"href":"https:\/\/www.europesays.com\/es\/wp-json\/wp\/v2\/posts\/216551\/revisions"}],"wp:featuredmedia":[{"embeddable":true,"href":"https:\/\/www.europesays.com\/es\/wp-json\/wp\/v2\/media\/216552"}],"wp:attachment":[{"href":"https:\/\/www.europesays.com\/es\/wp-json\/wp\/v2\/media?parent=216551"}],"wp:term":[{"taxonomy":"category","embeddable":true,"href":"https:\/\/www.europesays.com\/es\/wp-json\/wp\/v2\/categories?post=216551"},{"taxonomy":"post_tag","embeddable":true,"href":"https:\/\/www.europesays.com\/es\/wp-json\/wp\/v2\/tags?post=216551"}],"curies":[{"name":"wp","href":"https:\/\/api.w.org\/{rel}","templated":true}]}}