{"id":216580,"date":"2025-11-03T17:12:07","date_gmt":"2025-11-03T17:12:07","guid":{"rendered":"https:\/\/www.europesays.com\/es\/216580\/"},"modified":"2025-11-03T17:12:07","modified_gmt":"2025-11-03T17:12:07","slug":"el-van-aert-de-4-anos-ya-sube-a-podios-mientras-el-padre-dibuja-su-2026-con-ciclocros-y-una-gran-duda","status":"publish","type":"post","link":"https:\/\/www.europesays.com\/es\/216580\/","title":{"rendered":"El Van Aert de 4 a\u00f1os ya sube a podios mientras el padre dibuja su 2026 con ciclocr\u00f3s y una gran duda"},"content":{"rendered":"<p data-mrf-recirculation=\"Links P\u00e1rrafos\" class=\"ue-c-article__paragraph paragraph ue-c-article--first-letter-highlighted\">\u00bfOtro <strong>Van Aert <\/strong>ciclista a la vista? Todo apunta a que s\u00ed. El apellido ya suena fuerte en la siguiente generaci\u00f3n. <strong>Georges, <\/strong>el hijo mayor de <strong>Wout,<\/strong> apenas tiene cuatro a\u00f1os y ya sabe lo que es subirse a un podio. Ocurri\u00f3 este fin de semana, durante la prueba infantil que acompa\u00f1\u00f3 al criterium de despedida de <strong>Tim Declercq.<\/strong> El peque\u00f1o, con su maillot belga y una sonrisa de oreja a oreja, termin\u00f3 tercero y celebr\u00f3 su medalla mientras su padre lo miraba desde la valla, m\u00f3vil en mano, incapaz de ocultar la emoci\u00f3n.<\/p>\n<p data-mrf-recirculation=\"Links P\u00e1rrafos\" class=\"ue-c-article__paragraph paragraph\">La escena fue puro simbolismo: el ciclista que ha hecho del esfuerzo su bandera ahora disfruta viendo c\u00f3mo su hijo comienza a pedalear su propia historia. Wout Van Aert, que cerr\u00f3 la temporada con exhibiciones como la de Par\u00eds frente a Pogacar, vivi\u00f3 un d\u00eda muy distinto, de esos que no se cuentan en watts ni victorias, sino en orgullo. \u201cNo pod\u00eda dejar de mirarle\u201d, dec\u00edan cerca del belga, conmovido ante la naturalidad con la que Georges afront\u00f3 la carrera. A su lado, el peque\u00f1o Jerome, el benjam\u00edn de la familia, observaba cada pedalada con curiosidad.<\/p>\n<p data-mrf-recirculation=\"Links P\u00e1rrafos\" class=\"ue-c-article__paragraph paragraph\">Pero mientras el futuro parece asegurado en casa, el presente deportivo de Wout sigue marcando titulares. De regreso a los entrenamientos tras unas vacaciones \u201cmuy necesarias\u201d, el corredor del Visma | Lease a Bike fue claro al analizar el recorrido del pr\u00f3ximo Tour de Francia: \u201cNo es un trazado hecho a mi medida. Hay pocos d\u00edas para escapadas y muchas etapas de monta\u00f1a o de sprint\u201d. Aun as\u00ed, el belga mantiene la ambici\u00f3n intacta. \u201cCuando est\u00e9 al cien por cien, podr\u00e9 demostrar algo en cualquier terreno. Ese es mi objetivo\u201d.<\/p>\n<p>Un plan para este a\u00f1o<\/p>\n<p data-mrf-recirculation=\"Links P\u00e1rrafos\" class=\"ue-c-article__paragraph paragraph\">En su horizonte inmediato, el ciclocross vuelve a aparecer, aunque esta vez sin la presi\u00f3n de anta\u00f1o.<strong> \u201cAhora el cross tiene que ceder un poco\u201d,<\/strong> admiti\u00f3. Su prioridad est\u00e1 en reencontrar las sensaciones que le hicieron \u00fanico: esa mezcla de potencia, instinto y rebeld\u00eda que lo convirtieron en uno de los ciclistas m\u00e1s carism\u00e1ticos del pelot\u00f3n.<\/p>\n<p data-mrf-recirculation=\"Links P\u00e1rrafos\" class=\"ue-c-article__paragraph paragraph\">Mientras Wout afina su forma, en el interior del Visma emerge un nuevo protagonista: <strong>Jesper Morkov<\/strong>, el joven director deportivo que ha guiado al equipo a un doblete hist\u00f3rico en Giro y Vuelta. A sus 37 a\u00f1os, el dan\u00e9s ha demostrado temple y autoridad para coordinar a figuras del calibre de Vingegaard o el propio Van Aert. <strong>\u201cTuve que acostumbrarme a dar \u00f3rdenes a Wout\u201d, reconoci\u00f3 entre risas.<\/strong> \u201cEs una de las mayores estrellas del deporte, y al principio me resultaba raro decirle c\u00f3mo afrontar un final\u201d.<\/p>\n<p data-mrf-recirculation=\"Links P\u00e1rrafos\" class=\"ue-c-article__paragraph paragraph\">Morkov ha sido clave en un a\u00f1o redondo para la estructura neerlandesa, que levant\u00f3 las grandes vueltas con <strong>Simon Yates y Jonas Vingegaard,<\/strong> y form\u00f3 talentos como<strong> Matthew Brennan, <\/strong>ganador de doce pruebas en su primera temporada profesional. Su m\u00e9todo, discreto pero firme, ha consolidado la idea de un Visma competitivo incluso frente al todopoderoso UAE.<\/p>\n<p data-mrf-recirculation=\"Links P\u00e1rrafos\" class=\"ue-c-article__paragraph paragraph\">Entre generaciones que nacen y directores que se reinventan, el apellido Van Aert vuelve a brillar por partida doble. <strong>Wout busca reconquistar su trono en la carretera; Georges, desde su peque\u00f1o podio, ya apunta maneras. <\/strong>Y en el horizonte del ciclismo belga se asoma la posibilidad de una nueva saga destinada a seguir haciendo historia sobre dos ruedas.<\/p>\n","protected":false},"excerpt":{"rendered":"\u00bfOtro Van Aert ciclista a la vista? Todo apunta a que s\u00ed. El apellido ya suena fuerte en&hellip;\n","protected":false},"author":2,"featured_media":216581,"comment_status":"","ping_status":"","sticky":false,"template":"","format":"standard","meta":{"footnotes":""},"categories":[273],"tags":[313,312,168,25,24,23,167],"class_list":{"0":"post-216580","1":"post","2":"type-post","3":"status-publish","4":"format-standard","5":"has-post-thumbnail","7":"category-ciclismo","8":"tag-ciclismo","9":"tag-cycling","10":"tag-deportes","11":"tag-es","12":"tag-espana","13":"tag-spain","14":"tag-sports"},"share_on_mastodon":{"url":"https:\/\/pubeurope.com\/@es\/115486886667844755","error":""},"_links":{"self":[{"href":"https:\/\/www.europesays.com\/es\/wp-json\/wp\/v2\/posts\/216580","targetHints":{"allow":["GET"]}}],"collection":[{"href":"https:\/\/www.europesays.com\/es\/wp-json\/wp\/v2\/posts"}],"about":[{"href":"https:\/\/www.europesays.com\/es\/wp-json\/wp\/v2\/types\/post"}],"author":[{"embeddable":true,"href":"https:\/\/www.europesays.com\/es\/wp-json\/wp\/v2\/users\/2"}],"replies":[{"embeddable":true,"href":"https:\/\/www.europesays.com\/es\/wp-json\/wp\/v2\/comments?post=216580"}],"version-history":[{"count":0,"href":"https:\/\/www.europesays.com\/es\/wp-json\/wp\/v2\/posts\/216580\/revisions"}],"wp:featuredmedia":[{"embeddable":true,"href":"https:\/\/www.europesays.com\/es\/wp-json\/wp\/v2\/media\/216581"}],"wp:attachment":[{"href":"https:\/\/www.europesays.com\/es\/wp-json\/wp\/v2\/media?parent=216580"}],"wp:term":[{"taxonomy":"category","embeddable":true,"href":"https:\/\/www.europesays.com\/es\/wp-json\/wp\/v2\/categories?post=216580"},{"taxonomy":"post_tag","embeddable":true,"href":"https:\/\/www.europesays.com\/es\/wp-json\/wp\/v2\/tags?post=216580"}],"curies":[{"name":"wp","href":"https:\/\/api.w.org\/{rel}","templated":true}]}}