{"id":216626,"date":"2025-11-03T17:43:09","date_gmt":"2025-11-03T17:43:09","guid":{"rendered":"https:\/\/www.europesays.com\/es\/216626\/"},"modified":"2025-11-03T17:43:09","modified_gmt":"2025-11-03T17:43:09","slug":"gira-europea-de-savatage-clip-del-ultimo-rodaje-de-kreator-nuevo-disco-de-prometheus-rising","status":"publish","type":"post","link":"https:\/\/www.europesays.com\/es\/216626\/","title":{"rendered":"Gira europea de SAVATAGE. Clip del \u00faltimo rodaje de KREATOR. Nuevo disco de PROMETHEUS RISING."},"content":{"rendered":"<p>\u00a0<\/p>\n<p style=\"text-align: center;\"><strong><a href=\"#SAVATAGE\">Gira europea de SAVATAGE<\/a> \u2013 <a href=\"https:\/\/www.rafabasa.com\/2025\/11\/03\/savatage-kreator-prometheus-rising\/@KREATOR\" rel=\"nofollow noopener\" target=\"_blank\">Clip del \u00faltimo rodaje de KREATOR<\/a> \u2013 <a href=\"#PROMETHEUS\">Nuevo disco de PROMETHEUS RISING<\/a>.<\/strong><\/p>\n<p><a href=\"https:\/\/www.facebook.com\/savatage\" target=\"_blank\" rel=\"noopener nofollow\"><strong>SAVATAGE<\/strong><\/a> han anunciado una nueva gira europea para el pr\u00f3ximo verano.<\/p>\n<p>Estas son las citas:<\/p>\n<p>Junio<\/p>\n<ul>\n<li>3-6 Sweden, S\u00f6lvesborg \u2013 Sweden Rock Festival *<\/li>\n<\/ul>\n<p>Julio<\/p>\n<ul>\n<li>19 Istanbul, Turqu\u00eda \u2013 Zorlu PSM Turkcell Sahnesi<\/li>\n<li>21 July Bucharest, Ruman\u00eda \u2013 Arenele Romane Open Air<\/li>\n<li>23 Plovdiv, Bulgaria \u2013 BE4 Hills *<\/li>\n<li>25 Athens, Grecia \u2013 Release Festival *<\/li>\n<li>27 Pompeii, Italia \u2013 Amphitheatre of Pompeii VERY SPECIAL SHOW WITH ORCHESTRA<\/li>\n<li>28 Este, Italia \u2013 Castello Carrarese<\/li>\n<li>30 Wacken, Alemania \u2013 Wacken Open Air*<\/li>\n<\/ul>\n<p>Agosto<\/p>\n<ul>\n<li>1 Tilburg, Pa\u00edses Bajos \u2013 O13<\/li>\n<li>3 Pratteln, Suiza \u2013 Z7 Open Air (Special Guest: Nevermore)<\/li>\n<li><strong>5 Villena, Espa\u00f1a \u2013 Leyendas Del Rock *<\/strong><\/li>\n<li>7 Kortrijk, B\u00e9lgica \u2013 Alcatraz Festival *<\/li>\n<li>8 Hamburg, Alemania \u2013 Elb-Riot*<\/li>\n<li>9 Geiselwind, Alemania \u2013 Keep It True *<\/li>\n<li>11 Warsaw, Polonia \u2013 Progresja (Special Guests: Nevermore &amp; Armored Saint)<\/li>\n<li>12 Leipzig, Alemania \u2013 Parkb\u00fchne (Special Guest: Nevermore)<\/li>\n<li>13 Bonn, Alemania \u2013 KUNST!RASEN (Special Guest: Nevermore)<\/li>\n<li>15 Moravsk\u00fd Krumlov, Rep\u00fablica Checa \u2013 Rock Castle *<\/li>\n<\/ul>\n<p>* Fecha en festival<\/p>\n<p>La banda prepara un <a href=\"https:\/\/www.rafabasa.com\/2025\/04\/27\/savatage-epica-warkings\/#SAVATAGE\" rel=\"nofollow noopener\" target=\"_blank\">nuevo disco<\/a>.<\/p>\n<p><img fetchpriority=\"high\" decoding=\"async\" src=\"https:\/\/www.europesays.com\/es\/wp-content\/uploads\/2025\/11\/savatage2025_abril25_3.jpg\" alt=\"SAVATAGE\" width=\"500\" height=\"336\"\/><\/p>\n<p>El l\u00edder <strong>Jon Oliva<\/strong> ya <a href=\"https:\/\/www.rafabasa.com\/2025\/02\/05\/savatage-quiet-riot-vultures-vengeance\/#SAVATAGE\" target=\"_blank\" rel=\"noopener nofollow\">explic\u00f3 en febrero<\/a> su ausencia.<\/p>\n<p><strong>Zak Stevens<\/strong>, <strong>Chris Caffery<\/strong> y <strong>Jeff Plate<\/strong> <a href=\"https:\/\/www.rafabasa.com\/2024\/12\/27\/savatage-old-mans-child-progpower-europe\/#SAVATAGE\" target=\"_blank\" rel=\"noopener nofollow\">hablaron a finales del a\u00f1o pasado<\/a> de los futuros planes del grupo.<\/p>\n<p><a href=\"https:\/\/www.facebook.com\/savatage\" target=\"_blank\" rel=\"noopener nofollow\"><strong>SAVATAGE<\/strong><\/a> estar\u00e1n compuestos por <strong>Johnny Lee Middleton<\/strong>, <strong>Zak Stevens<\/strong>, <strong>Chris Caffery<\/strong>, <strong>Jeff Plate<\/strong> y <strong>Al Pitrelli<\/strong>.<\/p>\n<p>Pod\u00e9is encontrar nuestra cr\u00f3nica de su concierto en Londres en este <a href=\"https:\/\/www.rafabasa.com\/2025\/06\/24\/cronica-de-savatage-en-londres\/\" rel=\"nofollow noopener\" target=\"_blank\">enlace<\/a>.<\/p>\n<p>\u00a0<\/p>\n<p><a href=\"https:\/\/kreator-terrorzone.de\/\" target=\"_blank\" rel=\"noopener nofollow\"><strong>KREATOR<\/strong><\/a> han publicado un clip del rodaje del v\u00eddeo para su <a href=\"https:\/\/www.rafabasa.com\/2025\/10\/31\/nuevos-videos-de-kreator-y-despised-icon-graspop-metal-meeting\/\" rel=\"nofollow noopener\" target=\"_blank\">\u00faltimo single<\/a> \u201cTr\u00e4nenpalast\u201d.<\/p>\n<p><a href=\"https:\/\/kreator-terrorzone.de\/\" target=\"_blank\" rel=\"noopener nofollow\"><strong>KREATOR<\/strong><\/a> editar\u00e1n editar\u00e1n el 16 de enero a trav\u00e9s de Nuclear Blast un nuevo disco titulado \u201cKrushers Of The World\u201d.<\/p>\n<p>M\u00e1s detalles en esta <a href=\"https:\/\/www.rafabasa.com\/2025\/09\/24\/kreator-royal-hunt-secret-rule\/#KREATOR\" target=\"_blank\" rel=\"noopener nofollow\">noticia<\/a> y su anterior v\u00eddeo en <a href=\"https:\/\/www.rafabasa.com\/2025\/09\/28\/msg-kreator-terminal-violence-rancor\/#KREATOR2\" target=\"_blank\" rel=\"noopener nofollow\">esta<\/a>.<\/p>\n<p>La banda <a href=\"https:\/\/www.rafabasa.com\/2025\/09\/24\/kreator-carcass-exodus-y-nails-en-madrid\/\" target=\"_blank\" rel=\"noopener nofollow\">estar\u00e1 en Madrid<\/a> el pr\u00f3ximo mes de marzo junto a <strong>CARCASS<\/strong>, <strong>EXODUS<\/strong> y <strong>NAILS<\/strong>.<\/p>\n<p>El <a href=\"https:\/\/www.rafabasa.com\/2025\/06\/05\/kreator-monolith-iron-spell\/#KREATOR\" target=\"_blank\" rel=\"noopener nofollow\">nuevo documental<\/a> sobre <a href=\"https:\/\/kreator-terrorzone.de\/\" target=\"_blank\" rel=\"noopener nofollow\"><strong>KREATOR<\/strong><\/a> se estren\u00f3 el 2 de julio con el t\u00edtulo de \u00abKreator \u2013 Hate &amp; Hope\u00bb.<\/p>\n<p>El 28 de agosto Ullstein Verlag public\u00f3 la <a href=\"https:\/\/www.rafabasa.com\/2025\/06\/05\/kreator-monolith-iron-spell\/#KREATOR\" target=\"_blank\" rel=\"noopener nofollow\">biograf\u00eda del l\u00edder del grupo <strong>Mille Petrozza<\/strong><\/a> titulada \u00abYour Heaven, My Hell \u2013 Mein Leben, Heavy Metal Und Wie Das Alles Passieren Konnte\u00bb (\u00abTu cielo, mi infierno \u2013 Mi vida, Heavy Metal, Y como pudo suceder todo\u00bb).<\/p>\n<p>\u00a0<\/p>\n<p>\u00a0<\/p>\n<p><strong>PROMETHEUS RISING<\/strong> editan en estos d\u00edas su nuevo disco \u201cBlood of the Elohim\u201d.<\/p>\n<p>Estos son los temas que incluye:<\/p>\n<ul>\n<li>1.- In the Beggining \/Blood of Elohim<\/li>\n<li>2.- In the Search of the Gods<\/li>\n<li>3.- The Dark Tyrant<\/li>\n<li>4.- They Come at Night<\/li>\n<li>5.- L.D.I. (Blood of Heroes)<\/li>\n<li>6.- Stormriders<\/li>\n<li>7.- All That\u2019s Left Behind<\/li>\n<li>8.- Words in Time<\/li>\n<\/ul>\n<p>\u201c\u201cBlood of the Elohim\u201d se divide en dos l\u00edneas narrativas. La primera aborda temas de car\u00e1cter humano e hist\u00f3rico, como la resistencia mapuche durante la guerra de Arauco (\u2018L.D.I.\u2019), la historia de dos guerreros m\u00edsticos (\u2018Stormriders\u2019), la resiliencia frente al desastre (\u2018All That\u2019s Left Behind\u2019) y la presencia recurrente de la figura del tirano en distintas \u00e9pocas (\u2018The Dark Tyrant\u2019). La segunda mitad del \u00e1lbum se adentra en un relato m\u00edstico-religioso que plantea una relectura del Antiguo Testamento: las supuestas manifestaciones f\u00edsicas de Yahveh ser\u00edan, en realidad, la interpretaci\u00f3n err\u00f3nea de seres avanzados tecnol\u00f3gicamente que se presentaron como dioses ante la humanidad.<\/p>\n<p>Nuestro objetivo es seguir creciendo, darnos a conocer en el mundo y compartir escenario con otras bandas del g\u00e9nero. Este disco representa a\u00f1os de trabajo y una b\u00fasqueda personal entre la historia, la fe y la ciencia ficci\u00f3n\u201d, comenta Manuel Alarc\u00f3n.\u201d<\/p>\n<p>El material ha sido producido por el bajista y l\u00edder Manuel Alarc\u00f3n, quien tambi\u00e9n ha grabado guitarras, voces y bater\u00edas en los estudios de Vi\u00f1a del Mar Coyote Recordings. En la grabaci\u00f3n tambi\u00e9n han participado el bajista Rodrigo Aranda, el guitarrista Vicente Salucci y el bater\u00eda \u00d3scar Andr\u00e9s. La mezcla, masterizaci\u00f3n y dise\u00f1o tambi\u00e9n han sido realizados por Alarc\u00f3n.<\/p>\n<p>M\u00e1s sobre el grupo en su <a href=\"https:\/\/www.facebook.com\/profile.php?id=100085808839771\" rel=\"nofollow noopener\" target=\"_blank\">Facebook<\/a>.<\/p>\n<p>\u00a0<\/p>\n<p align=\"center\"><strong>Sigue el\u00a0<a href=\"https:\/\/whatsapp.com\/channel\/0029VaCprxVBA1f555USvT2O\" target=\"_blank\" rel=\"nofollow noopener\">Canal de RAFABASA.COM en WhatsApp<\/a>, donde encontrar\u00e1s todas nuestras novedades al instante<\/strong><\/p>\n<p>\u00a0<\/p>\n","protected":false},"excerpt":{"rendered":"\u00a0 Gira europea de SAVATAGE \u2013 Clip del \u00faltimo rodaje de KREATOR \u2013 Nuevo disco de PROMETHEUS RISING.&hellip;\n","protected":false},"author":2,"featured_media":216627,"comment_status":"","ping_status":"","sticky":false,"template":"","format":"standard","meta":{"footnotes":""},"categories":[170],"tags":[146,147,25,24,34517,184,185,58073,58074,23],"class_list":{"0":"post-216626","1":"post","2":"type-post","3":"status-publish","4":"format-standard","5":"has-post-thumbnail","7":"category-musica","8":"tag-entertainment","9":"tag-entretenimiento","10":"tag-es","11":"tag-espana","12":"tag-kreator","13":"tag-music","14":"tag-musica","15":"tag-prometheus-rising","16":"tag-savatage","17":"tag-spain"},"share_on_mastodon":{"url":"https:\/\/pubeurope.com\/@es\/115487008918412258","error":""},"_links":{"self":[{"href":"https:\/\/www.europesays.com\/es\/wp-json\/wp\/v2\/posts\/216626","targetHints":{"allow":["GET"]}}],"collection":[{"href":"https:\/\/www.europesays.com\/es\/wp-json\/wp\/v2\/posts"}],"about":[{"href":"https:\/\/www.europesays.com\/es\/wp-json\/wp\/v2\/types\/post"}],"author":[{"embeddable":true,"href":"https:\/\/www.europesays.com\/es\/wp-json\/wp\/v2\/users\/2"}],"replies":[{"embeddable":true,"href":"https:\/\/www.europesays.com\/es\/wp-json\/wp\/v2\/comments?post=216626"}],"version-history":[{"count":0,"href":"https:\/\/www.europesays.com\/es\/wp-json\/wp\/v2\/posts\/216626\/revisions"}],"wp:featuredmedia":[{"embeddable":true,"href":"https:\/\/www.europesays.com\/es\/wp-json\/wp\/v2\/media\/216627"}],"wp:attachment":[{"href":"https:\/\/www.europesays.com\/es\/wp-json\/wp\/v2\/media?parent=216626"}],"wp:term":[{"taxonomy":"category","embeddable":true,"href":"https:\/\/www.europesays.com\/es\/wp-json\/wp\/v2\/categories?post=216626"},{"taxonomy":"post_tag","embeddable":true,"href":"https:\/\/www.europesays.com\/es\/wp-json\/wp\/v2\/tags?post=216626"}],"curies":[{"name":"wp","href":"https:\/\/api.w.org\/{rel}","templated":true}]}}