{"id":216630,"date":"2025-11-03T17:45:07","date_gmt":"2025-11-03T17:45:07","guid":{"rendered":"https:\/\/www.europesays.com\/es\/216630\/"},"modified":"2025-11-03T17:45:07","modified_gmt":"2025-11-03T17:45:07","slug":"el-real-madrid-ultima-detalles-sin-espias-y-vuela-a-liverpool","status":"publish","type":"post","link":"https:\/\/www.europesays.com\/es\/216630\/","title":{"rendered":"El Real Madrid ultima detalles sin &#8216;espias&#8217; y vuela a Liverpool"},"content":{"rendered":"<p class=\"mb-4 text-lg md:leading-8 break-words\">Madrid, 3 nov (EFE).- El Real Madrid cerr\u00f3 en su casa, la ciudad deportiva de Valdebebas, con la mala noticia de la pubalgia que obliga a parar al argentino Franco Mastantuono, la corta preparaci\u00f3n de la visita a Anfield, antes de comer en equipo y volar en vuelo ch\u00e1rter a Liverpool.<\/p>\n<p class=\"mb-4 text-lg md:leading-8 break-words\">Por petici\u00f3n de Xabi Alonso, el Real Madrid modific\u00f3 su plan de viaje habitual cuando juega de visitante en la Liga de Campeones. El t\u00e9cnico, que solamente dispon\u00eda con todos sus jugadores disponibles para preparar los detalles t\u00e1cticos del duelo europeo en Anfield el lunes, opt\u00f3 por hacerlo en casa y trabajar con m\u00e1s intensidad que las sesiones en v\u00edspera del partido en el escenario de la cita.<\/p>\n<p class=\"mb-4 text-lg md:leading-8 break-words\">Retras\u00f3 a \u00faltima hora de la ma\u00f1ana la sesi\u00f3n el t\u00e9cnico madridista para que sus jugadores, tras entrenar y conocer la convocatoria, comiesen juntos en la Ciudad Real Madrid, descansar\u00e1n brevemente y partieran juntos hacia el aeropuerto Adolfo Su\u00e1rez Madrid-Barajas para realizar el vuelo a Liverpool.<\/p>\n<p class=\"mb-4 text-lg md:leading-8 break-words\">En lo deportivo, Mastantuono fue la gran ausencia de la sesi\u00f3n, al sumarse en la enfermer\u00eda a Dani Carvajal, David Alaba y Antonio R\u00fcdiger. Los dos \u00faltimos se adentran en la parte final de la recuperaci\u00f3n de sus lesiones musculares, pero siguen ejercit\u00e1ndose en solitario en el interior de las instalaciones, fuera de la din\u00e1mica de grupo.<\/p>\n<p class=\"mb-4 text-lg md:leading-8 break-words\">El resto de plantilla se ejercit\u00f3 con intensidad, con gran ambiente en la ciudad deportiva de Valdebebas, disfrutando de la buena racha que tiene al Real Madrid l\u00edder en LaLiga EA Sports e invicto en la Liga de Campeones, con pleno de triunfo en las tres jornadas disputadas.<\/p>\n<p class=\"mb-4 text-lg md:leading-8 break-words\">Arrancaron la ma\u00f1ana con trabajo en el gimnasio de fuerza y activaci\u00f3n, antes de seguir sobre el c\u00e9sped con rondos, ejercicios de posesi\u00f3n y presi\u00f3n que dieron pase a la parte que Xabi Alonso quiso esconder de posibles &#8216;esp\u00edas&#8217; que siguieran el entrenamiento de haberse completado en Anfield en la tarde del lunes. El t\u00e9cnico dedic\u00f3 una parte del entrenamiento a preparar aspectos t\u00e1cticos para un partido en el que se espera que regrese al 4-4-2, apostando por la entrada de un centrocampista m\u00e1s en su sistema.<\/p>\n<p class=\"mb-4 text-lg md:leading-8 break-words\">El \u00faltimo entrenamiento del Real Madrid lo cerraron afinando punter\u00eda sus jugadores, con partidos en un campo de espacios reducidos y series de remate tras centro que pusieron a prueba a Thibaut Courtois y Andriy Lunin, \u00fanica novedad en la convocatoria tras ser baja por sanci\u00f3n en LaLiga ante el Valencia.<\/p>\n<p class=\"mb-4 text-lg md:leading-8 break-words\">Desde las 19:15 horas en la sala de prensa de Anfield, un estadio que conoce a la perfecci\u00f3n Xabi Alonso de su etapa como futbolista, el t\u00e9cnico tolosarra comparecer\u00e1 con un jugador que el Real Madrid ha optado por no desvelar. EFE<\/p>\n<p class=\"mb-4 text-lg md:leading-8 break-words\">(c) Agencia EFE<\/p>\n","protected":false},"excerpt":{"rendered":"Madrid, 3 nov (EFE).- El Real Madrid cerr\u00f3 en su casa, la ciudad deportiva de Valdebebas, con la&hellip;\n","protected":false},"author":2,"featured_media":216631,"comment_status":"","ping_status":"","sticky":false,"template":"","format":"standard","meta":{"footnotes":""},"categories":[93],"tags":[58076,14045,58075,27741,45528,168,25,24,21597,37341,1238,205,3048,23,167,4833,235,10344],"class_list":{"0":"post-216630","1":"post","2":"type-post","3":"status-publish","4":"format-standard","5":"has-post-thumbnail","7":"category-deportes","8":"tag-andriy-lunin","9":"tag-anfield","10":"tag-ciudad-deportiva-de-valdebebas","11":"tag-dani-carvajal","12":"tag-david-alaba","13":"tag-deportes","14":"tag-es","15":"tag-espana","16":"tag-franco-mastantuono","17":"tag-liga-de-campeones","18":"tag-liverpool","19":"tag-madrid","20":"tag-real-madrid","21":"tag-spain","22":"tag-sports","23":"tag-thibaut-courtois","24":"tag-valencia","25":"tag-xabi-alonso"},"share_on_mastodon":{"url":"https:\/\/pubeurope.com\/@es\/115487016620464512","error":""},"_links":{"self":[{"href":"https:\/\/www.europesays.com\/es\/wp-json\/wp\/v2\/posts\/216630","targetHints":{"allow":["GET"]}}],"collection":[{"href":"https:\/\/www.europesays.com\/es\/wp-json\/wp\/v2\/posts"}],"about":[{"href":"https:\/\/www.europesays.com\/es\/wp-json\/wp\/v2\/types\/post"}],"author":[{"embeddable":true,"href":"https:\/\/www.europesays.com\/es\/wp-json\/wp\/v2\/users\/2"}],"replies":[{"embeddable":true,"href":"https:\/\/www.europesays.com\/es\/wp-json\/wp\/v2\/comments?post=216630"}],"version-history":[{"count":0,"href":"https:\/\/www.europesays.com\/es\/wp-json\/wp\/v2\/posts\/216630\/revisions"}],"wp:featuredmedia":[{"embeddable":true,"href":"https:\/\/www.europesays.com\/es\/wp-json\/wp\/v2\/media\/216631"}],"wp:attachment":[{"href":"https:\/\/www.europesays.com\/es\/wp-json\/wp\/v2\/media?parent=216630"}],"wp:term":[{"taxonomy":"category","embeddable":true,"href":"https:\/\/www.europesays.com\/es\/wp-json\/wp\/v2\/categories?post=216630"},{"taxonomy":"post_tag","embeddable":true,"href":"https:\/\/www.europesays.com\/es\/wp-json\/wp\/v2\/tags?post=216630"}],"curies":[{"name":"wp","href":"https:\/\/api.w.org\/{rel}","templated":true}]}}