{"id":216638,"date":"2025-11-03T17:58:12","date_gmt":"2025-11-03T17:58:12","guid":{"rendered":"https:\/\/www.europesays.com\/es\/216638\/"},"modified":"2025-11-03T17:58:12","modified_gmt":"2025-11-03T17:58:12","slug":"el-duro-accidente-de-andri-frischknecht-en-la-gravel-burn","status":"publish","type":"post","link":"https:\/\/www.europesays.com\/es\/216638\/","title":{"rendered":"el duro accidente de Andri Frischknecht en la Gravel Burn"},"content":{"rendered":"<p>El suizo del SCOTT-SRAM se encontraba entre los protagonistas de la edici\u00f3n 2025 de la Gravel Burn cuando un accidente durante la sexta etapa, neutralizada por el fuerte viento, trunc\u00f3 su participaci\u00f3n y lo llev\u00f3 directamente al hospital con un diagn\u00f3stico m\u00e1s serio de lo esperado.<\/p>\n<p>La sexta jornada de la prueba sudafricana estuvo marcada por las condiciones extremas. El fuerte viento oblig\u00f3 a la organizaci\u00f3n a neutralizar la etapa para garantizar la seguridad de los corredores, pero incluso en esas circunstancias se produjo el accidente m\u00e1s grave de la semana.<\/p>\n<p><img class=\" lazyload\" border=\"0\" alt=\"Una clav\u00edcula rota y un pulm\u00f3n perforado: el duro accidente de Andri Frischknecht en la Gravel Burn\" width=\"853\" height=\"568\"  data-\/><\/p>\n<p>Andri Frischknecht, que hab\u00eda peleado por el podio en varias etapas, sufri\u00f3 una fuerte ca\u00edda que le provoc\u00f3 una conmoci\u00f3n cerebral y una fractura de clav\u00edcula. Seg\u00fan explic\u00f3 el propio corredor, perdi\u00f3 la memoria antes y despu\u00e9s del incidente, y fueron sus compa\u00f1eros quienes lo atendieron en el lugar del accidente.<\/p>\n<p>En un mensaje publicado en sus redes sociales, Frischknecht relat\u00f3 su experiencia:<\/p>\n<p>\u201cMe ca\u00ed el viernes en la Gravel Burn. La etapa estaba neutralizada, as\u00ed que no s\u00e9 c\u00f3mo pudo pasar. Perd\u00ed la memoria antes y despu\u00e9s de la ca\u00edda. Gracias a todos los corredores que se detuvieron para ayudarme\u201d.<\/p>\n<p>El ciclista suizo explic\u00f3 que inicialmente pens\u00f3 que la situaci\u00f3n no era grave \u201csolo una fractura de clav\u00edcula y una conmoci\u00f3n\u201d, pero tras las pruebas m\u00e9dicas el panorama cambi\u00f3:<\/p>\n<p>\u201cDescubrieron que la clav\u00edcula hab\u00eda perforado mi pulm\u00f3n, que colaps\u00f3. No son las mejores noticias, pero estar\u00e9 bien. Me operaron de la mano y de la clav\u00edcula, y est\u00e1n reinflando mi pulm\u00f3n izquierdo\u201d.<\/p>\n<p><img class=\" lazyload\" border=\"0\" alt=\"Una clav\u00edcula rota y un pulm\u00f3n perforado: el duro accidente de Andri Frischknecht en la Gravel Burn\" width=\"1063\" height=\"608\"  data-\/><\/p>\n<p>El corredor del SCOTT-SRAM fue sometido a cirug\u00eda en las horas posteriores al accidente y permanece ingresado, aunque su evoluci\u00f3n es positiva. \u201cEspero poder salir pronto de aqu\u00ed\u201d, a\u00f1ad\u00eda el suizo, agradeciendo los mensajes de apoyo recibidos.<\/p>\n<p>La ca\u00edda pone fin de manera abrupta a su participaci\u00f3n en una Gravel Burn donde estaba firmando un papel destacado.<\/p>\n","protected":false},"excerpt":{"rendered":"El suizo del SCOTT-SRAM se encontraba entre los protagonistas de la edici\u00f3n 2025 de la Gravel Burn cuando&hellip;\n","protected":false},"author":2,"featured_media":216639,"comment_status":"","ping_status":"","sticky":false,"template":"","format":"standard","meta":{"footnotes":""},"categories":[273],"tags":[313,312,168,25,24,23,167],"class_list":{"0":"post-216638","1":"post","2":"type-post","3":"status-publish","4":"format-standard","5":"has-post-thumbnail","7":"category-ciclismo","8":"tag-ciclismo","9":"tag-cycling","10":"tag-deportes","11":"tag-es","12":"tag-espana","13":"tag-spain","14":"tag-sports"},"share_on_mastodon":{"url":"https:\/\/pubeurope.com\/@es\/115487067589786477","error":""},"_links":{"self":[{"href":"https:\/\/www.europesays.com\/es\/wp-json\/wp\/v2\/posts\/216638","targetHints":{"allow":["GET"]}}],"collection":[{"href":"https:\/\/www.europesays.com\/es\/wp-json\/wp\/v2\/posts"}],"about":[{"href":"https:\/\/www.europesays.com\/es\/wp-json\/wp\/v2\/types\/post"}],"author":[{"embeddable":true,"href":"https:\/\/www.europesays.com\/es\/wp-json\/wp\/v2\/users\/2"}],"replies":[{"embeddable":true,"href":"https:\/\/www.europesays.com\/es\/wp-json\/wp\/v2\/comments?post=216638"}],"version-history":[{"count":0,"href":"https:\/\/www.europesays.com\/es\/wp-json\/wp\/v2\/posts\/216638\/revisions"}],"wp:featuredmedia":[{"embeddable":true,"href":"https:\/\/www.europesays.com\/es\/wp-json\/wp\/v2\/media\/216639"}],"wp:attachment":[{"href":"https:\/\/www.europesays.com\/es\/wp-json\/wp\/v2\/media?parent=216638"}],"wp:term":[{"taxonomy":"category","embeddable":true,"href":"https:\/\/www.europesays.com\/es\/wp-json\/wp\/v2\/categories?post=216638"},{"taxonomy":"post_tag","embeddable":true,"href":"https:\/\/www.europesays.com\/es\/wp-json\/wp\/v2\/tags?post=216638"}],"curies":[{"name":"wp","href":"https:\/\/api.w.org\/{rel}","templated":true}]}}