{"id":216667,"date":"2025-11-03T18:21:14","date_gmt":"2025-11-03T18:21:14","guid":{"rendered":"https:\/\/www.europesays.com\/es\/216667\/"},"modified":"2025-11-03T18:21:14","modified_gmt":"2025-11-03T18:21:14","slug":"clasificaciones-completas-de-la-10a-etapa-de-la-vuelta-a-guatemala-2025","status":"publish","type":"post","link":"https:\/\/www.europesays.com\/es\/216667\/","title":{"rendered":"Clasificaciones completas de la 10\u00aa etapa de la Vuelta a Guatemala 2025"},"content":{"rendered":"<p>\t\t\t&#13;<br \/>\n&#13;<\/p>\n<p><img loading=\"lazy\" decoding=\"async\" src=\"https:\/\/www.europesays.com\/es\/wp-content\/uploads\/2025\/11\/vuelta-guatemala-et10-clasificacioes-2025-es-ciclismo.jpg\" width=\"556\" height=\"418\" class=\"setborder\" alt=\"Clasificaciones completas de la 10\u00aa etapa de la Vuelta a Guatemala 2025\" title=\"Clasificaciones completas de la 10\u00aa etapa de la Vuelta a Guatemala 2025\"\/><br \/>\n&#13;<br \/>\n&#13;<br \/>\n&#13;<br \/>\n<a href=\"https:\/\/www.esciclismo.com\/actualidad\/esciclismo\/\" rel=\"nofollow noopener\" target=\"_blank\">EsCiclismo.com<\/a> \u00b7 <a href=\"https:\/\/www.esciclismo.com\/actualidad\/carretera\/\" rel=\"nofollow noopener\" target=\"_blank\">Competici\u00f3n Carretera<\/a>  \u00b7 02\/11\/2025<\/p>\n<p>\u00c9stas son las clasificaciones completas tras la 10\u00aa y \u00faltima etapa de la Vuelta a Guatemala 2025, una jornada de 121,3 kil\u00f3metros disputada este domingo, 2 de noviembre, sobre un circuito urbano en Ciudad de Guatemala con inicio y final en Villa Linda.<\/p>\n<p>&#13;<\/p>\n<p><b id=\"P1\"\/><a href=\"https:\/\/www.esciclismo.com\/actualidad\/carretera\/88644.html\" rel=\"nofollow noopener\" target=\"_blank\">La victoria en la etapa se la llev\u00f3 el colombiano Alejandro Osorio<\/a> (Orgullo Paisa) al imponerse en el sprint de un grupo de seis escapados, por delante del mexicano Jos\u00e9 Ram\u00f3n Mu\u00f1iz (Olinka-Specialized) y del costarricense Sebasti\u00e1n Calder\u00f3n (7C-Economy-Hyundai), segundo y tercero respectivamente.<\/p>\n<p>&#13;<\/p>\n<p>El colombiano \u00d3scar Santiago Garz\u00f3n (GW-Erco-Shimano), que defend\u00eda el liderato logrado en la pen\u00faltima etapa, cruz\u00f3 la meta en el pelot\u00f3n principal y se proclam\u00f3 vencedor final de la 64\u00aa edici\u00f3n de la Vuelta Cicl\u00edstica Internacional a Guatemala.<\/p>\n<p>&#13;<br \/>\nClasificaciones de la Vuelta a Guatemala 2025 &#8211; Etapa 10&#13;<\/p>\n<p><b>Clasificaci\u00f3n de la 10\u00aa etapa:<\/b><br \/>&#13;<br \/>\n1. Alejandro Osorio (COL\/Orgullo Paisa) &#8211; 2:39:12<br \/>&#13;<br \/>\n2. Jos\u00e9 Ram\u00f3n Mu\u00f1iz (MEX\/Olinka-Specialized) &#8211; m.t.<br \/>&#13;<br \/>\n3. Sebasti\u00e1n Calder\u00f3n (CRC\/7C-Economy-Hyundai) &#8211; m.t.<br \/>&#13;<br \/>\n4. Ulises Alfredo Castillo (MEX\/Olinka-Specialized) a 0:12<br \/>&#13;<br \/>\n5. Sebasti\u00e1n Brenes (CRC\/Canel&#8217;s-Java) a 0:28<br \/>&#13;<br \/>\n6. Jhonatan Restrepo (COL\/Orgullo Paisa) a 0:28<br \/>&#13;<br \/>\n7. Dylan Jim\u00e9nez (CRC\/7C-Economy-Hyundai) a 0:28<br \/>&#13;<br \/>\n8. Dorian Monterroso (GTM\/Hino-One-La Red) a 0:28<br \/>&#13;<br \/>\n9. Tom Wijfje (NED\/Universe) a 0:28<br \/>&#13;<br \/>\n10. \u00d3scar Mauricio Pach\u00f3n (COL\/Red Hook Guatemala) a 0:28<br \/>&#13;<br \/>\n11. Jason Huertas (CRC\/Manzat\u00e9-La Selva-Scott) a 0:28<br \/>&#13;<br \/>\n12. Bryan Raul Obando (ECU\/Movistar-Best PC) a 0:28<br \/>&#13;<br \/>\n13. Melvin Torres (GTM\/Hino-One-La Red) a 0:28<br \/>&#13;<br \/>\n14. Javier Jamaica (COL\/Nu Colombia) a 0:28<br \/>&#13;<br \/>\n15. Christopher Jahir Diaz (HON\/Asoc. San Marcos-Acredicom) a 0:28<br \/>&#13;<br \/>\n16. Juan Diego Alba (COL\/Nu Colombia) a 0:28<br \/>&#13;<br \/>\n17. Santiago Montenegro (ECU\/Movistar-Best PC) a 0:28<br \/>&#13;<br \/>\n18. Brayan R\u00edos (GTM\/Cer\u00e1micas Castelli-\u00d3pticas Deluxe) a 0:28<br \/>&#13;<br \/>\n19. Brandon Aguilar (CRC\/Manzat\u00e9-La Selva-Scott) a 0:28<br \/>&#13;<br \/>\n20. Wilson O. Chonay (GTM\/Copeba-Muni Toto) a 0:28<br \/>&#13;<br \/>\n21. Max Gonz\u00e1lez (GTM\/Asoc. San Marcos-Acredicom) a 0:28<br \/>&#13;<br \/>\n22. Edgar Geovanny Torres (GTM\/Hino-One-La Red) a 0:28<br \/>&#13;<br \/>\n23. Dar\u00edo E. Rabinal (GTM\/Asoc. de Chimaltenango) a 0:28<br \/>&#13;<br \/>\n24. Juan Pablo Rend\u00f3n (COL\/Orgullo Paisa) a 0:28<br \/>&#13;<br \/>\n25. Kenny Nijssen (NED\/Universe) a 0:28<br \/>&#13;<br \/>\n26. Gerson Toc (GTM\/ECA Electricidad Ciclismo) a 0:28<br \/>&#13;<br \/>\n27. Luis Aguilar (CRC\/7C-Economy-Hyundai) a 0:28<br \/>&#13;<br \/>\n28. Brandon Rojas (COL\/GW-Erco-Shimano) a 0:28<br \/>&#13;<br \/>\n29. \u00d3scar Santiago Garz\u00f3n (COL\/GW-Erco-Shimano) a 0:28<br \/>&#13;<br \/>\n30. Gabriel Francisco Rojas (CRC\/Manzat\u00e9-La Selva-Scott) a 0:28<br \/>&#13;<br \/>\n31. Luis Daniel Oses (CRC\/7C-Economy-Hyundai) a 0:28<br \/>&#13;<br \/>\n32. C\u00e9sar Nicol\u00e1s Paredes (COL\/Hino-One-La Red) a 0:28<br \/>&#13;<br \/>\n33. Jordan Miller (USA\/Momentum Racing-GCS) a 0:28<br \/>&#13;<br \/>\n34. Leandro Varela (CRC\/7C-Economy-Hyundai) a 0:28<br \/>&#13;<br \/>\n35. Fredy Orlando Toc (GTM\/ECA Electricidad Ciclismo) a 0:28<br \/>&#13;<br \/>\n36. Heiner Rodrigo Parra (COL\/Canel&#8217;s-Java) a 0:28<br \/>&#13;<br \/>\n37. Carlos Alberto Guti\u00e9rrez (COL\/Movistar-Best PC) a 0:28<br \/>&#13;<br \/>\n38. Esdras Morales (GTM\/ECA Electricidad Ciclismo) a 0:28<br \/>&#13;<br \/>\n39. \u00c1ngel Rafael Camacho (ECU\/Olinka-Specialized) a 0:28<br \/>&#13;<br \/>\n40. Cristian Yesid Bustos (COL\/Cer\u00e1micas Castelli-\u00d3pticas Deluxe) a 0:28<br \/>&#13;<br \/>\n41. Yesid Albeiro Pira (COL\/Hino-One-La Red) a 0:28<br \/>&#13;<br \/>\n42. Pedro Pablo Morales (GTM\/ECA Electricidad Ciclismo) a 0:28<br \/>&#13;<br \/>\n43. Miguel D\u00edaz (MEX\/Olinka-Specialized) a 0:28<br \/>&#13;<br \/>\n44. Cristian Camilo Mu\u00f1oz (COL\/Nu Colombia) a 0:28<br \/>&#13;<br \/>\n45. Rodrigo Contreras (COL\/Nu Colombia) a 0:28<br \/>&#13;<br \/>\n46. Jade Rohde (USA\/Momentum Racing-GCS) a 0:28<br \/>&#13;<br \/>\n47. Adonias Nelson Panjoj (GTM\/Asoc. de Chimaltenango) a 0:28<br \/>&#13;<br \/>\n48. H\u00e9ctor Men\u00e9ndez (HON\/Copeba-Muni Toto) a 0:28<br \/>&#13;<br \/>\n49. Byron Guam\u00e1 (ECU\/Movistar-Best PC) a 0:28<br \/>&#13;<br \/>\n50. Edwin Sam (GTM\/Decoraba\u00f1os-Bantrab) a 0:28<br \/>&#13;<br \/>\n51. Danny Osorio (COL\/Cer\u00e1micas Castelli-\u00d3pticas Deluxe) a 0:35<br \/>&#13;<br \/>\n52. Hector R. \u00c1lvarez (ECU\/Movistar-Best PC) a 0:35<br \/>&#13;<br \/>\n53. Jos\u00e9 David Canastuj (GTM\/ECA Electricidad Ciclismo) a 0:35<br \/>&#13;<br \/>\n54. Diego Neftaly Aza\u00f1\u00f3n (GTM\/Asoc. de Chimaltenango) a 0:35<br \/>&#13;<br \/>\n55. Kade Kreikemeier (USA\/Momentum Racing-GCS) a 0:35<br \/>&#13;<br \/>\n56. Henry Alberto Sam (GTM\/Decoraba\u00f1os-Bantrab) a 0:35<br \/>&#13;<br \/>\n57. Bernardo Suaza (COL\/Orgullo Paisa) a 0:35<br \/>&#13;<br \/>\n58. Edwin M. L\u00f3pez (GTM\/Decoraba\u00f1os-Bantrab) a 0:35<br \/>&#13;<br \/>\n59. Juan Carlos L\u00f3pez (COL\/GW-Erco-Shimano) a 0:35<br \/>&#13;<br \/>\n60. \u00c1ngel Gil (COL\/Canel&#8217;s-Java) a 0:35<br \/>&#13;<br \/>\n61. Jarri Stravers (NED\/Universe) a 0:35<br \/>&#13;<br \/>\n62. Richard Huera (ECU\/Movistar-Best PC) a 0:35<br \/>&#13;<br \/>\n63. Wilder Cali (GTM\/ECA Electricidad Ciclismo) a 0:35<br \/>&#13;<br \/>\n64. Freddy \u00c1vila (COL\/GW-Erco-Shimano) a 0:35<br \/>&#13;<br \/>\n65. Julio A. Ispache (GTM\/Decoraba\u00f1os-Bantrab) a 0:35<br \/>&#13;<br \/>\n66. Carlos MacPherson (MEX\/Olinka-Specialized) a 0:35<br \/>&#13;<br \/>\n67. Genaro Vel\u00e1squez (GTM\/Asociaci\u00f3n Quich\u00e9) a 0:35<br \/>&#13;<br \/>\n68. Amilcar M\u00e9ndez (GTM\/Decoraba\u00f1os-Bantrab) a 0:35<br \/>&#13;<br \/>\n69. Christofer Jurado (PAN\/Sel. de Panam\u00e1) a 0:35<br \/>&#13;<br \/>\n70. Juan Felipe Osorio (COL\/Orgullo Paisa) a 0:35<br \/>&#13;<br \/>\n71. Robinson Fabi\u00e1n L\u00f3pez (COL\/GW-Erco-Shimano) a 0:35<br \/>&#13;<br \/>\n72. Juan Mardoqueo V\u00e1squez (GTM\/Hino-One-La Red) a 0:35<br \/>&#13;<br \/>\n73. Yeison Sebasti\u00e1n Reyes (COL\/Orgullo Paisa) a 0:35<br \/>&#13;<br \/>\n74. Walter F. Escobar (GTM\/Copeba-Muni Toto) a 0:35<br \/>&#13;<br \/>\n75. Juan Sebasti\u00e1n Pinilla (COL\/GW-Erco-Shimano) a 0:35<br \/>&#13;<br \/>\n76. Adolfo V\u00e1squez (GTM\/Copeba-Muni Toto) a 0:41<br \/>&#13;<br \/>\n77. Sabino R. Ajpacaja (GTM\/Copeba-Muni Toto) a 0:42<br \/>&#13;<br \/>\n78. Cristian David Rico (COL\/Nu Colombia) a 0:52<br \/>&#13;<br \/>\n79. Manuel Rodas (GTM\/Decoraba\u00f1os-Bantrab) a 2:14<br \/>&#13;<br \/>\n80. Edgar Grave (GTM\/Asoc. de Chimaltenango) a 2:36<br \/>&#13;<br \/>\n81. Brian A. Salas (CRC\/Red Hook Guatemala) a 2:45<br \/>&#13;<br \/>\n82. Esvin Gonz\u00e1lez (GTM\/Municipalidad de Fraijanes) a 2:45<br \/>&#13;<br \/>\n83. Luis V\u00e1squez (GTM\/Municipalidad de Fraijanes) a 2:45<br \/>&#13;<br \/>\n84. Fernando Guar\u00e1n (GTM\/Cer\u00e1micas Castelli-\u00d3pticas Deluxe) a 2:45<br \/>&#13;<br \/>\n85. Argus de los Santos (MEX\/Fronterizos Huehue-Coop. Yaman) a 2:45<br \/>&#13;<br \/>\n86. Alex Julajuj (GTM\/Red Hook Guatemala) a 2:45<br \/>&#13;<br \/>\n87. Juan Aguilar (CRC\/M\u00e1ster Xela-Mi Super Tostada) a 4:28<br \/>&#13;<br \/>\n88. Gabriel Barrientos (CRC\/Manzat\u00e9-La Selva-Scott) a 5:06<br \/>&#13;<br \/>\n89. G\u00e9rman C. Rabinal (GTM\/Asoc. San Marcos-Acredicom) a 5:06<br \/>&#13;<br \/>\n90. Ignacio De Jes\u00fas Prado (MEX\/Canel&#8217;s-Java) a 5:49<br \/>&#13;<br \/>\n91. Brandon Ulises Rodr\u00edguez (SLV\/Aldosa Jalapa) a 8:03<br \/>&#13;<br \/>\n92. Cormac Mcgeough (IRL\/Canel&#8217;s-Java) a 9:00<br \/>&#13;<br \/>\n93. Bolivar Espinosa (PAN\/Sel. de Panam\u00e1) a 10:56<br \/>&#13;<br \/>\n94. Sebasti\u00e1n Moya (CRC\/Manzat\u00e9-La Selva-Scott) a 10:56<br \/>&#13;<br \/>\n95. Luis P\u00e9rez (GTM\/M\u00e1ster Xela-Mi Super Tostada) a 10:56<br \/>&#13;<br \/>\n96. Luis Jos\u00e9 Manuel de la Roca (GTM\/Aldosa Jalapa) a 10:56<br \/>&#13;<br \/>\n97. Diego de la Roca (GTM\/Aldosa Jalapa) a 10:56<br \/>&#13;<br \/>\n98. Tony Ramos (GTM\/Copeba-Muni Toto) a 10:56<br \/>&#13;<br \/>\n99. Carlos Mazariegos (GTM\/Asoc. San Marcos-Acredicom) a 14:34<br \/>&#13;<br \/>\n100. Cristian L\u00f3pez (GTM\/Fronterizos Huehue-Coop. Yaman) a 17:35<br \/>&#13;<br \/>\n101. Rudy Matzar (GTM\/Asociaci\u00f3n Quich\u00e9) a 17:35<br \/>&#13;<br \/>\n102. Jos\u00e9 Vicente A. S\u00e1enz (GTM\/Red Hook Guatemala) a 17:35<br \/>&#13;<br \/>\n103. Carlos Rosales (GTM\/Aldosa Jalapa) a 17:35<br \/>&#13;<br \/>\n104. Alex Antonio Strah (PAN\/Sel. de Panam\u00e1) a 17:35<\/p>\n<p>No termin\u00f3: Cristhian F. Soto (GTM\/Asociaci\u00f3n Quich\u00e9)<br \/>&#13;<br \/>\nNo termin\u00f3: Diego Pablo Roca (GTM\/Municipalidad de Fraijanes)<br \/>&#13;<br \/>\nNo termin\u00f3: Dylan Murillo (MEX\/Olinka-Specialized)<br \/>&#13;<br \/>\nNo termin\u00f3: Fredy V\u00e1squez (GTM\/Asoc. San Marcos-Acredicom)<br \/>&#13;<br \/>\nNo termin\u00f3: Pablo C\u00e9sar Cascante (CRC\/Asociaci\u00f3n Quich\u00e9)<\/p>\n<p>&#13;<\/p>\n<p><b id=\"P3\"\/><b>Clasificaci\u00f3n general final:<\/b><br \/>&#13;<br \/>\n1. \u00d3scar Santiago Garz\u00f3n (COL\/GW-Erco-Shimano) &#8211; 35:41:39<br \/>&#13;<br \/>\n2. Carlos Alberto Guti\u00e9rrez (COL\/Movistar-Best PC) a 0:10<br \/>&#13;<br \/>\n3. Cristian Camilo Mu\u00f1oz (COL\/Nu Colombia) a 1:04<br \/>&#13;<br \/>\n4. Yesid Albeiro Pira (COL\/Hino-One-La Red) a 4:09<br \/>&#13;<br \/>\n5. Bryan Raul Obando (ECU\/Movistar-Best PC) a 6:38<br \/>&#13;<br \/>\n6. Juan Carlos L\u00f3pez (COL\/GW-Erco-Shimano) a 7:02<br \/>&#13;<br \/>\n7. Robinson Fabi\u00e1n L\u00f3pez (COL\/GW-Erco-Shimano) a 7:17<br \/>&#13;<br \/>\n8. Fredy Orlando Toc (GTM\/ECA Electricidad Ciclismo) a 8:18<br \/>&#13;<br \/>\n9. Gerson Toc (GTM\/ECA Electricidad Ciclismo) a 10:31<br \/>&#13;<br \/>\n10. Rodrigo Contreras (COL\/Nu Colombia) a 11:29<br \/>&#13;<br \/>\n11. Heiner Rodrigo Parra (COL\/Canel&#8217;s-Java) a 11:46<br \/>&#13;<br \/>\n12. Julio A. Ispache (GTM\/Decoraba\u00f1os-Bantrab) a 11:59<br \/>&#13;<br \/>\n13. Juan Mardoqueo V\u00e1squez (GTM\/Hino-One-La Red) a 15:06<br \/>&#13;<br \/>\n14. \u00c1ngel Gil (COL\/Canel&#8217;s-Java) a 15:33<br \/>&#13;<br \/>\n15. Luis Daniel Oses (CRC\/7C-Economy-Hyundai) a 19:03<br \/>&#13;<br \/>\n16. Jos\u00e9 Ram\u00f3n Mu\u00f1iz (MEX\/Olinka-Specialized) a 21:45<br \/>&#13;<br \/>\n17. Edgar Geovanny Torres (GTM\/Hino-One-La Red) a 22:24<br \/>&#13;<br \/>\n18. Juan Diego Alba (COL\/Nu Colombia) a 23:23<br \/>&#13;<br \/>\n19. C\u00e9sar Nicol\u00e1s Paredes (COL\/Hino-One-La Red) a 29:58<br \/>&#13;<br \/>\n20. Adonias Nelson Panjoj (GTM\/Asoc. de Chimaltenango) a 31:38<br \/>&#13;<br \/>\n21. Danny Osorio (COL\/Cer\u00e1micas Castelli-\u00d3pticas Deluxe) a 34:12<br \/>&#13;<br \/>\n22. Santiago Montenegro (ECU\/Movistar-Best PC) a 36:03<br \/>&#13;<br \/>\n23. Cristian Yesid Bustos (COL\/Cer\u00e1micas Castelli-\u00d3pticas Deluxe) a 37:03<br \/>&#13;<br \/>\n24. Kenny Nijssen (NED\/Universe) a 37:36<br \/>&#13;<br \/>\n25. Edwin Sam (GTM\/Decoraba\u00f1os-Bantrab) a 38:49<br \/>&#13;<br \/>\n26. Yeison Sebasti\u00e1n Reyes (COL\/Orgullo Paisa) a 39:20<br \/>&#13;<br \/>\n27. Melvin Torres (GTM\/Hino-One-La Red) a 39:46<br \/>&#13;<br \/>\n28. Hector R. \u00c1lvarez (ECU\/Movistar-Best PC) a 41:35<br \/>&#13;<br \/>\n29. Javier Jamaica (COL\/Nu Colombia) a 42:46<br \/>&#13;<br \/>\n30. Bernardo Suaza (COL\/Orgullo Paisa) a 44:56<br \/>&#13;<br \/>\n31. Kade Kreikemeier (USA\/Momentum Racing-GCS) a 46:17<br \/>&#13;<br \/>\n32. Juan Felipe Osorio (COL\/Orgullo Paisa) a 46:29<br \/>&#13;<br \/>\n33. Wilson O. Chonay (GTM\/Copeba-Muni Toto) a 47:49<br \/>&#13;<br \/>\n34. Jos\u00e9 David Canastuj (GTM\/ECA Electricidad Ciclismo) a 50:43<br \/>&#13;<br \/>\n35. H\u00e9ctor Men\u00e9ndez (HON\/Copeba-Muni Toto) a 53:57<br \/>&#13;<br \/>\n36. Byron Guam\u00e1 (ECU\/Movistar-Best PC) a 55:34<br \/>&#13;<br \/>\n37. Max Gonz\u00e1lez (GTM\/Asoc. San Marcos-Acredicom) a 56:30<br \/>&#13;<br \/>\n38. Wilder Cali (GTM\/ECA Electricidad Ciclismo) a 1:02:55<br \/>&#13;<br \/>\n39. Leandro Varela (CRC\/7C-Economy-Hyundai) a 1:03:41<br \/>&#13;<br \/>\n40. Cristian David Rico (COL\/Nu Colombia) a 1:04:33<br \/>&#13;<br \/>\n41. Esdras Morales (GTM\/ECA Electricidad Ciclismo) a 1:06:21<br \/>&#13;<br \/>\n42. Dylan Jim\u00e9nez (CRC\/7C-Economy-Hyundai) a 1:08:54<br \/>&#13;<br \/>\n43. Gabriel Francisco Rojas (CRC\/Manzat\u00e9-La Selva-Scott) a 1:09:24<br \/>&#13;<br \/>\n44. Brandon Rojas (COL\/GW-Erco-Shimano) a 1:11:42<br \/>&#13;<br \/>\n45. Miguel D\u00edaz (MEX\/Olinka-Specialized) a 1:21:59<br \/>&#13;<br \/>\n46. Brian A. Salas (CRC\/Red Hook Guatemala) a 1:22:29<br \/>&#13;<br \/>\n47. Richard Huera (ECU\/Movistar-Best PC) a 1:26:11<br \/>&#13;<br \/>\n48. Luis Aguilar (CRC\/7C-Economy-Hyundai) a 1:30:23<br \/>&#13;<br \/>\n49. Pedro Pablo Morales (GTM\/ECA Electricidad Ciclismo) a 1:31:13<br \/>&#13;<br \/>\n50. Carlos MacPherson (MEX\/Olinka-Specialized) a 1:33:28<br \/>&#13;<br \/>\n51. Sebasti\u00e1n Calder\u00f3n (CRC\/7C-Economy-Hyundai) a 1:34:05<br \/>&#13;<br \/>\n52. Christofer Jurado (PAN\/Sel. de Panam\u00e1) a 1:50:42<br \/>&#13;<br \/>\n53. Luis V\u00e1squez (GTM\/Municipalidad de Fraijanes) a 1:51:56<br \/>&#13;<br \/>\n54. Amilcar M\u00e9ndez (GTM\/Decoraba\u00f1os-Bantrab) a 1:54:11<br \/>&#13;<br \/>\n55. Henry Alberto Sam (GTM\/Decoraba\u00f1os-Bantrab) a 2:00:41<br \/>&#13;<br \/>\n56. Ignacio De Jes\u00fas Prado (MEX\/Canel&#8217;s-Java) a 2:03:16<br \/>&#13;<br \/>\n57. Ulises Alfredo Castillo (MEX\/Olinka-Specialized) a 2:09:53<br \/>&#13;<br \/>\n58. Alex Julajuj (GTM\/Red Hook Guatemala) a 2:12:21<br \/>&#13;<br \/>\n59. Sebasti\u00e1n Moya (CRC\/Manzat\u00e9-La Selva-Scott) a 2:16:40<br \/>&#13;<br \/>\n60. \u00c1ngel Rafael Camacho (ECU\/Olinka-Specialized) a 2:18:12<br \/>&#13;<br \/>\n61. Brandon Ulises Rodr\u00edguez (SLV\/Aldosa Jalapa) a 2:21:04<br \/>&#13;<br \/>\n62. Bolivar Espinosa (PAN\/Sel. de Panam\u00e1) a 2:22:38<br \/>&#13;<br \/>\n63. Rudy Matzar (GTM\/Asociaci\u00f3n Quich\u00e9) a 2:28:29<br \/>&#13;<br \/>\n64. Jade Rohde (USA\/Momentum Racing-GCS) a 2:29:36<br \/>&#13;<br \/>\n65. Juan Pablo Rend\u00f3n (COL\/Orgullo Paisa) a 2:32:28<br \/>&#13;<br \/>\n66. Diego Neftaly Aza\u00f1\u00f3n (GTM\/Asoc. de Chimaltenango) a 2:34:23<br \/>&#13;<br \/>\n67. \u00d3scar Mauricio Pach\u00f3n (COL\/Red Hook Guatemala) a 2:35:07<br \/>&#13;<br \/>\n68. Juan Sebasti\u00e1n Pinilla (COL\/GW-Erco-Shimano) a 2:36:48<br \/>&#13;<br \/>\n69. Esvin Gonz\u00e1lez (GTM\/Municipalidad de Fraijanes) a 2:38:27<br \/>&#13;<br \/>\n70. Brandon Aguilar (CRC\/Manzat\u00e9-La Selva-Scott) a 2:41:07<br \/>&#13;<br \/>\n71. Alejandro Osorio (COL\/Orgullo Paisa) a 0:04. 2:43:53<br \/>&#13;<br \/>\n72. Sebasti\u00e1n Brenes (CRC\/Canel&#8217;s-Java) a 2:48:14<br \/>&#13;<br \/>\n73. Dorian Monterroso (GTM\/Hino-One-La Red) a 2:49:03<br \/>&#13;<br \/>\n74. Edwin M. L\u00f3pez (GTM\/Decoraba\u00f1os-Bantrab) a 2:54:12<br \/>&#13;<br \/>\n75. Tom Wijfje (NED\/Universe) a 2:55:58<br \/>&#13;<br \/>\n76. Sabino R. Ajpacaja (GTM\/Copeba-Muni Toto) a 2:56:07<br \/>&#13;<br \/>\n77. Genaro Vel\u00e1squez (GTM\/Asociaci\u00f3n Quich\u00e9) a 2:57:41<br \/>&#13;<br \/>\n78. Gabriel Barrientos (CRC\/Manzat\u00e9-La Selva-Scott) a 3:00:31<br \/>&#13;<br \/>\n79. Adolfo V\u00e1squez (GTM\/Copeba-Muni Toto) a 3:02:38<br \/>&#13;<br \/>\n80. Argus de los Santos (MEX\/Fronterizos Huehue-Coop. Yaman) a 3:03:00<br \/>&#13;<br \/>\n81. Christopher Jahir Diaz (HON\/Asoc. San Marcos-Acredicom) a 3:08:52<br \/>&#13;<br \/>\n82. Edgar Grave (GTM\/Asoc. de Chimaltenango) a 3:13:57<br \/>&#13;<br \/>\n83. Dar\u00edo E. Rabinal (GTM\/Asoc. de Chimaltenango) a 3:19:08<br \/>&#13;<br \/>\n84. Brayan R\u00edos (GTM\/Cer\u00e1micas Castelli-\u00d3pticas Deluxe) a 3:19:29<br \/>&#13;<br \/>\n85. Jhonatan Restrepo (COL\/Orgullo Paisa) a 3:19:47<br \/>&#13;<br \/>\n86. Jos\u00e9 Vicente A. S\u00e1enz (GTM\/Red Hook Guatemala) a 3:20:06<br \/>&#13;<br \/>\n87. Manuel Rodas (GTM\/Decoraba\u00f1os-Bantrab) a 3:20:11<br \/>&#13;<br \/>\n88. Freddy \u00c1vila (COL\/GW-Erco-Shimano) a 3:20:57<br \/>&#13;<br \/>\n89. Fernando Guar\u00e1n (GTM\/Cer\u00e1micas Castelli-\u00d3pticas Deluxe) a 3:26:47<br \/>&#13;<br \/>\n90. Jordan Miller (USA\/Momentum Racing-GCS) a 3:27:15<br \/>&#13;<br \/>\n91. Jason Huertas (CRC\/Manzat\u00e9-La Selva-Scott) a 3:27:47<br \/>&#13;<br \/>\n92. Walter F. Escobar (GTM\/Copeba-Muni Toto) a 3:30:25<br \/>&#13;<br \/>\n93. Jarri Stravers (NED\/Universe) a 3:33:30<br \/>&#13;<br \/>\n94. Cormac Mcgeough (IRL\/Canel&#8217;s-Java) a 3:39:49<br \/>&#13;<br \/>\n95. Cristian L\u00f3pez (GTM\/Fronterizos Huehue-Coop. Yaman) a 3:43:51<br \/>&#13;<br \/>\n96. Luis P\u00e9rez (GTM\/M\u00e1ster Xela-Mi Super Tostada) a 3:46:54<br \/>&#13;<br \/>\n97. Tony Ramos (GTM\/Copeba-Muni Toto) a 3:50:35<br \/>&#13;<br \/>\n98. G\u00e9rman C. Rabinal (GTM\/Asoc. San Marcos-Acredicom) a 3:55:41<br \/>&#13;<br \/>\n99. Carlos Mazariegos (GTM\/Asoc. San Marcos-Acredicom) a 4:00:47<br \/>&#13;<br \/>\n100. Luis Jos\u00e9 Manuel de la Roca (GTM\/Aldosa Jalapa) a 4:00:59<br \/>&#13;<br \/>\n101. Alex Antonio Strah (PAN\/Sel. de Panam\u00e1) a 4:23:26<br \/>&#13;<br \/>\n102. Diego de la Roca (GTM\/Aldosa Jalapa) a 4:40:04<br \/>&#13;<br \/>\n103. Juan Aguilar (CRC\/M\u00e1ster Xela-Mi Super Tostada) a 4:44:28<br \/>&#13;<br \/>\n104. Carlos Rosales (GTM\/Aldosa Jalapa) a 5:11:25<\/p>\n<p>&#13;<\/p>\n<p><b>Clasificaci\u00f3n general de los Puntos (Top-10):<\/b><br \/>&#13;<br \/>\n1. Alejandro Osorio (COL\/Orgullo Paisa) &#8211; 86<br \/>&#13;<br \/>\n2. Yesid Albeiro Pira (COL\/Hino-One-La Red) &#8211; 75<br \/>&#13;<br \/>\n3. Jos\u00e9 Ram\u00f3n Mu\u00f1iz (MEX\/Olinka-Specialized) &#8211; 71<br \/>&#13;<br \/>\n4. Carlos Alberto Guti\u00e9rrez (COL\/Movistar-Best PC) &#8211; 67<br \/>&#13;<br \/>\n5. \u00d3scar Santiago Garz\u00f3n (COL\/GW-Erco-Shimano) &#8211; 53<br \/>&#13;<br \/>\n6. Juan Carlos L\u00f3pez (COL\/GW-Erco-Shimano) &#8211; 52<br \/>&#13;<br \/>\n7. Ulises Alfredo Castillo (MEX\/Olinka-Specialized) &#8211; 49<br \/>&#13;<br \/>\n8. Carlos MacPherson (MEX\/Olinka-Specialized) &#8211; 48<br \/>&#13;<br \/>\n9. Sebasti\u00e1n Calder\u00f3n (CRC\/7C-Economy-Hyundai) &#8211; 48<br \/>&#13;<br \/>\n10. Fredy Orlando Toc (GTM\/ECA Electricidad Ciclismo) &#8211; 46<\/p>\n<p>&#13;<\/p>\n<p><b id=\"P4\"\/><b>Clasificaci\u00f3n general de la Monta\u00f1a (Top-10):<\/b><br \/>&#13;<br \/>\n1. Juan Carlos L\u00f3pez (COL\/GW-Erco-Shimano) &#8211; 46<br \/>&#13;<br \/>\n2. Yeison Sebasti\u00e1n Reyes (COL\/Orgullo Paisa) &#8211; 37<br \/>&#13;<br \/>\n3. Robinson Fabi\u00e1n L\u00f3pez (COL\/GW-Erco-Shimano) &#8211; 34<br \/>&#13;<br \/>\n4. Yesid Albeiro Pira (COL\/Hino-One-La Red) &#8211; 33<br \/>&#13;<br \/>\n5. Santiago Montenegro (ECU\/Movistar-Best PC) &#8211; 31<br \/>&#13;<br \/>\n6. Fredy Orlando Toc (GTM\/ECA Electricidad Ciclismo) &#8211; 24<br \/>&#13;<br \/>\n7. Adonias Nelson Panjoj (GTM\/Asoc. de Chimaltenango) &#8211; 18<br \/>&#13;<br \/>\n8. Rodrigo Contreras (COL\/Nu Colombia) &#8211; 15<br \/>&#13;<br \/>\n9. \u00d3scar Santiago Garz\u00f3n (COL\/GW-Erco-Shimano) &#8211; 15<br \/>&#13;<br \/>\n10. Carlos Alberto Guti\u00e9rrez (COL\/Movistar-Best PC) &#8211; 14<\/p>\n<p>&#13;<\/p>\n<p><b>Clasificaci\u00f3n general de los J\u00f3venes (Top-10):<\/b><br \/>&#13;<br \/>\n1. \u00d3scar Santiago Garz\u00f3n (COL\/GW-Erco-Shimano) &#8211; 35:41:39<br \/>&#13;<br \/>\n2. Melvin Torres (GTM\/Hino-One-La Red) a 39:46<br \/>&#13;<br \/>\n3. Hector R. \u00c1lvarez (ECU\/Movistar-Best PC) a 41:35<br \/>&#13;<br \/>\n4. Kade Kreikemeier (USA\/Momentum Racing-GCS) a 46:17<br \/>&#13;<br \/>\n5. Wilson O. Chonay (GTM\/Copeba-Muni Toto) a 47:49<br \/>&#13;<br \/>\n6. H\u00e9ctor Men\u00e9ndez (HON\/Copeba-Muni Toto) a 53:57<br \/>&#13;<br \/>\n7. Luis Aguilar (CRC\/7C-Economy-Hyundai) a 1:30:23<br \/>&#13;<br \/>\n8. Sebasti\u00e1n Calder\u00f3n (CRC\/7C-Economy-Hyundai) a 1:34:05<br \/>&#13;<br \/>\n9. \u00c1ngel Rafael Camacho (ECU\/Olinka-Specialized) a 2:18:12<br \/>&#13;<br \/>\n10. Rudy Matzar (GTM\/Asociaci\u00f3n Quich\u00e9) a 2:28:29<\/p>\n<p>&#13;<\/p>\n<p><b id=\"P5\"\/><b>Clasificaci\u00f3n general por Equipos (Top-10):<\/b><br \/>&#13;<br \/>\n1. GW-Erco-Shimano &#8211; 107:18:12<br \/>&#13;<br \/>\n2. Nu Colombia a 7:17<br \/>&#13;<br \/>\n3. Hino-One-La Red a 11:39<br \/>&#13;<br \/>\n4. Movistar-Best PC a 13:19<br \/>&#13;<br \/>\n5. ECA Electricidad Ciclismo a 30:31<br \/>&#13;<br \/>\n6. 7C Economy-Hyundai a 1:23:46<br \/>&#13;<br \/>\n7. Orgullo Paisa a 1:38:56<br \/>&#13;<br \/>\n8. Canel&#8217;s-Java a 1:59:55<br \/>&#13;<br \/>\n9. Decoraba\u00f1os-Bantrab a 2:01:12<br \/>&#13;<br \/>\n10. Olinka-Specialized a 2:47:14<\/p>\n<p>&#13;<br \/>\n&#13;<br \/>\n&#13;<br \/>\nEsCiclismo &#8211; Todos los derechos reservados. Est\u00e1 prohibido todo tipo de reproducci\u00f3n sin autorizaci\u00f3n expresa escrita.<br \/>&#13;<br \/>\n&#13;<\/p>\n<blockquote class=\"style-3\"><p>\ud83d\udce3<\/p>\n<p>Sigue toda la actualidad del mundo del ciclismo en nuestros canales de <a href=\"https:\/\/bit.ly\/WhatsappEsCiclismo\" target=\"_blank\" rel=\"noopener nofollow\"><b>WhatsApp<\/b><\/a> y <a href=\"https:\/\/bit.ly\/EsciclismoTelegram\" target=\"_blank\" rel=\"noopener nofollow\"><b>Telegram<\/b><\/a>, donde recibiras las noticias m\u00e1s destacadas.<\/p>\n<\/blockquote>\n","protected":false},"excerpt":{"rendered":"&#13; &#13; &#13; &#13; &#13; EsCiclismo.com \u00b7 Competici\u00f3n Carretera \u00b7 02\/11\/2025 \u00c9stas son las clasificaciones completas tras la&hellip;\n","protected":false},"author":2,"featured_media":216668,"comment_status":"","ping_status":"","sticky":false,"template":"","format":"standard","meta":{"footnotes":""},"categories":[273],"tags":[10605,517,10114,18791,313,3201,777,12652,10084,55199,312,168,7368,1053,25,24,53841,314,1058,14641,48998,4712,293,5215,21111,1689,15355,58079,56336,57,23,167,1885,1436,1261,14221,1357],"class_list":{"0":"post-216667","1":"post","2":"type-post","3":"status-publish","4":"format-standard","5":"has-post-thumbnail","7":"category-ciclismo","8":"tag-a","9":"tag-actualidad","10":"tag-alejandro","11":"tag-carretera","12":"tag-ciclismo","13":"tag-circuito","14":"tag-ciudad","15":"tag-clasificaciones","16":"tag-colombiano","17":"tag-completas","18":"tag-cycling","19":"tag-deportes","20":"tag-disputada","21":"tag-domingo","22":"tag-es","23":"tag-espana","24":"tag-estas","25":"tag-etapa","26":"tag-final","27":"tag-guatemala","28":"tag-html","29":"tag-inicio","30":"tag-jornada","31":"tag-kilometros","32":"tag-linda","33":"tag-llevo","34":"tag-noviembre","35":"tag-orgull","36":"tag-osorio","37":"tag-sobre","38":"tag-spain","39":"tag-sports","40":"tag-ultima","41":"tag-urbano","42":"tag-victoria","43":"tag-villa","44":"tag-vuelta"},"share_on_mastodon":{"url":"https:\/\/pubeurope.com\/@es\/115487158049160231","error":""},"_links":{"self":[{"href":"https:\/\/www.europesays.com\/es\/wp-json\/wp\/v2\/posts\/216667","targetHints":{"allow":["GET"]}}],"collection":[{"href":"https:\/\/www.europesays.com\/es\/wp-json\/wp\/v2\/posts"}],"about":[{"href":"https:\/\/www.europesays.com\/es\/wp-json\/wp\/v2\/types\/post"}],"author":[{"embeddable":true,"href":"https:\/\/www.europesays.com\/es\/wp-json\/wp\/v2\/users\/2"}],"replies":[{"embeddable":true,"href":"https:\/\/www.europesays.com\/es\/wp-json\/wp\/v2\/comments?post=216667"}],"version-history":[{"count":0,"href":"https:\/\/www.europesays.com\/es\/wp-json\/wp\/v2\/posts\/216667\/revisions"}],"wp:featuredmedia":[{"embeddable":true,"href":"https:\/\/www.europesays.com\/es\/wp-json\/wp\/v2\/media\/216668"}],"wp:attachment":[{"href":"https:\/\/www.europesays.com\/es\/wp-json\/wp\/v2\/media?parent=216667"}],"wp:term":[{"taxonomy":"category","embeddable":true,"href":"https:\/\/www.europesays.com\/es\/wp-json\/wp\/v2\/categories?post=216667"},{"taxonomy":"post_tag","embeddable":true,"href":"https:\/\/www.europesays.com\/es\/wp-json\/wp\/v2\/tags?post=216667"}],"curies":[{"name":"wp","href":"https:\/\/api.w.org\/{rel}","templated":true}]}}