{"id":216711,"date":"2025-11-03T19:01:10","date_gmt":"2025-11-03T19:01:10","guid":{"rendered":"https:\/\/www.europesays.com\/es\/216711\/"},"modified":"2025-11-03T19:01:10","modified_gmt":"2025-11-03T19:01:10","slug":"dr-jaime-perez-las-coberturas-de-vacunacion-entre-los-profesionales-sanitarios-en-espana-no-son-adecuadas","status":"publish","type":"post","link":"https:\/\/www.europesays.com\/es\/216711\/","title":{"rendered":"Dr. Jaime P\u00e9rez: \u00abLas coberturas de vacunaci\u00f3n entre los profesionales sanitarios en Espa\u00f1a no son adecuadas\u00bb"},"content":{"rendered":"<p><strong>Pablo Malo Segura<br \/><\/strong>La <a href=\"https:\/\/vacunas.org\/\" target=\"_blank\" rel=\"noopener nofollow\">Asociaci\u00f3n Espa\u00f1ola de Vacunolog\u00eda<\/a> (<strong>AEV<\/strong>) ha lanzado una nueva edici\u00f3n de su campa\u00f1a de concienciaci\u00f3n frente a infecciones respiratorias bajo el lema \u2018<strong>El Mejor Plan para este invierno. Vac\u00fanate\u2019<\/strong>, dirigida a mejorar las coberturas de vacunaci\u00f3n frente a la gripe, el Covid-19 y el neumococo. Uno de los pilares de la campa\u00f1a son los <strong>profesionales sanitarios<\/strong>, cuya tasa de <strong>vacunaci\u00f3n<\/strong> mantiene una tendencia descendente y se situ\u00f3 en niveles m\u00ednimos la pasada temporada.<\/p>\n<p>\u00abLas <strong>coberturas de vacunaci\u00f3n entre los profesionales sanitarios en Espa\u00f1a no son adecuadas<\/strong>. En 2024, la cobertura de vacunaci\u00f3n de gripe en este colectivo fue del 39,54%, cuando el objetivo establecido por el Consejo Interterritorial del Sistema Nacional de Salud es superar el 75%\u00bb, ha se\u00f1alado el <strong>Dr. Jaime P\u00e9rez<\/strong>, presidente de la AEV.<\/p>\n<p>La cobertura de vacunaci\u00f3n de gripe en los profesionales sanitarios en 2024 fue del 39,54%, muy por debajo del objetivo establecido por el Consejo Interterritorial del Sistema Nacional de Salud de superar el 75%<\/p>\n<p>En este sentido, ha asegurado que la vacunaci\u00f3n de los profesionales sanitarios es fundamental no solo para protegerse ellos mismos debido a su mayor riesgo laboral por la circulaci\u00f3n de virus en su entorno, sino tambi\u00e9n para proteger a los pacientes. \u00abDebemos<strong> evitar en la medida de lo posible ser un vector de infecci\u00f3n para pacientes vulnerables<\/strong> a los que se puede causar un grave perjuicio\u00bb, ha resaltado.<\/p>\n<p><strong>El papel \u00abprescriptor\u00bb del profesional sanitario<\/strong><\/p>\n<p>Adem\u00e1s, ha subrayado la importancia de que el colectivo sea proactivo en la recomendaci\u00f3n de las vacunas.\u00a0\u00abLa evidencia cient\u00edfica muestra que<strong> la mayor influencia a la hora de vacunarse por parte de la poblaci\u00f3n es que se lo haya recomendado su profesional sanitario<\/strong>. Las vacunas son una herramienta fundamental para la prevenci\u00f3n de casos graves, hospitalizaciones y fallecimientos a causa de las infecciones respiratorias. Forman parte de los<strong> estilos de vida saludable<\/strong> que queremos impulsar como hacer ejercicio, comer sano o dormir bien\u00bb, ha expuesto el Dr. Jaime P\u00e9rez.<\/p>\n<p>Desde la AEV destacan que las vacunas tienen que ser entendidas como un h\u00e1bito de vida saludable m\u00e1s, como hacer ejercicio o seguir una dieta equilibrada<br \/>\n<strong>Mayores, ni\u00f1os y grupos de riesgo, otros objetivos de la campa\u00f1a<\/strong><\/p>\n<p>Adem\u00e1s de a los profesionales, la campa\u00f1a tambi\u00e9n se dirige concretamente a las <strong>personas de 60 o m\u00e1s a\u00f1os y personas de riesgo<\/strong> para que se vacunen frente a la <strong>gripe<\/strong> y revisen su vacunaci\u00f3n frente al <strong>neumococo<\/strong>; a los <strong>mayores de 70 para que se vacunen de Covid-19<\/strong>; y a los <strong>padres y madres de los ni\u00f1os de entre 6 y 59 meses<\/strong>, para que les vacunen frente a la <strong>gripe<\/strong>. \u00abEl objetivo es sensibilizar sobre la importancia de vacunarse frente a virus y bacterias que causan infecciones respiratorias, como por ejemplo el Covid-19, la gripe y la enfermedad neumoc\u00f3cica, para poder disfrutar de un invierno saludable en compa\u00f1\u00eda de los nuestros y mejorar las coberturas de vacunaci\u00f3n de los grupos poblacionales a los que nos dirigimos\u00bb, ha a\u00f1adido el presidente de la AEV.<\/p>\n<p>Adem\u00e1s de prevenir infecciones respiratorias, la AEV record\u00f3 los beneficios adicionales asociados a la vacunaci\u00f3n. <strong>Vacunarse frente a la gripe reduce hasta un 34% el riesgo de eventos cardiovasculares <\/strong>en los 12 meses posteriores a su administraci\u00f3n,\u00a0hasta un <strong>18% la mortalidad por todas las causas <\/strong>en pacientes con<strong> hipertensi\u00f3n <\/strong>o entre un <strong>12 y un 16% el riesgo de ictus isqu\u00e9mico en personas mayores<\/strong>. Por su parte, la <strong>vacunaci\u00f3n frente al Covid-19 aten\u00faa los eventos arteriales y venosos y reduce las complicaciones tromb\u00f3ticas<\/strong>.<\/p>\n<p>La evidencia cient\u00edfica muestra que la mayor influencia a la hora de vacunarse por parte de la poblaci\u00f3n es que se lo haya recomendado su profesional sanitario<br \/>\n<strong>M\u00e1s de 4.000 ingresos anuales por gripe en menores de cinco a\u00f1os<\/strong><\/p>\n<p>La vacunaci\u00f3n infantil tambi\u00e9n es un objetivo prioritario. La<strong> vacunaci\u00f3n de gripe entre ni\u00f1os de 6 y 59 meses <\/strong>se incluy\u00f3 por primera vez en el calendario de 2023, y en la pasada campa\u00f1a la <strong>cobertura de vacunaci\u00f3n nacional fue del 48,16%<\/strong>. \u00abLa gripe no es una enfermedad banal, pero suele infravalorarse e infradiagnosticarse, porque puede presentarse de forma at\u00edpica, como una otitis. Tenemos que tener en cuenta que <strong>m\u00e1s del 80% de los ni\u00f1os menores de cinco a\u00f1os que ingresaron<\/strong> por gripe en la temporada 2023-2024 eran <strong>ni\u00f1os sanos\u00bb<\/strong>, ha recordado <strong>Fernando Moraga-Llop<\/strong>, portavoz y vocal s\u00e9nior de la AEV. Antes de la inclusi\u00f3n de la vacuna de la gripe para ni\u00f1os en el calendario vacunal, esta enfermedad ocasionaba cada a\u00f1o 58.640 consultas en atenci\u00f3n primaria y <strong>4.239 ingresos hospitalarios<\/strong> en menores de cinco a\u00f1os.<\/p>\n<p>\u00abAntes de los seis meses no se puede vacunar al lactante, por lo que la protecci\u00f3n debe proceder de la vacunaci\u00f3n de la embarazada, que transmite anticuerpos y protege al ni\u00f1o en este periodo inicial\u00bb, ha explicado el vocal s\u00e9nior de la AEV. Asimismo, ha recordado\u00a0que los <strong>ni\u00f1os juegan un papel clave en la transmisi\u00f3n de la gripe<\/strong>. As\u00ed, ha indicado que la <strong data-start=\"1176\" data-end=\"1244\">tasa de ataque puede alcanzar el 50% de la poblaci\u00f3n infantil<\/strong>, que adem\u00e1s es m\u00e1s infecciosa que la adulta y transmite el virus durante m\u00e1s tiempo. \u00abEl ni\u00f1o es mucho m\u00e1s infeccioso que el adulto, debido a que infecta mucho antes, cinco o seis d\u00edas antes de que aparezcan los s\u00edntomas, mientras que en el adulto es un d\u00eda antes. Adem\u00e1s, la transmisibilidad en los ni\u00f1os se alarga 10 a 14 d\u00edas despu\u00e9s de los s\u00edntomas, un periodo mucho menor en adultos\u00bb, ha detallado.<\/p>\n<p> M\u00e1s del 80% de los ni\u00f1os menores de cinco a\u00f1os que ingresaron por gripe en la temporada 2023-2024 eran previamente sanos<\/p>\n<p>La campa\u00f1a llega varias semanas despu\u00e9s de que las comunidades aut\u00f3nomas hayan comenzado sus campa\u00f1as de vacunaci\u00f3n. Esto se debe a que durante las primeras semanas la poblaci\u00f3n suele responder muy bien al llamamiento de la vacunaci\u00f3n, pero la afluencia va cayendo seg\u00fan pasa el tiempo. \u00abCon esta iniciativa, que se va consolidando a\u00f1o tras a\u00f1o, queremos sumarnos y reforzar el mensaje de que el <strong>mejor plan para este invierno es vacunarse, respaldando las recomendaciones de las autoridades sanitarias<\/strong>\u00bb, ha resaltado el presidente de la AEV.<\/p>\n<p><img fetchpriority=\"high\" decoding=\"async\" class=\" wp-image-349052 alignright\" src=\"data:image\/svg+xml,%3Csvg%20xmlns=\" http:=\"\" alt=\"\" width=\"373\" height=\"210\" data-lazy- data-lazy- data-lazy-src=\"https:\/\/www.europesays.com\/es\/wp-content\/uploads\/2025\/11\/Campana-El-Mejor-Plan.jpg\"\/><\/p>\n<p>La campa\u00f1a cuenta con el apoyo de AstraZeneca, CSL Seqirus, GSK, Hipra, MSD, Sanofi y Pfizer, y el aval de la Asociaci\u00f3n Espa\u00f1ola de Pediatr\u00eda (<strong>AEP<\/strong>); Asociaci\u00f3n Nacional de Enfermer\u00eda y Vacunas (<strong>Anenvac<\/strong>); la C\u00e1tedra de Vacunolog\u00eda Pfizer-Universidad Rey Juan Carlos; la Sociedad Espa\u00f1ola de Medicina Preventiva, Salud P\u00fablica y Gesti\u00f3n Sanitaria (<strong>Sempspgs<\/strong>); el Instituto Hispalense de Pediatr\u00eda (<strong>Grupo IHP<\/strong>); la Fundaci\u00f3n Instituto de Investigaci\u00f3n Sanitaria de Santiago de Compostela (<strong>IDIS<\/strong>); la Red Espa\u00f1ola de Ensayos Cl\u00ednicos Pedi\u00e1tricos (<strong>Reclip<\/strong>); la Sociedad Espa\u00f1ola de Infectolog\u00eda Pedi\u00e1trica (<strong>SEIP<\/strong>); la Sociedad Espa\u00f1ola de M\u00e9dicos de Atenci\u00f3n Primaria (<strong>Semergen<\/strong>), la Universidade de Santiago de Compostela (<strong>USC<\/strong>); el Grupo de Investigaci\u00f3n en Gen\u00e9tica, Vacunas y Enfermedades Infecciosas (<strong>Genvip<\/strong>); la Sociedad Espa\u00f1ola de Neumolog\u00eda y Cirug\u00eda Tor\u00e1cica (<strong>Separ<\/strong>); y la Sociedad Espa\u00f1ola de M\u00e9dicos Generales y de Familia (<strong>SEMG<\/strong>). La campa\u00f1a estar\u00e1 presente a lo largo de todo el mes de noviembre.<\/p>\n","protected":false},"excerpt":{"rendered":"Pablo Malo SeguraLa Asociaci\u00f3n Espa\u00f1ola de Vacunolog\u00eda (AEV) ha lanzado una nueva edici\u00f3n de su campa\u00f1a de concienciaci\u00f3n&hellip;\n","protected":false},"author":2,"featured_media":216712,"comment_status":"","ping_status":"","sticky":false,"template":"","format":"standard","meta":{"footnotes":""},"categories":[92],"tags":[3297,517,50140,2272,25,24,7749,165,38682,25791,166,23,7589],"class_list":{"0":"post-216711","1":"post","2":"type-post","3":"status-publish","4":"format-standard","5":"has-post-thumbnail","7":"category-salud","8":"tag-a1","9":"tag-actualidad","10":"tag-aev","11":"tag-covid-19","12":"tag-es","13":"tag-espana","14":"tag-gripe","15":"tag-health","16":"tag-neumococo","17":"tag-profesionales-sanitarios","18":"tag-salud","19":"tag-spain","20":"tag-vacunacion"},"share_on_mastodon":{"url":"https:\/\/pubeurope.com\/@es\/115487315357425120","error":""},"_links":{"self":[{"href":"https:\/\/www.europesays.com\/es\/wp-json\/wp\/v2\/posts\/216711","targetHints":{"allow":["GET"]}}],"collection":[{"href":"https:\/\/www.europesays.com\/es\/wp-json\/wp\/v2\/posts"}],"about":[{"href":"https:\/\/www.europesays.com\/es\/wp-json\/wp\/v2\/types\/post"}],"author":[{"embeddable":true,"href":"https:\/\/www.europesays.com\/es\/wp-json\/wp\/v2\/users\/2"}],"replies":[{"embeddable":true,"href":"https:\/\/www.europesays.com\/es\/wp-json\/wp\/v2\/comments?post=216711"}],"version-history":[{"count":0,"href":"https:\/\/www.europesays.com\/es\/wp-json\/wp\/v2\/posts\/216711\/revisions"}],"wp:featuredmedia":[{"embeddable":true,"href":"https:\/\/www.europesays.com\/es\/wp-json\/wp\/v2\/media\/216712"}],"wp:attachment":[{"href":"https:\/\/www.europesays.com\/es\/wp-json\/wp\/v2\/media?parent=216711"}],"wp:term":[{"taxonomy":"category","embeddable":true,"href":"https:\/\/www.europesays.com\/es\/wp-json\/wp\/v2\/categories?post=216711"},{"taxonomy":"post_tag","embeddable":true,"href":"https:\/\/www.europesays.com\/es\/wp-json\/wp\/v2\/tags?post=216711"}],"curies":[{"name":"wp","href":"https:\/\/api.w.org\/{rel}","templated":true}]}}