{"id":216713,"date":"2025-11-03T19:02:08","date_gmt":"2025-11-03T19:02:08","guid":{"rendered":"https:\/\/www.europesays.com\/es\/216713\/"},"modified":"2025-11-03T19:02:08","modified_gmt":"2025-11-03T19:02:08","slug":"gonzalo-celorio-gana-el-premio-cervantes-2025-cultura","status":"publish","type":"post","link":"https:\/\/www.europesays.com\/es\/216713\/","title":{"rendered":"Gonzalo Celorio gana el Premio Cervantes 2025 | Cultura"},"content":{"rendered":"<p class=\"\">El Premio Cervantes 2025<a href=\"https:\/\/elpais.com\/noticias\/gonzalo-celorio\/\" target=\"_blank\" rel=\"nofollow noopener\" title=\"https:\/\/elpais.com\/noticias\/gonzalo-celorio\/\"> ha reca\u00eddo en el mexicano Gonzalo Celorio<\/a>. As\u00ed lo ha anunciado <a href=\"https:\/\/elpais.com\/noticias\/ernest-urtasun-domenech\/\" target=\"_blank\" rel=\"nofollow noopener\" title=\"https:\/\/elpais.com\/noticias\/ernest-urtasun-domenech\/\">el ministro de Cultura, Ernest Urtasun<\/a>, en la sede del ministerio en Madrid este lunes. Un premio que recae en el ensayista, escritor y cr\u00edtico \u201cpor su excepcional obra literaria, profunda y sostenida a la cultura hisp\u00e1nica\u201d, ha se\u00f1alado el jurado, que destaca que Celorio \u201cconjuga una lucidez cr\u00edtica que explora la identidad sentimental y la p\u00e9rdida\u201d. Celorio (Ciudad de M\u00e9xico, 77 a\u00f1os) se alza as\u00ed con el m\u00e1ximo galard\u00f3n de la literatura en lengua castellana, creado en 1976 y dotado de 125.000 euros. El premio ser\u00e1 entregado el pr\u00f3ximo 23 de abril en la Universidad de Alcal\u00e1 de Henares.<\/p>\n<p>M\u00e1s informaci\u00f3n<\/p>\n<p class=\"\">El jurado en esta edici\u00f3n ha estado integrado, entre otros, por los dos \u00faltimos ganadores del premio en 2023 y 2024, los <a href=\"https:\/\/elpais.com\/cultura\/2023-11-07\/el-escritor-luis-mateo-diez-gana-el-premio-cervantes-2023.html\" target=\"_blank\" rel=\"nofollow noopener\" title=\"https:\/\/elpais.com\/cultura\/2023-11-07\/el-escritor-luis-mateo-diez-gana-el-premio-cervantes-2023.html\">escritores y acad\u00e9micos de la lengua Luis Mateo D\u00edez<\/a> y <a href=\"https:\/\/elpais.com\/cultura\/2024-11-12\/el-escritor-espanol-alvaro-pombo-gana-el-premio-cervantes.html\" target=\"_blank\" rel=\"nofollow noopener\" title=\"https:\/\/elpais.com\/cultura\/2024-11-12\/el-escritor-espanol-alvaro-pombo-gana-el-premio-cervantes.html\">\u00c1lvaro Pombo<\/a>, respectivamente; la tambi\u00e9n acad\u00e9mica Aura Egido, el cr\u00edtico Constantino B\u00e9rtolo y el escritor Manuel Rico, as\u00ed como Mauricio Carrera en representaci\u00f3n de la Uni\u00f3n de Universidades de Am\u00e9rica Latina y el Caribe (UDUALC).<\/p>\n<p class=\"\">Los dos \u00faltimos a\u00f1os, el Cervantes lo recibieron autores espa\u00f1oles, algo que rompi\u00f3 la tradicional alternancia entre autores espa\u00f1oles e iberoamericanos, que en la \u00faltima d\u00e9cada ha pasado a ser cada dos a\u00f1os. Los dos premiados anteriores a Luis Mateo D\u00edez fueron el poeta venezolano Rafael Cadenas (2022) y la escritora uruguaya Cristina Peri Rossi (2021). En las ediciones de 2020 y 2019 ganaron los poetas espa\u00f1oles Francisco Brines y Joan Margarit, respectivamente, mientras que en 2018 y 2017 lo obtuvieron la poeta uruguaya Ida Vitale y el nicarag\u00fcense Sergio Ram\u00edrez.<\/p>\n<p class=\"\">Los candidatos a este galard\u00f3n son propuestos por el pleno de la Real Academia Espa\u00f1ola, por las Academias de la Lengua de los pa\u00edses de habla hispana y por los ganadores de pasadas ediciones. Las candidaturas de este a\u00f1o se cerraron el 21 de octubre.<\/p>\n<p class=\"\">[Not\u00edcia de \u00faltima hora, habr\u00e1 ampliaci\u00f3n en breve.]<\/p>\n","protected":false},"excerpt":{"rendered":"El Premio Cervantes 2025 ha reca\u00eddo en el mexicano Gonzalo Celorio. As\u00ed lo ha anunciado el ministro de&hellip;\n","protected":false},"author":2,"featured_media":216714,"comment_status":"","ping_status":"","sticky":false,"template":"","format":"standard","meta":{"footnotes":""},"categories":[91],"tags":[52505,209,146,147,5963,25,1598,24,58086,1804,671,58085,34786,251,40877,23],"class_list":{"0":"post-216713","1":"post","2":"type-post","3":"status-publish","4":"format-standard","5":"has-post-thumbnail","7":"category-entretenimiento","8":"tag-alvaro-pombo","9":"tag-cultura","10":"tag-entertainment","11":"tag-entretenimiento","12":"tag-ernest-urtasun","13":"tag-es","14":"tag-escritores","15":"tag-espana","16":"tag-gonzalo-celorio","17":"tag-latinoamerica","18":"tag-literatura","19":"tag-luis-mateo-diez","20":"tag-miguel-de-cervantes","21":"tag-ministerio-de-cultura","22":"tag-premio-cervantes","23":"tag-spain"},"share_on_mastodon":{"url":"https:\/\/pubeurope.com\/@es\/115487319281410028","error":""},"_links":{"self":[{"href":"https:\/\/www.europesays.com\/es\/wp-json\/wp\/v2\/posts\/216713","targetHints":{"allow":["GET"]}}],"collection":[{"href":"https:\/\/www.europesays.com\/es\/wp-json\/wp\/v2\/posts"}],"about":[{"href":"https:\/\/www.europesays.com\/es\/wp-json\/wp\/v2\/types\/post"}],"author":[{"embeddable":true,"href":"https:\/\/www.europesays.com\/es\/wp-json\/wp\/v2\/users\/2"}],"replies":[{"embeddable":true,"href":"https:\/\/www.europesays.com\/es\/wp-json\/wp\/v2\/comments?post=216713"}],"version-history":[{"count":0,"href":"https:\/\/www.europesays.com\/es\/wp-json\/wp\/v2\/posts\/216713\/revisions"}],"wp:featuredmedia":[{"embeddable":true,"href":"https:\/\/www.europesays.com\/es\/wp-json\/wp\/v2\/media\/216714"}],"wp:attachment":[{"href":"https:\/\/www.europesays.com\/es\/wp-json\/wp\/v2\/media?parent=216713"}],"wp:term":[{"taxonomy":"category","embeddable":true,"href":"https:\/\/www.europesays.com\/es\/wp-json\/wp\/v2\/categories?post=216713"},{"taxonomy":"post_tag","embeddable":true,"href":"https:\/\/www.europesays.com\/es\/wp-json\/wp\/v2\/tags?post=216713"}],"curies":[{"name":"wp","href":"https:\/\/api.w.org\/{rel}","templated":true}]}}