{"id":216719,"date":"2025-11-03T19:05:08","date_gmt":"2025-11-03T19:05:08","guid":{"rendered":"https:\/\/www.europesays.com\/es\/216719\/"},"modified":"2025-11-03T19:05:08","modified_gmt":"2025-11-03T19:05:08","slug":"la-jornada-al-menos-15-alpinistas-desaparecidos-tras-avalancha-en-nepal","status":"publish","type":"post","link":"https:\/\/www.europesays.com\/es\/216719\/","title":{"rendered":"La Jornada &#8211; Al menos 15 alpinistas desaparecidos tras avalancha en Nepal"},"content":{"rendered":"<p class=\"nota-justify\">Nueva Delhi. Al menos 15 personas, incluidos alpinistas extranjeros y gu\u00edas nepal\u00edes, permanecen desparecidos tras una avalancha en la monta\u00f1a Yalung Ri Himal de Nepal, inform\u00f3 el peri\u00f3dico Kathmandu Post.<\/p>\n<p class=\"nota-justify\">\u00abUn grupo que inclu\u00eda tanto a alpinistas nepal\u00edes como extranjeros (\u2026) se encontraba en la zona afectada por la avalancha alrededor de las 9 de la ma\u00f1ana. Su condici\u00f3n sigue siendo desconocida\u00bb, declar\u00f3 el subcomisario de polic\u00eda Gyan Kumar Mahato, citado por el medio.<\/p>\n<p class=\"nota-justify\">La polic\u00eda inform\u00f3 que contin\u00faan las operaciones de b\u00fasqueda y rescate, y que se han enviado helic\u00f3pteros a la zona de la avalancha para localizar a los alpinistas desaparecidos.<\/p>\n<p class=\"nota-justify\">Las autoridades a\u00fan no han revelado la nacionalidad de los alpinistas extranjeros.<\/p>\n<p class=\"nota-justify\">Yalung Ri Himal es una monta\u00f1a en el valle de Rolwaling en Nepal, situada a una altitud de aproximadamente 5 mil 630 metros. Es un destino popular de senderismo para principiantes, ya que ofrece rutas mixtas de baja dificultad.<\/p>\n<p class=\"nota-justify\">Aunque el ascenso al Yalung Ri requiere equipo de alpinismo adecuado, el lugar es considerado un punto de partida ideal para quienes tienen poca o ninguna experiencia en escalada.<\/p>\n<p>\u00a0<\/p>\n","protected":false},"excerpt":{"rendered":"Nueva Delhi. Al menos 15 personas, incluidos alpinistas extranjeros y gu\u00edas nepal\u00edes, permanecen desparecidos tras una avalancha en&hellip;\n","protected":false},"author":2,"featured_media":216720,"comment_status":"","ping_status":"","sticky":false,"template":"","format":"standard","meta":{"footnotes":""},"categories":[42],"tags":[57827,23121,17,18,58088,13,14,11,61,62,63,64,19,20,21283,9,7080,10,15,16,12,21,22,58087,65,66,67],"class_list":{"0":"post-216719","1":"post","2":"type-post","3":"status-publish","4":"format-standard","5":"has-post-thumbnail","7":"category-internacional","8":"tag-alpinistas","9":"tag-avalancha","10":"tag-breaking-news","11":"tag-breakingnews","12":"tag-busqueda-y-rescate","13":"tag-featured-news","14":"tag-featurednews","15":"tag-headlines","16":"tag-internacional","17":"tag-international","18":"tag-international-news","19":"tag-internationalnews","20":"tag-latest-news","21":"tag-latestnews","22":"tag-nepal","23":"tag-news","24":"tag-noticia","25":"tag-noticias","26":"tag-noticias-destacadas","27":"tag-noticiasdestacadas","28":"tag-titulares","29":"tag-ultimas-noticias","30":"tag-ultimasnoticias","31":"tag-valle-de-rolwaling","32":"tag-world","33":"tag-world-news","34":"tag-worldnews"},"share_on_mastodon":{"url":"https:\/\/pubeurope.com\/@es\/115487331416954379","error":""},"_links":{"self":[{"href":"https:\/\/www.europesays.com\/es\/wp-json\/wp\/v2\/posts\/216719","targetHints":{"allow":["GET"]}}],"collection":[{"href":"https:\/\/www.europesays.com\/es\/wp-json\/wp\/v2\/posts"}],"about":[{"href":"https:\/\/www.europesays.com\/es\/wp-json\/wp\/v2\/types\/post"}],"author":[{"embeddable":true,"href":"https:\/\/www.europesays.com\/es\/wp-json\/wp\/v2\/users\/2"}],"replies":[{"embeddable":true,"href":"https:\/\/www.europesays.com\/es\/wp-json\/wp\/v2\/comments?post=216719"}],"version-history":[{"count":0,"href":"https:\/\/www.europesays.com\/es\/wp-json\/wp\/v2\/posts\/216719\/revisions"}],"wp:featuredmedia":[{"embeddable":true,"href":"https:\/\/www.europesays.com\/es\/wp-json\/wp\/v2\/media\/216720"}],"wp:attachment":[{"href":"https:\/\/www.europesays.com\/es\/wp-json\/wp\/v2\/media?parent=216719"}],"wp:term":[{"taxonomy":"category","embeddable":true,"href":"https:\/\/www.europesays.com\/es\/wp-json\/wp\/v2\/categories?post=216719"},{"taxonomy":"post_tag","embeddable":true,"href":"https:\/\/www.europesays.com\/es\/wp-json\/wp\/v2\/tags?post=216719"}],"curies":[{"name":"wp","href":"https:\/\/api.w.org\/{rel}","templated":true}]}}