{"id":216729,"date":"2025-11-03T19:13:23","date_gmt":"2025-11-03T19:13:23","guid":{"rendered":"https:\/\/www.europesays.com\/es\/216729\/"},"modified":"2025-11-03T19:13:23","modified_gmt":"2025-11-03T19:13:23","slug":"gonzalo-inguanzo-y-sofia-rodriguez-se-llevan-la-victoria-en-el-ciclocross-internacional-de-karrantza-2","status":"publish","type":"post","link":"https:\/\/www.europesays.com\/es\/216729\/","title":{"rendered":"Gonzalo Inguanzo y Sof\u00eda Rodr\u00edguez se llevan la victoria en el Ciclocross Internacional de Karrantza"},"content":{"rendered":"<p>\n                    El c\u00e1ntabro mantiene el liderato de la competici\u00f3n, mientras que la valenciana se viste como nueva l\u00edder de la Copa de Espa\u00f1a, en detrimento de su compa\u00f1era de equipo Luc\u00eda Gonz\u00e1lez.\n                <\/p>\n<p style=\"text-align: justify;\">Tras la disputa en el d\u00eda de ayer de su tercera prueba en Amurrio, la Copa de Espa\u00f1a se ha trasladado este domingo a tierras vizca\u00ednas para celebrar el XXXII Ciclocross Internacional de Karrantza, que ha finalizado con las victorias de Gonzalo Inguanzo y Sof\u00eda Rodr\u00edguez, quienes tendr\u00e1n que defender su liderato en la pr\u00f3xima cita copera del 16 de noviembre en Alcobendas.<\/p>\n<p style=\"text-align: justify;\">Despu\u00e9s de vencer en Mar\u00edn, el c\u00e1ntabro Gonzalo Inguanzo ha realizado hoy en el barro de Karrantza una gran actuaci\u00f3n, que le ha llevado a conseguir en solitario su segundo triunfo de esta edici\u00f3n. El ciclista del Froiz ha aprovechado la ausencia en cabeza de carrera de Kevin Su\u00e1rez en, quinto en el d\u00eda de hoy, para manejar la renta con sus rivales entre los que hoy se han encontrado Mario Junquera, Cyprien Gilles y Ra\u00fal Mira, quienes han luchado por el podio hasta los \u00faltimos compases. Inguanzo ha entrado en l\u00ednea de meta con una ventaja de 21 segundos sobre Mario Junquera,\u00a0 de 29 segundos sobre el galo Gilles Cyprien y de 34 sobre Ra\u00fal Mira, mejor sub23.<\/p>\n<p style=\"text-align: justify;\"><img loading=\"lazy\" decoding=\"async\" src=\"https:\/\/www.europesays.com\/es\/wp-content\/uploads\/2025\/11\/1762197198_154_doc_69078a657275d6.32721305_WhatsApp-Image-2025-11-02-at-15.29.31.jpg\" alt=\"imagen\" width=\"750\" height=\"500\"\/><\/p>\n<p style=\"text-align: justify;\">En lo que respecta a las chicas, Luc\u00eda Gonz\u00e1lez ha perdido el maillot amarillo de l\u00edder, en detrimento de su compa\u00f1era de equipo del Nesta, Sof\u00eda Rodr\u00edguez, que ha sumado su primera victoria en esta edici\u00f3n. A pesar de los intentos de escapada de Sara Cueto en los primeros giros, la valenciana fue recuperando metros con la asturiana para encaramarse a la cabeza de carrera y no soltarla hasta al final, a pesar del empuje de la gala Anais Morichon, que llegaba a tan solo 12 segundos de la campeona de Espa\u00f1a. La tercera fue Sara Cueto a 1:08, mientras que la mejor sub23 fue Lorena Pati\u00f1o a 1:22 de la ganadora.\u00a0<\/p>\n<p style=\"text-align: justify;\"><img loading=\"lazy\" decoding=\"async\" src=\"https:\/\/www.europesays.com\/es\/wp-content\/uploads\/2025\/11\/1762197200_793_doc_69078ac299fad2.05812065_WhatsApp-Image-2025-11-02-at-16.00.59.jpg\" alt=\"imagen\" width=\"750\" height=\"500\"\/><\/p>\n<p style=\"text-align: justify;\">En la categor\u00eda j\u00fanior masculina, sigue el domino contundente de Mart\u00edn Fern\u00e1ndez, que esta vez ha tenido que lidiar con los corredores galos para hacerse con la victoria. El asturiano sumaba su cuarto triunfo de esta edici\u00f3n de la Copa, con tan solo dos segundos de diferencias sobre el franc\u00e9s Loris Boulle y de 20\u201d sobre Lucas Bulteau.<\/p>\n<p style=\"text-align: justify;\"><img loading=\"lazy\" decoding=\"async\" src=\"https:\/\/www.europesays.com\/es\/wp-content\/uploads\/2025\/11\/1762197202_238_doc_69078aee05de67.30719162_WhatsApp-Image-2025-11-02-at-13.05.10.jpg\" alt=\"imagen\" width=\"750\" height=\"500\"\/><\/p>\n<p style=\"text-align: justify;\">Entre las chicas, la gala Noemie Jurado ha manejado extraordinariamente la carrera de principio a fin y ha llegado a meta con una ventaja de 1:23 sobre la l\u00edder Aitana Guti\u00e9rrez y con 1:36 sobre Mirari Gotxi.\u00a0<\/p>\n<p style=\"text-align: justify;\">Entre los cadetes, el l\u00edder Guillermo Garc\u00eda se llevaba nuevamente la victoria, con una ventaja de 19 segundos sobre Asier G\u00f3mez y Pedro Cidras, quienes se disputaron al sprint la segunda plaza. Entre las chicas, Laura Solares se alz\u00f3 con el triunfo por delante de la l\u00edder Gisela Herrero y de Maider Lorenzo.\u00a0<\/p>\n<p style=\"text-align: justify;\">En lo que respecta a la categor\u00eda master 30 masculina, la victoria ha ca\u00eddo nuevamente para Gerard Moya, seguido del l\u00edder Miguel Llaneza y Mikel Santamar\u00eda; en master 40, Isaac Su\u00e1rez se lleva la revancha y recupera el liderato frente a I\u00f1aki Carro y Bernat Pou; en master 50, Manu Quintanilla se ha alzado con el triunfo, con el l\u00edder Eloy Otero en segunda posici\u00f3n y Andoni Jim\u00e9nez en tercera; en master 60, Juan Marcelino Huerdo se sube a lo m\u00e1s alto del podio, por delante del l\u00edder Aitor Zabaleta y de Abelardo Mart\u00ednez.<\/p>\n<p style=\"text-align: justify;\">En categor\u00eda master 30 femenina, el triunfo ha sido para la l\u00edder Deborah S\u00e1nchez, seguida de Carla Siguero y Helena Santamar\u00eda; en master 40, la l\u00edder Felisa Ares ha vuelto a vencer, por delante de Sonia Respuela y Beatriz Vicente; mientras en master 50, la l\u00edder Ruth Moll ha dominado nuevamente, con Noelia Gonz\u00e1lez y Blanca Mar\u00eda Garc\u00eda, en segunda y tercera posici\u00f3n.<\/p>\n<p style=\"text-align: justify;\"><img loading=\"lazy\" decoding=\"async\" src=\"https:\/\/www.europesays.com\/es\/wp-content\/uploads\/2025\/11\/1762197203_733_doc_69078b19d92208.09288456_WhatsApp-Image-2025-11-02-at-12.11.20.jpg\" alt=\"imagen\" width=\"750\" height=\"500\"\/><\/p>\n<p style=\"text-align: justify;\">Pr\u00f3xima cita el 16 de noviembre en la localidad madrile\u00f1a de Alcobendas. Toda la informaci\u00f3n de esta Copa se puede seguir en redes sociales y con el hashtag #CopaEspa\u00f1aCX.<\/p>\n<p style=\"text-align: justify;\">\u00a0<\/p>\n","protected":false},"excerpt":{"rendered":"El c\u00e1ntabro mantiene el liderato de la competici\u00f3n, mientras que la valenciana se viste como nueva l\u00edder de&hellip;\n","protected":false},"author":2,"featured_media":216730,"comment_status":"","ping_status":"","sticky":false,"template":"","format":"standard","meta":{"footnotes":""},"categories":[273],"tags":[313,312,168,25,24,23,167],"class_list":{"0":"post-216729","1":"post","2":"type-post","3":"status-publish","4":"format-standard","5":"has-post-thumbnail","7":"category-ciclismo","8":"tag-ciclismo","9":"tag-cycling","10":"tag-deportes","11":"tag-es","12":"tag-espana","13":"tag-spain","14":"tag-sports"},"share_on_mastodon":{"url":"https:\/\/pubeurope.com\/@es\/115487362655130154","error":""},"_links":{"self":[{"href":"https:\/\/www.europesays.com\/es\/wp-json\/wp\/v2\/posts\/216729","targetHints":{"allow":["GET"]}}],"collection":[{"href":"https:\/\/www.europesays.com\/es\/wp-json\/wp\/v2\/posts"}],"about":[{"href":"https:\/\/www.europesays.com\/es\/wp-json\/wp\/v2\/types\/post"}],"author":[{"embeddable":true,"href":"https:\/\/www.europesays.com\/es\/wp-json\/wp\/v2\/users\/2"}],"replies":[{"embeddable":true,"href":"https:\/\/www.europesays.com\/es\/wp-json\/wp\/v2\/comments?post=216729"}],"version-history":[{"count":0,"href":"https:\/\/www.europesays.com\/es\/wp-json\/wp\/v2\/posts\/216729\/revisions"}],"wp:featuredmedia":[{"embeddable":true,"href":"https:\/\/www.europesays.com\/es\/wp-json\/wp\/v2\/media\/216730"}],"wp:attachment":[{"href":"https:\/\/www.europesays.com\/es\/wp-json\/wp\/v2\/media?parent=216729"}],"wp:term":[{"taxonomy":"category","embeddable":true,"href":"https:\/\/www.europesays.com\/es\/wp-json\/wp\/v2\/categories?post=216729"},{"taxonomy":"post_tag","embeddable":true,"href":"https:\/\/www.europesays.com\/es\/wp-json\/wp\/v2\/tags?post=216729"}],"curies":[{"name":"wp","href":"https:\/\/api.w.org\/{rel}","templated":true}]}}