{"id":216776,"date":"2025-11-03T19:47:07","date_gmt":"2025-11-03T19:47:07","guid":{"rendered":"https:\/\/www.europesays.com\/es\/216776\/"},"modified":"2025-11-03T19:47:07","modified_gmt":"2025-11-03T19:47:07","slug":"el-reto-del-linfoma-de-hodgkin-en-mayores-los-expertos-reclaman-un-abordaje-multidisciplinar","status":"publish","type":"post","link":"https:\/\/www.europesays.com\/es\/216776\/","title":{"rendered":"El reto del linfoma de Hodgkin en mayores; los expertos reclaman un abordaje multidisciplinar"},"content":{"rendered":"<p>El abordaje integral a los <a href=\"https:\/\/diariofarma.com\/tag\/pacientes?utm_source=diariofarma&amp;utm_medium=web&amp;utm_campaign=smartlink\" rel=\"nofollow noopener\" target=\"_blank\">pacientes<\/a> mayores ha sido el eje sobre el que ha girado el Oncosenior Forum \u2013 Kintsugi. Un encuentro de expertos en el que los debates se han centrado en la importancia del enfoque multidisciplinar para ofrecer un tratamiento m\u00e1s personalizado y seguro a una poblaci\u00f3n que sigue siendo uno de los colectivos menos investigados y, en ocasiones, infratratados en <a href=\"https:\/\/diariofarma.com\/tag\/oncologia?utm_source=diariofarma&amp;utm_medium=web&amp;utm_campaign=smartlink\" rel=\"nofollow noopener\" target=\"_blank\">oncolog\u00eda<\/a>.<\/p>\n<p>Bajo la organizaci\u00f3n de compa\u00f1\u00eda biofarmac\u00e9utica <a href=\"https:\/\/www.takeda.com\/es-es\/?utm_source=diariofarma&amp;utm_medium=web&amp;utm_campaign=smartlink\" rel=\"nofollow noopener\" target=\"_blank\">Takeda<\/a>, el encuentro ha contado con la participaci\u00f3n de Paul J. Br\u00f6ckelmann, del University Hospital de Colonia, uno de los principales referentes internacionales en el estudio del <a href=\"https:\/\/diariofarma.com\/tag\/linfoma?utm_source=diariofarma&amp;utm_medium=web&amp;utm_campaign=smartlink\" rel=\"nofollow noopener\" target=\"_blank\">linfoma<\/a> de Hodgkin, quien ha compartido los \u00faltimos avances en investigaci\u00f3n cl\u00ednica y terap\u00e9utica, as\u00ed como las nuevas estrategias de tratamiento en pacientes s\u00e9nior.<\/p>\n<p>El linfoma de Hodgkin cl\u00e1sico constituye la forma m\u00e1s com\u00fan de esta enfermedad y representa aproximadamente entre un 10 % y un 15 % del conjunto de los linfomas.<\/p>\n<p>Aunque es una neoplasia poco frecuente y potencialmente curable, su manejo cl\u00ednico plantea retos espec\u00edficos en las personas mayores. Se estima que entre un 20 % y un 25 % de los nuevos diagn\u00f3sticos se producen en pacientes de 60 a\u00f1os o m\u00e1s, un grupo que presenta con frecuencia mayor fragilidad, comorbilidades y menor <a href=\"https:\/\/diariofarma.com\/tag\/tolerancia?utm_source=diariofarma&amp;utm_medium=web&amp;utm_campaign=smartlink\" rel=\"nofollow noopener\" target=\"_blank\">tolerancia<\/a> a los tratamientos intensivos, factores que se asocian a peores resultados cl\u00ednicos y menor supervivencia global en comparaci\u00f3n con la poblaci\u00f3n m\u00e1s joven.\u00a0<\/p>\n<p>Los expertos insisten en la necesidad de repensar los protocolos terap\u00e9uticos e incorporar la visi\u00f3n de distintas especialidades m\u00e9dicas. \u201cLos pacientes mayores tienen m\u00e1s comorbilidades que complican el dise\u00f1o del tratamiento y desarrollan con mayor frecuencia efectos secundarios\u201d, ha se\u00f1alado Ra\u00fal C\u00f3rdoba. Por ello, considera fundamental \u201cla colaboraci\u00f3n interdisciplinar con la <a href=\"https:\/\/diariofarma.com\/tag\/geriatria?utm_source=diariofarma&amp;utm_medium=web&amp;utm_campaign=smartlink\" rel=\"nofollow noopener\" target=\"_blank\">geriatr\u00eda<\/a>, para evaluar la fragilidad antes de la quimioterapia; con los cardi\u00f3logos, para prevenir complicaciones cardiovasculares; y con los neur\u00f3logos, dado que algunos f\u00e1rmacos pueden inducir neuropat\u00edas que afecten a la funcionalidad y calidad de vida\u201d.<\/p>\n<p>Los ponentes coincidieron en que la edad cronol\u00f3gica no debe ser el \u00fanico criterio para decidir el tratamiento. La evaluaci\u00f3n geri\u00e1trica integral y la coordinaci\u00f3n entre especialidades son claves para optimizar los resultados.<\/p>\n<p>\u201cLos pacientes senior con linfoma de Hodgkin tienen peores resultados en salud porque presentan un microambiente inmunol\u00f3gico m\u00e1s supresor, toleran peor los tratamientos y, a menudo, est\u00e1n infradiagnosticados por el sesgo de la edad\u201d, ha afirmado C\u00f3rdoba.<\/p>\n<p>En la misma l\u00ednea, Eva Domingo ha subrayado que el abordaje conjunto de distintas especialidades \u201cayuda a la toma de decisiones terap\u00e9uticas, a la prehabilitaci\u00f3n del paciente y al seguimiento de las toxicidades, algo especialmente importante en mayores polimedicados o con m\u00faltiples patolog\u00edas\u201d.<\/p>\n<p>\u201cEl envejecimiento de la poblaci\u00f3n es uno de los mayores retos del sistema sanitario. Reunir a especialistas de diferentes \u00e1mbitos nos permite avanzar hacia una medicina m\u00e1s integrada y humana, capaz de responder a las necesidades reales de los pacientes\u201d, ha destacado Marta Grande, responsable m\u00e9dica de Oncolog\u00eda de Takeda Espa\u00f1a.<\/p>\n","protected":false},"excerpt":{"rendered":"El abordaje integral a los pacientes mayores ha sido el eje sobre el que ha girado el Oncosenior&hellip;\n","protected":false},"author":2,"featured_media":216777,"comment_status":"","ping_status":"","sticky":false,"template":"","format":"standard","meta":{"footnotes":""},"categories":[92],"tags":[259,58103,58104,25,24,13170,165,3612,1294,8443,4863,3613,597,4298,166,23,58105,51642],"class_list":{"0":"post-216776","1":"post","2":"type-post","3":"status-publish","4":"format-standard","5":"has-post-thumbnail","7":"category-salud","8":"tag-andalucia","9":"tag-comorbilidad","10":"tag-encuentro-de-expertos","11":"tag-es","12":"tag-espana","13":"tag-geriatria","14":"tag-health","15":"tag-inmunologia","16":"tag-investigacion","17":"tag-investigacion-desarrollo-e-innovacion-idi","18":"tag-linfoma","19":"tag-oncologia","20":"tag-prevencion","21":"tag-quimioterapia","22":"tag-salud","23":"tag-spain","24":"tag-takeda","25":"tag-tolerancia"},"share_on_mastodon":{"url":"https:\/\/pubeurope.com\/@es\/115487496193089728","error":""},"_links":{"self":[{"href":"https:\/\/www.europesays.com\/es\/wp-json\/wp\/v2\/posts\/216776","targetHints":{"allow":["GET"]}}],"collection":[{"href":"https:\/\/www.europesays.com\/es\/wp-json\/wp\/v2\/posts"}],"about":[{"href":"https:\/\/www.europesays.com\/es\/wp-json\/wp\/v2\/types\/post"}],"author":[{"embeddable":true,"href":"https:\/\/www.europesays.com\/es\/wp-json\/wp\/v2\/users\/2"}],"replies":[{"embeddable":true,"href":"https:\/\/www.europesays.com\/es\/wp-json\/wp\/v2\/comments?post=216776"}],"version-history":[{"count":0,"href":"https:\/\/www.europesays.com\/es\/wp-json\/wp\/v2\/posts\/216776\/revisions"}],"wp:featuredmedia":[{"embeddable":true,"href":"https:\/\/www.europesays.com\/es\/wp-json\/wp\/v2\/media\/216777"}],"wp:attachment":[{"href":"https:\/\/www.europesays.com\/es\/wp-json\/wp\/v2\/media?parent=216776"}],"wp:term":[{"taxonomy":"category","embeddable":true,"href":"https:\/\/www.europesays.com\/es\/wp-json\/wp\/v2\/categories?post=216776"},{"taxonomy":"post_tag","embeddable":true,"href":"https:\/\/www.europesays.com\/es\/wp-json\/wp\/v2\/tags?post=216776"}],"curies":[{"name":"wp","href":"https:\/\/api.w.org\/{rel}","templated":true}]}}