{"id":216788,"date":"2025-11-03T19:53:24","date_gmt":"2025-11-03T19:53:24","guid":{"rendered":"https:\/\/www.europesays.com\/es\/216788\/"},"modified":"2025-11-03T19:53:24","modified_gmt":"2025-11-03T19:53:24","slug":"benidorm-recibe-la-bandera-verde-como-municipio-de-la-comunitat-que-mas-vidrio-reciclo-durante-el-verano","status":"publish","type":"post","link":"https:\/\/www.europesays.com\/es\/216788\/","title":{"rendered":"Benidorm recibe la \u2018Bandera Verde\u2019 como municipio de la Comunitat que m\u00e1s vidrio recicl\u00f3 durante el verano"},"content":{"rendered":"<p>La ciudad de Benidorm ha recibido este lunes la \u2018Bandera Verde\u2019 que cada a\u00f1o otorga Ecovidrio y que premia el esfuerzo de la hosteler\u00eda local y de los ayuntamientos con el reciclaje de envases de vidrio y la lucha contra el cambio clim\u00e1tico. La concejal de Medio Ambiente, M\u00f3nica G\u00f3mez, ha sido la encargada de recoger en Val\u00e8ncia este distintivo, que acredita a la ciudad como el municipio de la Comunitat Valenciana que m\u00e1s vidrio recicl\u00f3 durante los meses de junio, julio y agosto, incrementando en un 9,8% el volumen total de envases de vidrio reciclados con respecto al a\u00f1o anterior y superando los 1,1 millones de kilos de vidrio recogidos a lo largo de esta campa\u00f1a.<\/p>\n<p>M\u00f3nica G\u00f3mez ha recordado que la ciudad ya result\u00f3 ganadora de este galard\u00f3n en 2021, 2022, 2023 y 2024, por lo que ahora lo consigue por quinta vez consecutiva. La obtenci\u00f3n del reconocimiento obedece, seg\u00fan indica Ecovidrio, \u201cal trabajo en equipo del Consistorio, los ciudadanos de la localidad y los hosteleros\u201d, que ha permitido a Benidorm \u201cseguir dando pasos adelante en la transici\u00f3n hacia la econom\u00eda circular y en la lucha contra el cambio clim\u00e1tico\u201d, adem\u00e1s de haberse convertido \u201cen un ejemplo de recuperaci\u00f3n verde de la hosteler\u00eda\u201d.<\/p>\n<p>En total han sido m\u00e1s de 300 establecimientos hosteleros de la ciudad los que han participado, aportando su granito de arena en esta quinta edici\u00f3n del #MovimientoBanderasVerdes, en el que han participado alrededor de 40 municipios de la valencianos y 150 en el conjunto de todo el pa\u00eds. Una iniciativa que premia el compromiso de los municipios y su sector hotelero con el reciclaje de envases de vidrio, la protecci\u00f3n del medioambiente y el desarrollo sostenible.<\/p>\n<p>As\u00ed, seg\u00fan los datos de Ecovidrio, Benidorm recogi\u00f3 en junio, julio y agosto de este a\u00f1o un total de 1.248.620\u2009kilos de vidrio, lo que supone un incremento de casi el 10% con respecto al a\u00f1o anterior. El reciclaje de estos envases de vidrio permiti\u00f3 a la localidad obtener una puntuaci\u00f3n de 3.353 puntos y ser el municipio de la Comunitat Valenciana con mayor puntuaci\u00f3n, lo que adem\u00e1s reportar\u00e1 como recompensa una acci\u00f3n de limpieza en un espacio natural coordinada con la entidad Paisaje Limpio.<\/p>\n<p>La responsable de Medio Ambiente ha agradecido a hosteleros y ciudadanos \u201csu implicaci\u00f3n por seguir sumando y haciendo cada d\u00eda m\u00e1s efectiva esta campa\u00f1a\u201d y ha destacado que \u201cgracias al reciclaje de estos envases de vidrio, nuestra ciudad ha logrado reducir las emisiones de CO2 en 724 toneladas\u201d.\u00a0<br \/>\u00a0<\/p>\n","protected":false},"excerpt":{"rendered":"La ciudad de Benidorm ha recibido este lunes la \u2018Bandera Verde\u2019 que cada a\u00f1o otorga Ecovidrio y que&hellip;\n","protected":false},"author":2,"featured_media":216789,"comment_status":"","ping_status":"","sticky":false,"template":"","format":"standard","meta":{"footnotes":""},"categories":[5],"tags":[58106,17,18,25,24,13,14,11,19,20,6688,58107,9,10,15,16,23,12,21,22],"class_list":{"0":"post-216788","1":"post","2":"type-post","3":"status-publish","4":"format-standard","5":"has-post-thumbnail","7":"category-titulares","8":"tag-bandera-verde","9":"tag-breaking-news","10":"tag-breakingnews","11":"tag-es","12":"tag-espana","13":"tag-featured-news","14":"tag-featurednews","15":"tag-headlines","16":"tag-latest-news","17":"tag-latestnews","18":"tag-medio-ambiente","19":"tag-monica-gomez","20":"tag-news","21":"tag-noticias","22":"tag-noticias-destacadas","23":"tag-noticiasdestacadas","24":"tag-spain","25":"tag-titulares","26":"tag-ultimas-noticias","27":"tag-ultimasnoticias"},"share_on_mastodon":{"url":"https:\/\/pubeurope.com\/@es\/115487519700603680","error":""},"_links":{"self":[{"href":"https:\/\/www.europesays.com\/es\/wp-json\/wp\/v2\/posts\/216788","targetHints":{"allow":["GET"]}}],"collection":[{"href":"https:\/\/www.europesays.com\/es\/wp-json\/wp\/v2\/posts"}],"about":[{"href":"https:\/\/www.europesays.com\/es\/wp-json\/wp\/v2\/types\/post"}],"author":[{"embeddable":true,"href":"https:\/\/www.europesays.com\/es\/wp-json\/wp\/v2\/users\/2"}],"replies":[{"embeddable":true,"href":"https:\/\/www.europesays.com\/es\/wp-json\/wp\/v2\/comments?post=216788"}],"version-history":[{"count":0,"href":"https:\/\/www.europesays.com\/es\/wp-json\/wp\/v2\/posts\/216788\/revisions"}],"wp:featuredmedia":[{"embeddable":true,"href":"https:\/\/www.europesays.com\/es\/wp-json\/wp\/v2\/media\/216789"}],"wp:attachment":[{"href":"https:\/\/www.europesays.com\/es\/wp-json\/wp\/v2\/media?parent=216788"}],"wp:term":[{"taxonomy":"category","embeddable":true,"href":"https:\/\/www.europesays.com\/es\/wp-json\/wp\/v2\/categories?post=216788"},{"taxonomy":"post_tag","embeddable":true,"href":"https:\/\/www.europesays.com\/es\/wp-json\/wp\/v2\/tags?post=216788"}],"curies":[{"name":"wp","href":"https:\/\/api.w.org\/{rel}","templated":true}]}}