{"id":216808,"date":"2025-11-03T20:11:10","date_gmt":"2025-11-03T20:11:10","guid":{"rendered":"https:\/\/www.europesays.com\/es\/216808\/"},"modified":"2025-11-03T20:11:10","modified_gmt":"2025-11-03T20:11:10","slug":"identifican-potenciales-nuevas-terapias-en-el-melanoma-con-mutaciones-en-nras","status":"publish","type":"post","link":"https:\/\/www.europesays.com\/es\/216808\/","title":{"rendered":"Identifican potenciales nuevas terapias en el melanoma con mutaciones en NRAS"},"content":{"rendered":"<p class=\"mostrar_fragmento\">Un equipo internacional de investigadores ha determinado que la daunorrubicina y el pamoato de pirvinio (PPV) presentan una potente actividad antitumoral en modelos de melanoma in vitro e in vivo. Este \u00faltimo f\u00e1rmaco mostr\u00f3 mayor citotoxicidad que trametinib, un inhibidor de la quinasa MEK frecuentemente usado fuera de indicaci\u00f3n en &#8230;            &#13;\n        <\/p>\n<p> &#13;<br \/>\n&#13;<\/p>\n<p>Un equipo internacional de investigadores ha determinado que <strong>la daunorrubicina y el pamoato de pirvinio (PPV) presentan una potente actividad antitumoral en modelos de melanoma in vitro e in vivo. <\/strong>Este \u00faltimo f\u00e1rmaco mostr\u00f3 mayor citotoxicidad que trametinib, un inhibidor de la quinasa MEK frecuentemente usado fuera de indicaci\u00f3n en este tipio de c\u00e1ncer, especialmente en tumores con mutaciones en NRAS. En esferoides de melanoma derivados de pacientes, que reproducen la estructura tumoral con mayor fidelidad que los cultivos convencionales, el PPV fue el f\u00e1rmaco m\u00e1s efectivo en la reducci\u00f3n de la masa tumoral, seg\u00fan afirma <strong>Stephanie Kreis<\/strong>, cient\u00edfica de la Universidad de Luxemburgo y directora del <a href=\"https:\/\/pubmed.ncbi.nlm.nih.gov\/41035005\/\" style=\"text-decoration:none\" rel=\"nofollow noopener\" target=\"_blank\">estudio<\/a>.\u00a0<\/p>\n<p>La investigadora prosigue indicando que a<strong>dem\u00e1s de reducir la invasividad de las c\u00e9lulas tumorales, este compuesto exhibi\u00f3 un efecto sin\u00e9rgico con trametinib en c\u00e9lulas resistentes a este \u00faltimo f\u00e1rmaco<\/strong>. La identificaci\u00f3n de que la daunorrubicina y el PPV ha tenido lugar tras el cribado de m\u00e1s de 1300 compuestos, de los cuales f\u00e1rmacos como entinostat, obatoclax, ulixertinib y el lanat\u00f3sido C tambi\u00e9n mostraron diverso grado de actividad frente al melanoma. Los hallazgos refuerzan el valor del reposicionamiento farmacol\u00f3gico, estrategia que reduce los tiempos y costes de desarrollo de nuevas terapias, se\u00f1ala Kreis. La efectividad demostrada por la daunorrubicina y el PPV en c\u00e9lulas resistentes a trametinib abre nuevas v\u00edas terap\u00e9uticas para pacientes con melanoma mutado en NRAS, tradicionalmente excluidos de tratamientos dirigidos. La investigadora concluye indicando que <strong>se requerir\u00e1n ulteriores ensayos cl\u00ednicos, con el objetivo de confirmar los actuales resultados y explorar su aplicaci\u00f3n, posiblemente en combinaci\u00f3n con inmunoterapia.<\/strong><\/p>\n<p>&#13;<br \/>\n            SEGUIR LEYENDO&#13;\n        <\/p>\n","protected":false},"excerpt":{"rendered":"Un equipo internacional de investigadores ha determinado que la daunorrubicina y el pamoato de pirvinio (PPV) presentan una&hellip;\n","protected":false},"author":2,"featured_media":216809,"comment_status":"","ping_status":"","sticky":false,"template":"","format":"standard","meta":{"footnotes":""},"categories":[92],"tags":[5593,20777,52845,8770,3386,1449,1563,25,24,11695,3277,165,10289,42821,14240,58112,6241,3383,4650,58110,2860,20282,1078,30491,58111,25367,166,23,3266,7449,1077,3352],"class_list":{"0":"post-216808","1":"post","2":"type-post","3":"status-publish","4":"format-standard","5":"has-post-thumbnail","7":"category-salud","8":"tag-alta","9":"tag-apoya","10":"tag-aprobados","11":"tag-avanzados","12":"tag-capacidad","13":"tag-cribado","14":"tag-dos","15":"tag-es","16":"tag-espana","17":"tag-especialmente","18":"tag-farmacos","19":"tag-health","20":"tag-identifican","21":"tag-inhibidores","22":"tag-linea","23":"tag-mek","24":"tag-melanoma","25":"tag-modelos","26":"tag-mutaciones","27":"tag-nras","28":"tag-nuevas","29":"tag-potenciales","30":"tag-primera","31":"tag-prometedores","32":"tag-reposicionamiento","33":"tag-resistentes","34":"tag-salud","35":"tag-spain","36":"tag-terapias","37":"tag-tratamientos","38":"tag-tumores","39":"tag-ya"},"share_on_mastodon":{"url":"https:\/\/pubeurope.com\/@es\/115487590655831912","error":""},"_links":{"self":[{"href":"https:\/\/www.europesays.com\/es\/wp-json\/wp\/v2\/posts\/216808","targetHints":{"allow":["GET"]}}],"collection":[{"href":"https:\/\/www.europesays.com\/es\/wp-json\/wp\/v2\/posts"}],"about":[{"href":"https:\/\/www.europesays.com\/es\/wp-json\/wp\/v2\/types\/post"}],"author":[{"embeddable":true,"href":"https:\/\/www.europesays.com\/es\/wp-json\/wp\/v2\/users\/2"}],"replies":[{"embeddable":true,"href":"https:\/\/www.europesays.com\/es\/wp-json\/wp\/v2\/comments?post=216808"}],"version-history":[{"count":0,"href":"https:\/\/www.europesays.com\/es\/wp-json\/wp\/v2\/posts\/216808\/revisions"}],"wp:featuredmedia":[{"embeddable":true,"href":"https:\/\/www.europesays.com\/es\/wp-json\/wp\/v2\/media\/216809"}],"wp:attachment":[{"href":"https:\/\/www.europesays.com\/es\/wp-json\/wp\/v2\/media?parent=216808"}],"wp:term":[{"taxonomy":"category","embeddable":true,"href":"https:\/\/www.europesays.com\/es\/wp-json\/wp\/v2\/categories?post=216808"},{"taxonomy":"post_tag","embeddable":true,"href":"https:\/\/www.europesays.com\/es\/wp-json\/wp\/v2\/tags?post=216808"}],"curies":[{"name":"wp","href":"https:\/\/api.w.org\/{rel}","templated":true}]}}