{"id":216861,"date":"2025-11-03T20:50:09","date_gmt":"2025-11-03T20:50:09","guid":{"rendered":"https:\/\/www.europesays.com\/es\/216861\/"},"modified":"2025-11-03T20:50:09","modified_gmt":"2025-11-03T20:50:09","slug":"millie-bobby-brown-denuncio-a-david-harbour-por-acoso-antes-de-rodar-la-temporada-final-de-stranger-things","status":"publish","type":"post","link":"https:\/\/www.europesays.com\/es\/216861\/","title":{"rendered":"Millie Bobby Brown denunci\u00f3 a David Harbour por \u00abacoso\u00bb antes de rodar la temporada final de &#8216;Stranger Things&#8217;"},"content":{"rendered":"<p class=\"v-mdl-ath__p v-mdl-ath__p--6\">\nLunes, 3 de noviembre 2025, 20:11<\/p>\n<p class=\"v-p\">La actriz Millie Bobby Brown, protagonista de la conocida serie &#8216;Stranger Things&#8217; al dar vida a Once, present\u00f3 una denuncia formal por \u00abacoso y hostigamiento verbal\u00bb contra David Harbour, que encarna a Jim Hopper, su padre adoptivo en la famosa producci\u00f3n de Netflix. El documento, de numerosas p\u00e1ginas, no apunta acoso de \u00edndole sexual, tan solo en el \u00e1mbito del trabajo.<\/p>\n<p class=\"v-p\">Seg\u00fan informa Daily Mail, la denuncia se hizo antes del inicio del rodaje de la quinta y \u00faltima temporada del proyecto. Netflix abri\u00f3 una investigaci\u00f3n interna \u00ablarga\u00bb, aunque no ha trascendido el resultado de la misma. En ella detalla episodios que califica como acoso e intimidaci\u00f3n laboral. La joven int\u00e9rprete ha estado acompa\u00f1ada de un representante personal en el rodaje de los definitivos cap\u00edtulos de la saga. <\/p>\n<p class=\"v-p\">\u00abMillie Bobby Brown present\u00f3 una queja formal por acoso y hostigamiento antes de que empezaran a rodar la \u00faltima temporada. Hab\u00eda p\u00e1ginas y p\u00e1ginas de acusaciones. La investigaci\u00f3n se prolong\u00f3 durante meses\u00bb, asegura una fuente an\u00f3nima del peri\u00f3dico brit\u00e1nico que el tabloide identifica como \u00abuna amiga de la se\u00f1ora (Lily) Allen\u00bb, cantante y exmujer de Harbour. Hace tan solo unos d\u00edas, llegaba a las tiendas el nuevo disco de la Allen, &#8216;West End Girl&#8217;, una colecci\u00f3n de canciones compuesta tras la separaci\u00f3n. <\/p>\n<p class=\"v-p\">Netflix, los representantes de Harbour y Brown y los creadores de Stranger Things, Matt y Ross Duffer, no han respondido a las preguntas de la prensa al respecto. \u00abNetflix jam\u00e1s comentar\u00e1 una investigaci\u00f3n interna, pero el hecho de que no lo hayan negado dice mucho. Stranger Things ayud\u00f3 a situar a Netflix en el mapa. Millones de fans en todo el mundo llevan tiempo aguardando el desenlace. Nadie quiere que nada les desv\u00ede la atenci\u00f3n\u00bb, a\u00f1ade la fuente al Daily Mail.<\/p>\n<p class=\"v-p\">La queja formal interna de Brown se produjo en 2023, antes del inicio del rodaje de la quinta temporada, que llegar\u00e1 a Netflix dividida en tres partes: los primeros cuatro episodios se estrenan el 26 de noviembre, los tres siguientes el 25 de diciembre y el cap\u00edtulo final el 1 de enero de 2026.<\/p>\n<p>Reporta un error<\/p>\n","protected":false},"excerpt":{"rendered":"Lunes, 3 de noviembre 2025, 20:11 La actriz Millie Bobby Brown, protagonista de la conocida serie &#8216;Stranger Things&#8217;&hellip;\n","protected":false},"author":2,"featured_media":216862,"comment_status":"","ping_status":"","sticky":false,"template":"","format":"standard","meta":{"footnotes":""},"categories":[174],"tags":[19530,26968,1493,255,2429,11970,146,147,25,24,256,36627,33798,26967,39,7205,23,52336,17646],"class_list":{"0":"post-216861","1":"post","2":"type-post","3":"status-publish","4":"format-standard","5":"has-post-thumbnail","7":"category-famosos","8":"tag-acoso","9":"tag-bobby","10":"tag-brown","11":"tag-celebrities","12":"tag-david","13":"tag-denuncio","14":"tag-entertainment","15":"tag-entretenimiento","16":"tag-es","17":"tag-espana","18":"tag-famosos","19":"tag-harbour","20":"tag-intimidacion","21":"tag-millie","22":"tag-padre","23":"tag-set","24":"tag-spain","25":"tag-stranger","26":"tag-things"},"share_on_mastodon":{"url":"https:\/\/pubeurope.com\/@es\/115487743854072628","error":""},"_links":{"self":[{"href":"https:\/\/www.europesays.com\/es\/wp-json\/wp\/v2\/posts\/216861","targetHints":{"allow":["GET"]}}],"collection":[{"href":"https:\/\/www.europesays.com\/es\/wp-json\/wp\/v2\/posts"}],"about":[{"href":"https:\/\/www.europesays.com\/es\/wp-json\/wp\/v2\/types\/post"}],"author":[{"embeddable":true,"href":"https:\/\/www.europesays.com\/es\/wp-json\/wp\/v2\/users\/2"}],"replies":[{"embeddable":true,"href":"https:\/\/www.europesays.com\/es\/wp-json\/wp\/v2\/comments?post=216861"}],"version-history":[{"count":0,"href":"https:\/\/www.europesays.com\/es\/wp-json\/wp\/v2\/posts\/216861\/revisions"}],"wp:featuredmedia":[{"embeddable":true,"href":"https:\/\/www.europesays.com\/es\/wp-json\/wp\/v2\/media\/216862"}],"wp:attachment":[{"href":"https:\/\/www.europesays.com\/es\/wp-json\/wp\/v2\/media?parent=216861"}],"wp:term":[{"taxonomy":"category","embeddable":true,"href":"https:\/\/www.europesays.com\/es\/wp-json\/wp\/v2\/categories?post=216861"},{"taxonomy":"post_tag","embeddable":true,"href":"https:\/\/www.europesays.com\/es\/wp-json\/wp\/v2\/tags?post=216861"}],"curies":[{"name":"wp","href":"https:\/\/api.w.org\/{rel}","templated":true}]}}