{"id":216881,"date":"2025-11-03T21:02:09","date_gmt":"2025-11-03T21:02:09","guid":{"rendered":"https:\/\/www.europesays.com\/es\/216881\/"},"modified":"2025-11-03T21:02:09","modified_gmt":"2025-11-03T21:02:09","slug":"abascal-acusa-a-feijoo-de-entregar-a-sanchez-un-chivo-expiatorio-con-la-dimision-de-mazon-espana","status":"publish","type":"post","link":"https:\/\/www.europesays.com\/es\/216881\/","title":{"rendered":"Abascal acusa a Feij\u00f3o de entregar a S\u00e1nchez \u201cun chivo expiatorio\u201d con la dimisi\u00f3n de Maz\u00f3n | Espa\u00f1a"},"content":{"rendered":"<p class=\"\">Santiago Abascal ha asegurado este lunes que \u201cel PP entrega un chivo expiatorio\u201d con el anuncio de <a href=\"https:\/\/elpais.com\/espana\/2025-11-03\/lea-el-discurso-completo-con-el-que-carlos-mazon-ha-presentado-su-dimision.html\" target=\"_blank\" rel=\"noreferrer nofollow noopener\" title=\"https:\/\/elpais.com\/espana\/2025-11-03\/lea-el-discurso-completo-con-el-que-carlos-mazon-ha-presentado-su-dimision.html\">la dimisi\u00f3n del president de la Generalitat <\/a>valenciana, Carlos Maz\u00f3n. El presidente de Vox ha indicado que los populares \u201cten\u00edan otros momentos mejores\u201d para hacer p\u00fablica su salida y ha criticado el modo en que se ha producido. Tambi\u00e9n ha contado que Maz\u00f3n lo llam\u00f3 \u201cunos minutos antes\u201d de comunicar su decisi\u00f3n para informarle personalmente de lo que iba a hacer, aunque no ha habido contactos para la investidura de un nuevo jefe del Consell. <\/p>\n<p class=\"\">El l\u00edder ultra considera que <a href=\"https:\/\/elpais.com\/espana\/comunidad-valenciana\/2025-11-03\/mazon-anuncia-su-dimision-y-apela-a-vox-para-pactar-un-presidente-interino-de-la-generalitat-ya-no-puedo-mas.html\" target=\"_blank\" rel=\"noreferrer nofollow noopener\" title=\"https:\/\/elpais.com\/espana\/comunidad-valenciana\/2025-11-03\/mazon-anuncia-su-dimision-y-apela-a-vox-para-pactar-un-presidente-interino-de-la-generalitat-ya-no-puedo-mas.html\">el anuncio de la renuncia de Carlos Maz\u00f3n como president de la Generalitat valenciana <\/a>supone la \u201centrega de un bal\u00f3n de ox\u00edgeno a Pedro S\u00e1nchez\u201d. \u201cEs incre\u00edble que el se\u00f1or Feij\u00f3o y la se\u00f1ora Guardiola siguen permanentemente el guion de Pedro S\u00e1nchez y por eso nos parece insoportable que luego disimulen y hagan como que discutan\u201d, ha denunciado Abascal en una comparecencia ante los medios en Plasencia (C\u00e1ceres). <\/p>\n<p class=\"\">El jefe de Vox ha criticado el momento en que se ha tomado la decisi\u00f3n de la salida de Maz\u00f3n. \u201cLe tengo que decir a Feij\u00f3o que ha tomado esta decisi\u00f3n justo en el d\u00eda de hoy, con todo <a href=\"https:\/\/elpais.com\/espana\/2025-11-03\/ultima-hora-del-juicio-al-fiscal-general-del-estado-alvaro-garcia-ortiz-en-directo.html\" target=\"_self\" rel=\"nofollow noopener\" title=\"https:\/\/elpais.com\/espana\/2025-11-03\/ultima-hora-del-juicio-al-fiscal-general-del-estado-alvaro-garcia-ortiz-en-directo.html\">lo que est\u00e1 ocurriendo en el Supremo<\/a>, con toda la corrupci\u00f3n socialista\u201d, ha advertido en referencia al inicio del juicio contra el fiscal general del Estado, antes de indicar que \u201cla podr\u00eda haber tomado hace seis meses o hace un a\u00f1o&#8230; es un claro auxilio al relato de Pedro S\u00e1nchez\u201d. \u201cEntregan un chivo expiatorio a S\u00e1nchez, que es el gran culpable de la tragedia de la dana, junto con su ministra [Teresa] Ribera, con el ministro [Fernando Grande] Marlaska, con la ministra [Margarita] Robles\u201d, ha a\u00f1adido. <\/p>\n<p class=\"\">\u201cEl Partido Popular ha tomado esta decisi\u00f3n cuando han querido y como han querido. Desde luego no han consultado con nosotros para nada, porque el PP con Vox act\u00faa de la siguiente manera: \u2018Aqu\u00ed tienes lentejas, si las quieres bien, y si no, las dejas\u201d, ha censurado el l\u00edder ultra, que ha a\u00f1adido que s\u00ed tuvo conocimiento de las intenciones de Maz\u00f3n antes de la comparecencia porque el president le llam\u00f3 minutos antes para anunciarle \u201clo que iba a hacer\u201d, pero que no habl\u00f3 con \u00e9l de posibles candidatos. <\/p>\n<p class=\"\">En este sentido, Abascal ha hablado de \u201cgrandes disputas internas\u201d en el seno del PP sobre los candidatos a presidir la Generalitat valenciana y ha pedido claridad para revelar su posici\u00f3n: \u201cPrimero que se aclaren entre ellos y cuando deciden qu\u00e9 es lo que van a hacer o lo que van a proponer entonces y solo entonces nosotros diremos cu\u00e1l es nuestra postura\u201d, ha zanjado.<\/p>\n","protected":false},"excerpt":{"rendered":"Santiago Abascal ha asegurado este lunes que \u201cel PP entrega un chivo expiatorio\u201d con el anuncio de la&hellip;\n","protected":false},"author":2,"featured_media":216882,"comment_status":"","ping_status":"","sticky":false,"template":"","format":"standard","meta":{"footnotes":""},"categories":[8],"tags":[17,18,2007,25,24,13,14,11,4274,19,20,9,10,15,16,6914,23,12,21,22,624],"class_list":{"0":"post-216881","1":"post","2":"type-post","3":"status-publish","4":"format-standard","5":"has-post-thumbnail","7":"category-espana","8":"tag-breaking-news","9":"tag-breakingnews","10":"tag-carlos-mazon","11":"tag-es","12":"tag-espana","13":"tag-featured-news","14":"tag-featurednews","15":"tag-headlines","16":"tag-inundaciones-dana-octubre-2024","17":"tag-latest-news","18":"tag-latestnews","19":"tag-news","20":"tag-noticias","21":"tag-noticias-destacadas","22":"tag-noticiasdestacadas","23":"tag-santiago-abascal","24":"tag-spain","25":"tag-titulares","26":"tag-ultimas-noticias","27":"tag-ultimasnoticias","28":"tag-vox"},"share_on_mastodon":{"url":"https:\/\/pubeurope.com\/@es\/115487791176191994","error":""},"_links":{"self":[{"href":"https:\/\/www.europesays.com\/es\/wp-json\/wp\/v2\/posts\/216881","targetHints":{"allow":["GET"]}}],"collection":[{"href":"https:\/\/www.europesays.com\/es\/wp-json\/wp\/v2\/posts"}],"about":[{"href":"https:\/\/www.europesays.com\/es\/wp-json\/wp\/v2\/types\/post"}],"author":[{"embeddable":true,"href":"https:\/\/www.europesays.com\/es\/wp-json\/wp\/v2\/users\/2"}],"replies":[{"embeddable":true,"href":"https:\/\/www.europesays.com\/es\/wp-json\/wp\/v2\/comments?post=216881"}],"version-history":[{"count":0,"href":"https:\/\/www.europesays.com\/es\/wp-json\/wp\/v2\/posts\/216881\/revisions"}],"wp:featuredmedia":[{"embeddable":true,"href":"https:\/\/www.europesays.com\/es\/wp-json\/wp\/v2\/media\/216882"}],"wp:attachment":[{"href":"https:\/\/www.europesays.com\/es\/wp-json\/wp\/v2\/media?parent=216881"}],"wp:term":[{"taxonomy":"category","embeddable":true,"href":"https:\/\/www.europesays.com\/es\/wp-json\/wp\/v2\/categories?post=216881"},{"taxonomy":"post_tag","embeddable":true,"href":"https:\/\/www.europesays.com\/es\/wp-json\/wp\/v2\/tags?post=216881"}],"curies":[{"name":"wp","href":"https:\/\/api.w.org\/{rel}","templated":true}]}}