{"id":216918,"date":"2025-11-03T21:35:12","date_gmt":"2025-11-03T21:35:12","guid":{"rendered":"https:\/\/www.europesays.com\/es\/216918\/"},"modified":"2025-11-03T21:35:12","modified_gmt":"2025-11-03T21:35:12","slug":"el-gesto-de-papa-arrasate-con-abde","status":"publish","type":"post","link":"https:\/\/www.europesays.com\/es\/216918\/","title":{"rendered":"El gesto de &#8216;pap\u00e1&#8217; Arrasate con Abde"},"content":{"rendered":"<p style=\"\">El partido entre el <a href=\"https:\/\/www.realbetisbalompie.es\" target=\"_blank\" data-voc-vtm-id=\"in-text-traffic\" title=\"Real Betis\" data-mrf-link=\"www.realbetisbalompie.es\" rel=\"nofollow noopener\">Real Betis<\/a> y el <strong>Mallorca<\/strong> disputado ayer en la Cartuja correspondiente a la 11\u00aa jornada de LaLiga 25-26 dej\u00f3 varias im\u00e1genes curiosas que merecen ser comentadas. Una de ellas, se produjo despu\u00e9s de que <strong>Abde<\/strong> hiciera una  &#8230; <strong>filigrana<\/strong> en la banda. El encuentro iba ya <strong>3 a 0<\/strong>, el <strong>Betis volaba<\/strong> despu\u00e9s de los<strong> dos golazos de Antony<\/strong> y el tanto del propio extremo marroqu\u00ed a pase del brasile\u00f1o y el recinto cartujano era una fiesta.<\/p>\n<p class=\"voc-p\" style=\"\">El futbolista fichado procedente del FC Barcelona hace dos veranos y que cumple su tercera temporada como futbolista b\u00e9tico hizo esa <strong>filigrana<\/strong>, acci\u00f3n que <strong>no gust\u00f3 en el banquillo visitante.<\/strong> Saltaron varios jugadores bermellones a recriminarle, entre ellos el meta suplente <strong>&#8216;Pichu&#8217; Cu\u00e9llar<\/strong>. Y tambi\u00e9n reaccion\u00f3 el entrenador,<strong> Jagoba Arrasate.<\/strong><\/p>\n<p class=\"voc-p\" style=\"\">Las c\u00e1maras de Movistar+ recogieron el momento en el que el<strong> entrenador mallorquinista dialog\u00f3 brevemente con Abde<\/strong> y, como se puede ver en el v\u00eddeo con el que comentaron la jugada en &#8216;Deporte Plus&#8217;, Arrasate cogi\u00f3 brevemente al de Beni Melal y le dijo <strong>\u00abvamos 3-0 y me haces eso a m\u00ed, no hagas eso\u00bb<\/strong>. El futbolista b\u00e9tico reaccion\u00f3 bien y no puede tomarse como una bronca, dado que el entrenador y el jugador magreb\u00ed <strong>se conocen<\/strong> a la perfecci\u00f3n. Ambos coincidieron en el hist\u00f3rico <strong>Osasuna<\/strong> que lleg\u00f3 a la <strong>final<\/strong> de la <strong>Copa del Rey<\/strong> en la temporada<strong> 22-23<\/strong>, precisamente en la Cartuja ante el Real Madrid, y tienen <strong>muy buena relaci\u00f3n<\/strong>, as\u00ed que dicha imagen puede considerarse como una conversaci\u00f3n <strong>entre un padre y un hijo.<\/strong><\/p>\n<p class=\"voc-p\" style=\"\">De hecho, Arrasate fue cuestionado en la rueda de prensa posterior al encuentro por la acci\u00f3n de Abde y las reacciones, tanto suya como de su banquillo, y coment\u00f3 que \u00abha hecho una filigrana con 3-0 y mi banquillo se ha quejado. Tengo <strong>muy buena relaci\u00f3n con \u00e9l y le he dicho un poco lo que pensaba, de buenas formas<\/strong>. \u00c9l siempre me escucha y me entiende, y a partir de ah\u00ed <strong>lo ha entendido y no ha pasado nada m\u00e1s\u00ab.<\/strong><\/p>\n<p class=\"voc-p\" style=\"\">La filigrana de Abde <strong>tampoco le gust\u00f3 a Pellegrini<\/strong>, quien igualmente le recrimin\u00f3 la acci\u00f3n, tambi\u00e9n porque <strong>el futbolista b\u00e9tico perdi\u00f3 el bal\u00f3n<\/strong> y pas\u00f3 a ser controlado por el Mallorca, aunque r\u00e1pidamente volvi\u00f3 a conseguir la posesi\u00f3n el cuadro heliopolitano.<\/p>\n","protected":false},"excerpt":{"rendered":"El partido entre el Real Betis y el Mallorca disputado ayer en la Cartuja correspondiente a la 11\u00aa&hellip;\n","protected":false},"author":2,"featured_media":216919,"comment_status":"","ping_status":"","sticky":false,"template":"","format":"standard","meta":{"footnotes":""},"categories":[268],"tags":[36672,21876,168,25,24,280,282,14136,12629,281,23,167],"class_list":{"0":"post-216918","1":"post","2":"type-post","3":"status-publish","4":"format-standard","5":"has-post-thumbnail","7":"category-futbol","8":"tag-abde","9":"tag-arrasate","10":"tag-deportes","11":"tag-es","12":"tag-espana","13":"tag-football","14":"tag-futbol","15":"tag-gesto","16":"tag-papa","17":"tag-soccer","18":"tag-spain","19":"tag-sports"},"share_on_mastodon":{"url":"https:\/\/pubeurope.com\/@es\/115487921021335265","error":""},"_links":{"self":[{"href":"https:\/\/www.europesays.com\/es\/wp-json\/wp\/v2\/posts\/216918","targetHints":{"allow":["GET"]}}],"collection":[{"href":"https:\/\/www.europesays.com\/es\/wp-json\/wp\/v2\/posts"}],"about":[{"href":"https:\/\/www.europesays.com\/es\/wp-json\/wp\/v2\/types\/post"}],"author":[{"embeddable":true,"href":"https:\/\/www.europesays.com\/es\/wp-json\/wp\/v2\/users\/2"}],"replies":[{"embeddable":true,"href":"https:\/\/www.europesays.com\/es\/wp-json\/wp\/v2\/comments?post=216918"}],"version-history":[{"count":0,"href":"https:\/\/www.europesays.com\/es\/wp-json\/wp\/v2\/posts\/216918\/revisions"}],"wp:featuredmedia":[{"embeddable":true,"href":"https:\/\/www.europesays.com\/es\/wp-json\/wp\/v2\/media\/216919"}],"wp:attachment":[{"href":"https:\/\/www.europesays.com\/es\/wp-json\/wp\/v2\/media?parent=216918"}],"wp:term":[{"taxonomy":"category","embeddable":true,"href":"https:\/\/www.europesays.com\/es\/wp-json\/wp\/v2\/categories?post=216918"},{"taxonomy":"post_tag","embeddable":true,"href":"https:\/\/www.europesays.com\/es\/wp-json\/wp\/v2\/tags?post=216918"}],"curies":[{"name":"wp","href":"https:\/\/api.w.org\/{rel}","templated":true}]}}