{"id":216932,"date":"2025-11-03T21:44:09","date_gmt":"2025-11-03T21:44:09","guid":{"rendered":"https:\/\/www.europesays.com\/es\/216932\/"},"modified":"2025-11-03T21:44:09","modified_gmt":"2025-11-03T21:44:09","slug":"dos-hijos-por-gestacion-subrogada-y-una-infancia-marcada-por-su-homosexualidad","status":"publish","type":"post","link":"https:\/\/www.europesays.com\/es\/216932\/","title":{"rendered":"dos hijos por gestaci\u00f3n subrogada y una infancia marcada por su homosexualidad"},"content":{"rendered":"<p style=\"\">Con dos premios Goya en su haber y uno de los mejores curr\u00edculums de nuestro pa\u00eds, <strong>Javier C\u00e1mara<\/strong> (La Rioja, 1967) sigue sumando \u00e9xitos en la ficci\u00f3n de nuestro pa\u00eds. El riojano ha conseguido convertirse en uno de los rostros m\u00e1s internacionales del mundillo  &#8230; de la interpretaci\u00f3n. A sus espaldas, importantes series como <strong>&#8216;7 vidas&#8217;<\/strong>, <strong>&#8216;Vota Juan&#8217;<\/strong> o <a href=\"https:\/\/www.abc.es\/play\/series\/noticias\/miniserie-sobre-llegada-nuevo-papa-considerada-exito-20250507170239-nt.html\" title=\"www.abc.es\" data-voc-vtm-id=\"in-text-traffic\" data-mrf-link=\"www.abc.es\" rel=\"nofollow noopener\" target=\"_blank\">&#8216;The Young Pope&#8217;<\/a> y grandes producciones cinematogr\u00e1ficas como <strong>&#8216;El olvido que seremos&#8217;<\/strong>, <strong>&#8216;Vivir es f\u00e1cil con los ojos cerrados&#8217;<\/strong> o <strong>&#8216;Los girasoles ciegos&#8217;<\/strong>. <\/p>\n<p class=\"voc-p\" style=\"\">Entre los \u00faltimos proyectos que ha protagonizado se encuentra <strong>su nueva serie, &#8216;Yakarta&#8217;<\/strong>, donde C\u00e1mara da vida a un exjugador ol\u00edmpico de b\u00e1dminton que sobrevive dando clases de educaci\u00f3n f\u00edsica en un instituto p\u00fablico de Vallecas. La <strong>ficci\u00f3n original de Movistar+<\/strong>, <a href=\"https:\/\/www.abc.es\/cultura\/yakarta-diego-san-jose-javier-camara-homenaje-20251031141833-vi.html\" title=\"www.abc.es\" data-voc-vtm-id=\"in-text-traffic\" data-mrf-link=\"www.abc.es\" rel=\"nofollow noopener\" target=\"_blank\">creada por Diego San Jos\u00e9<\/a> y dirigida por Elena Trap\u00e9, llegar\u00e1 a la plataforma espa\u00f1ola <strong>el pr\u00f3ximo de 6 de noviembre<\/strong> tras ser presentada en la Semana Internacional de Cine de Valladolid (Seminci).<\/p>\n<p class=\"voc-p\" style=\"\">Sin embargo, aunque su trayectoria profesional es bien conocida por el p\u00fablico, <a href=\"https:\/\/www.abc.es\/tecnologia\/sevilla\/entranable-mensaje-actor-javier-camara-dedica-madre-20230123164411-nts.html\" title=\"www.abc.es\" data-voc-vtm-id=\"in-text-traffic\" data-mrf-link=\"www.abc.es\" rel=\"nofollow noopener\" target=\"_blank\">su vida privada<\/a> ha estado siempre alejada del p\u00fablico. El actor espa\u00f1ol siempre ha tratado de mantenerse <strong>herm\u00e9tico en torno a su lado m\u00e1s familiar<\/strong>. En su historial, una infancia traum\u00e1tica marcada por el bullying, una profesi\u00f3n que estaba destinado a completar y que dej\u00f3 para ser actor y <a href=\"https:\/\/www.abc.es\/estilo\/gente\/abci-javier-camara-sera-padre-mellizos-medio-gestacion-subrogada-201706191729_noticia.html\" title=\"www.abc.es\" data-voc-vtm-id=\"in-text-traffic\" data-mrf-link=\"www.abc.es\" rel=\"nofollow noopener\" target=\"_blank\">los dos hijos que tuvo en 2017<\/a> por un <strong>vientre de alquiler<\/strong>. <\/p>\n<p class=\"voc-p\" style=\"\">Repasamos todo lo que debes saber sobre Javier C\u00e1mara, invitado de este lunes 3 de noviembre en &#8216;El Hormiguero&#8217; de Pablo Motos.<\/p>\n<p>\nLos conflictos con su padre, que quer\u00eda que fuera agricultor\n<\/p>\n<p class=\"voc-p\" style=\"\">Pocos actores espa\u00f1oles pueden presumir de una carrera tan prol\u00edfica como la de <a href=\"https:\/\/www.abc.es\/play\/series\/javier-camara-vuelta-rapa-nunca-pienso-vertigo-20230614171237-nt.html\" title=\"www.abc.es\" data-voc-vtm-id=\"in-text-traffic\" data-mrf-link=\"www.abc.es\" rel=\"nofollow noopener\" target=\"_blank\">Javier C\u00e1mara<\/a>, que es uno de los int\u00e9rpretes m\u00e1s internacionales de nuestro pa\u00eds. Sin embargo, antes de ponerse por primera vez delante de una c\u00e1mara, tuvo que replantearse el futuro que estaba escrito para \u00e9l: el de ser <strong>agricultor en su pueblo natal<\/strong>, Albelda de Iregua, lo que le llev\u00f3 a tener numerosos conflictos con su padre.<\/p>\n<p class=\"voc-p\" style=\"\">El int\u00e9rprete naci\u00f3 en 1967 en este peque\u00f1o <strong>municipio de La Rioja<\/strong>, de apenas 3.500 habitantes y su padre no se tom\u00f3 nada bien la inclinaci\u00f3n de su hijo por la interpretaci\u00f3n, que comenz\u00f3 a <strong>aficionarse al teatro<\/strong> durante su etapa en el instituto. Teodoro C\u00e1mara, progenitor del int\u00e9rprete, se neg\u00f3 durante mucho tiempo a que Javier se convierta en actor, pues <strong>quer\u00eda que se dedicara al campo<\/strong>. <\/p>\n<p class=\"voc-p\" style=\"\">\u00ab\u00c9l hab\u00eda preparado algo muy bonito, que era para \u00e9l precioso, eran dos fincas chiquititas y \u00e9l <strong>quer\u00eda que yo siguiera<\/strong>. Su primer hijo falleci\u00f3, luego est\u00e1n mis dos hermanas y luego, 10 a\u00f1os despu\u00e9s llegu\u00e9 yo, entonces claro,<strong> mi padre dijo: &#8216;\u00a1A por este! A este le vamos a hacer agricultor&#8217;<\/strong>\u00bb, cont\u00f3 en &#8216;La Matem\u00e1tica del Espejo&#8217;, el programa de Carlos del Amor. La vida del agricultor no estaba hecha para un hombre enamorado de las artes. \u00abTen\u00eda bastantes conflictos internos y <strong>unas ganas de irme del pueblo que no pod\u00eda m\u00e1s<\/strong>\u00bb, confesaba en este mismo espacio. <\/p>\n<p class=\"voc-p\" style=\"\">Siguiendo el consejo de su profesor de Historia, C\u00e1mara acab\u00f3 <strong>march\u00e1ndose a Madrid para estudiar teatro<\/strong>: \u00abMe aconsej\u00f3 que, como iba a repetir curso, no perdiera un a\u00f1o y <strong>me fuera a la Escuela de Arte Dram\u00e1tico de Madrid<\/strong>, donde solo ped\u00edan 2\u00ba de BUP\u00bb, explic\u00f3 en una entrevista para MujerHoy. Unos estudios que compagin\u00f3 con su trabajo de <strong>acomodador de cine<\/strong> para poder mantenerse.<\/p>\n<p class=\"voc-p\" style=\"\">El tiempo le acabar\u00eda dando la raz\u00f3n. Tras <strong>debutar en el teatro en 1991<\/strong> con obras como &#8216;El caballero de Olmedo&#8217; o &#8216;D\u00edgaselo con valium&#8217;, acab\u00f3 encontrando un espacio en la ficci\u00f3n espa\u00f1ola. Su primer papel secundario fue en la serie <strong>&#8216;Eva y Ad\u00e1n, agencia matrimonial&#8217;<\/strong> y, desde entonces, no dej\u00f3 de aparecer en m\u00faltiples programas de la televisi\u00f3n. Desde <strong>&#8216;Ay, se\u00f1or, se\u00f1or&#8217;<\/strong> hasta &#8216;Hostal Royal Manzanares, pasando tambi\u00e9n por series m\u00edticas como &#8216;Periodistas&#8217;. Sin embargo, fue con <strong>&#8216;7 vidas&#8217;<\/strong> con la que termin\u00f3 haci\u00e9ndose un nombre y convirti\u00e9ndose uno de los rostros m\u00e1s reconocidos de nuestro pa\u00eds.<\/p>\n<p class=\"voc-p\" style=\"\">A sus espaldas, <strong>dos Premios Goya<\/strong> \u2500como mejor int\u00e9rprete masculino protagonista por la pel\u00edcula &#8216;Vivir es f\u00e1cil con los ojos cerrados&#8217; y en la categor\u00eda de mejor interpretaci\u00f3n masculina de reparto por &#8216;Truman&#8217;, de Cesc Gay\u2534 y otras seis nominaciones m\u00e1s lo consagran como uno de los mejores de la historia de nuestro pa\u00eds. Adem\u00e1s, C\u00e1mara tambi\u00e9n puede presumir de haber sido galardonado con la <strong>Medalla de Oro al M\u00e9rito en las Bellas Artes<\/strong> que otorga el Ministerio de Cultura de Espa\u00f1a. <\/p>\n<p>\nSufri\u00f3 bullying por su homosexualidad\n<\/p>\n<p class=\"voc-p\" style=\"\">Javier C\u00e1mara <strong>nunca ha ocultado su orientaci\u00f3n sexual<\/strong>, a pesar de que nunca se le ha conocido una pareja oficial. Sin embargo, durante gran parte de su infancia, tuvo que hacer frente al <strong>acoso escolar<\/strong> que vivi\u00f3 por parte de sus compa\u00f1eros debido a su homosexualidad, tal y como relat\u00f3 a Carlos del Amor: \u00abEn el colegio, <strong>sol\u00eda jugar a la comba con las ni\u00f1as<\/strong>, y obviamente hab\u00eda gente que <strong>me insultaba por ello<\/strong>\u00bb, explic\u00f3 entonces.<\/p>\n<p class=\"voc-p\" style=\"\">A pesar de que intent\u00f3 ocultar el bullying, lo cierto es que se vio muy afectado por los insultos y la discriminaci\u00f3n que sufri\u00f3 debido a su sexualidad. \u00abTodos mis amigos me hablaban de chicas y <strong>a m\u00ed me gustaban los chicos<\/strong>, entonces claro, el pueblo era un pueblo muy peque\u00f1o y, cuando t\u00fa eres adolescente, <strong>piensas que algo est\u00e1 mal<\/strong>, que algo ha pasado en ti que no tal\u00bb, cont\u00f3 el actor, que \u00abforz\u00f3 la m\u00e1quina\u00bb para intentar ser como los dem\u00e1s hombres de su entorno. En lugar de contar lo que estaba viviendo a su familia, C\u00e1mara opt\u00f3 por <strong>guardar silencio y seguir aparentando<\/strong> una vida perfecta al margen de su verdadera identidad.<\/p>\n<p class=\"voc-p\" style=\"\">\u00abYo hu\u00eda avergonzado, triste, no, no, un desecho. Con mi cartera de &#8216;No, a m\u00ed no me van a tal&#8217;, pero <strong>estaba destrozado por dentro<\/strong> [&#8230;] Al final uno se inventa una vida y pasas por encima de todo. De hecho, creo que en gran parte <strong>soy actor porque me invent\u00e9 mi vida a veces<\/strong>\u00bb, recordaba. El actor ha reconocido en algunas ocasiones que ten\u00eda miedo de sincerarse sobre su homosexualidad por las posibles represalias que esto pudiera ocasionarle: \u00abSientes que cuando digas lo que sientes te van a pegar\u00bb, explic\u00f3.<\/p>\n<p class=\"voc-p\" style=\"\">Pas\u00f3 mucho tiempo hasta que el artista riojano decidi\u00f3 dar el paso y sincerarse sobre lo que le suced\u00eda con sus allegados. De hecho, <strong>su propia madre se sorprendi\u00f3 al explicarle que era homosexual<\/strong>: \u00abMe dec\u00eda: &#8216;Oye, \u00bfesta chica no era novia tuya?&#8217; Y yo: &#8216;Emmmm, no&#8217;. Y dec\u00eda: &#8216;Bueno pero algo ten\u00edas con ella&#8217;. Y yo: &#8216;No, no mam\u00e1, no ten\u00eda nada con ella. Adem\u00e1s, es que a ella le gustan las chicas&#8217;. Y se echaba las manos a la cabeza y dec\u00eda: &#8216;Pero por favor, qu\u00e9 me est\u00e1s diciendo&#8217;. Y yo: &#8216;S\u00ed, s\u00ed&#8217;\u00bb.<\/p>\n<p class=\"voc-p\" style=\"\">El acoso que vivi\u00f3 entonces <strong>no le ha hecho ser una persona m\u00e1s rencorosa<\/strong> y, seg\u00fan admiti\u00f3, esto no ha hecho m\u00e1s que ayudarle a crecer a nivel personal y profesional: \u00abEn cualquier circunstancia, si se lo hacen a un ni\u00f1o de ah\u00ed, te lo hacen de alguna manera a ti, y m\u00e1s cuando los actores, esta profesi\u00f3n, los m\u00fasicos, los artistas\u2026 <strong>estamos siempre ah\u00ed en la fragilidad, siempre atentos a lo que pasa, a la emoci\u00f3n<\/strong>. Tienes unas antenas para siempre que hay que estar r\u00e1pido a la respuesta. Te entrenan para la esgrima, para lo bueno y para lo malo. Y con esos jugamos. Cuando sabes que eres fr\u00e1gil, eres fuerte. <strong>Yo creo que saber que soy fr\u00e1gil me ha hecho fuerte<\/strong>\u00bb, reconoci\u00f3 en &#8216;La Matem\u00e1tica del Espejo&#8217;.<\/p>\n<p>\nPadre a los 50 a\u00f1os de dos hijos por gestaci\u00f3n subrogada\n<\/p>\n<p class=\"voc-p\" style=\"\">Al actor <strong>no se le conoce pareja<\/strong>, pero s\u00ed ha conseguido formar una familia durante este tiempo. En verano de 2017, Javier C\u00e1mara viaj\u00f3 a Estados Unidos para el nacimiento de sus <strong>dos hijos mellizos<\/strong>, un ni\u00f1o y una ni\u00f1a nacidos por <strong>gestaci\u00f3n subrogada<\/strong> y de los que nunca ha revelado el nombre. <\/p>\n<p class=\"voc-p\" style=\"\">El riojano siempre quiso ser padre, aunque esta fue una decisi\u00f3n que cambi\u00f3 su vida y que le cost\u00f3 mucho tomar: \u00ab<strong>Estuve pens\u00e1ndolo mucho y miramos mucho<\/strong>. Yo ten\u00eda muchas dudas tambi\u00e9n, hasta que se fueron aclarando, viendo, entendiendo, sorprendiendo, conociendo, flipando, diciendo &#8216;ostras&#8217;, llorando y construyendo\u00bb, cont\u00f3 en el programa de Carlos del Amor.<\/p>\n<p class=\"voc-p\" style=\"\">Aunque nunca ha ocultado su paternidad, el int\u00e9rprete ha hablado en contadas ocasiones de los peque\u00f1os y menos a\u00fan del <strong>proceso de vientre de alquiler<\/strong>. \u00abYo s\u00e9 c\u00f3mo ha sido, ha sido magia. Mis hijos no solamente tienen una familia, tienen m\u00e1s familias y una que est\u00e1 muy cercana aunque est\u00e9 muy lejos. Y es algo dif\u00edcil de explicar, es complejo. Yo entiendo que es un tema complicado y no les puedo decir nada\u00bb, defendi\u00f3 frente a los detractores de esta pr\u00e1ctica.<\/p>\n<p class=\"voc-p\" style=\"\">A pesar de insistir en que est\u00e1 \u00ababsolutamente chocho\u00bb con sus hijos, asegur\u00f3 que era \u00ab<strong>dificil\u00edsimo ser padre<\/strong>\u00bb: \u00ab<strong>No es id\u00edlico, es hermoso, pero es un currazo<\/strong>\u00bb, manifest\u00f3 entonces sobre esta labor.<\/p>\n","protected":false},"excerpt":{"rendered":"Con dos premios Goya en su haber y uno de los mejores curr\u00edculums de nuestro pa\u00eds, Javier C\u00e1mara&hellip;\n","protected":false},"author":2,"featured_media":216933,"comment_status":"","ping_status":"","sticky":false,"template":"","format":"standard","meta":{"footnotes":""},"categories":[91],"tags":[3250,1563,146,147,25,24,58133,563,23887,3624,5264,16023,3053,23,58134,2606],"class_list":{"0":"post-216932","1":"post","2":"type-post","3":"status-publish","4":"format-standard","5":"has-post-thumbnail","7":"category-entretenimiento","8":"tag-camara","9":"tag-dos","10":"tag-entertainment","11":"tag-entretenimiento","12":"tag-es","13":"tag-espana","14":"tag-gestacion","15":"tag-hijos","16":"tag-homosexualidad","17":"tag-infancia","18":"tag-javier","19":"tag-marcada","20":"tag-personal","21":"tag-spain","22":"tag-subrogada","23":"tag-vida"},"share_on_mastodon":{"url":"https:\/\/pubeurope.com\/@es\/115487956388955316","error":""},"_links":{"self":[{"href":"https:\/\/www.europesays.com\/es\/wp-json\/wp\/v2\/posts\/216932","targetHints":{"allow":["GET"]}}],"collection":[{"href":"https:\/\/www.europesays.com\/es\/wp-json\/wp\/v2\/posts"}],"about":[{"href":"https:\/\/www.europesays.com\/es\/wp-json\/wp\/v2\/types\/post"}],"author":[{"embeddable":true,"href":"https:\/\/www.europesays.com\/es\/wp-json\/wp\/v2\/users\/2"}],"replies":[{"embeddable":true,"href":"https:\/\/www.europesays.com\/es\/wp-json\/wp\/v2\/comments?post=216932"}],"version-history":[{"count":0,"href":"https:\/\/www.europesays.com\/es\/wp-json\/wp\/v2\/posts\/216932\/revisions"}],"wp:featuredmedia":[{"embeddable":true,"href":"https:\/\/www.europesays.com\/es\/wp-json\/wp\/v2\/media\/216933"}],"wp:attachment":[{"href":"https:\/\/www.europesays.com\/es\/wp-json\/wp\/v2\/media?parent=216932"}],"wp:term":[{"taxonomy":"category","embeddable":true,"href":"https:\/\/www.europesays.com\/es\/wp-json\/wp\/v2\/categories?post=216932"},{"taxonomy":"post_tag","embeddable":true,"href":"https:\/\/www.europesays.com\/es\/wp-json\/wp\/v2\/tags?post=216932"}],"curies":[{"name":"wp","href":"https:\/\/api.w.org\/{rel}","templated":true}]}}