{"id":216936,"date":"2025-11-03T21:46:19","date_gmt":"2025-11-03T21:46:19","guid":{"rendered":"https:\/\/www.europesays.com\/es\/216936\/"},"modified":"2025-11-03T21:46:19","modified_gmt":"2025-11-03T21:46:19","slug":"del-oxido-al-hidrogeno-euskadi-se-engancha-a-la-industria-verde","status":"publish","type":"post","link":"https:\/\/www.europesays.com\/es\/216936\/","title":{"rendered":"Del \u00f3xido al hidr\u00f3geno, Euskadi se engancha a la industria verde"},"content":{"rendered":"<p>Descarbonizar la econom\u00eda vasca es, fundamentalmente, descarbonizar su industria. El motor econ\u00f3mico que durante d\u00e9cadas aliment\u00f3 el carb\u00f3n y despu\u00e9s engordaron los derivados del petr\u00f3leo y el gas, afronta desde hace a\u00f1os un proceso de transformaci\u00f3n renovable. Si en los a\u00f1os 80 de crisis industria los derivados f\u00f3siles estaban detr\u00e1s del 86% del consumo de energ\u00eda, ahora se ha reducido a menos de la mitad. El objetivo que se han marcado las autoridades vascas es lograr que en 2030 al menos el 21% de la energ\u00eda consumida por la industria vasca sea de origen renovable.<\/p>\n<p>No es un objetivo f\u00e1cil en una tierra en la que la generaci\u00f3n de energ\u00edas limpias es escasa y su desarrollo complejo. El freno social a la instalaci\u00f3n de parques e\u00f3licos o fotovoltaicos es uno de los grandes problemas. El \u00faltimo intento por dar pasos hacia la descarbonizaci\u00f3n pasa por la apuesta del hidr\u00f3geno verde. El Pa\u00eds Vasco formar\u00e1 parte importante de la red de hidroductos que el Gobierno, a trav\u00e9s de Enag\u00e1s, ha proyectado sobre el conjunto del pa\u00eds. De los alrededor de un centenar de proyectos que lo conforman, nueve pasar\u00e1n por suelo vasco. Sumar\u00e1n un trazado de 163 kil\u00f3metros.<\/p>\n<p>Esta red permitir\u00e1 conectar los principales polos industriales vascos con los futuros centros de producci\u00f3n de hidr\u00f3geno. En el caso vasco, el desarrollo estar\u00e1 bajo la tutela del Ente Vaso de la Energ\u00eda. Con esta infraestructura se dar\u00e1 un paso clave en el desarrollo de la llamada Estrategia Vasca del Hidr\u00f3geno que plantea la producci\u00f3n de 100.000 toneladas de hidr\u00f3geno verde y hasta 300 MW de electr\u00f3lisis para el a\u00f1o 2030. Las autoridades vascas se han propuesto alcanzar las cero emisiones contaminantes para el a\u00f1o 2050.<\/p>\n<p>Una red de 2.600 kil\u00f3metros<\/p>\n<p>El proyecto, presentado este lunes por el Ministerio de Transici\u00f3n Ecol\u00f3gica y el Gobierno vasco, convertir\u00e1 a Euskadi en uno de los centros de producci\u00f3n de hidr\u00f3geno que se conectar\u00e1 a la red nacional. Un trazado que atravesar\u00e1 medio centenar de localidades vascas.<\/p>\n<p>            <a class=\"articulo-relacionado__media\" href=\"https:\/\/www.elindependiente.com\/economia\/2025\/02\/18\/enagas-invertira-4-035-millones-en-hidrogeno-verde-para-que-su-peso-en-la-compania-supere-al-del-gas-en-2030\/\" title=\"Enag\u00e1s invertir\u00e1 4.035 millones en hidr\u00f3geno verde para que su peso en la compa\u00f1\u00eda supere al del gas en 2030\" rel=\"nofollow noopener\" target=\"_blank\"><\/p>\n<p>                <img loading=\"lazy\" decoding=\"async\" src=\"data:image\/svg+xml,%3Csvg%20xmlns=\" http:=\"\" width=\"390\" height=\"220\" alt=\"Enag\u00e1s invertir\u00e1 4.035 millones en hidr\u00f3geno verde para que su peso en la compa\u00f1\u00eda supere al del gas en 2030\" data-lazy-src=\"https:\/\/www.europesays.com\/es\/wp-content\/uploads\/2025\/11\/europapress-6526308-consejero-delegado-enagas-arturo-gonzalo-rueda-prensa-sede-enagas-18-390x220.jpg\"\/><\/p>\n<p>\t\t\t            <\/a><\/p>\n<p>Enag\u00e1s ha sido designada por el Ministerio como operador de la red troncal que recorrer\u00e1 el pa\u00eds y que supondr\u00e1 inversiones por encima de los 6.000 millones de euros. Los 163 kil\u00f3metros de red de hidr\u00f3geno que se desarrollar\u00e1n en Euskadi se plantean en dos tramos. El primero de ellos ser\u00e1 el que conecte Arrigorriaga y la localidad riojana de Haro, con 125 kil\u00f3metros de recorrido. Adem\u00e1s, otro tramo, de 38 kil\u00f3metros, comunicar\u00e1 la localidad c\u00e1ntabra de Reoc\u00edn con Arrigorriaga (Bizkaia). Adem\u00e1s, se contempla dos nodos en las proximidades de Bilbao y Vitoria, donde tambi\u00e9n hay previstos proyectos de producci\u00f3n y consumo. \u00a0<\/p>\n<p>El plan a nivel nacional contempla un desarrollo de la red de hidr\u00f3geno a lo largo de 13 comunidades aut\u00f3nomas y trazados por medio millar de localidades. Por el momento est\u00e1 previsto el desarrollo de 2.600 kil\u00f3metros de trazado por toda Espa\u00f1a. Se plantean 15 tramos y 5 ejes centrales. Esta industria en desarrollo se estima que generar\u00e1 m\u00e1s de 81.000 empleos.<\/p>\n<p>Nueva &#8216;industria verde&#8217;<\/p>\n<p>En la presentaci\u00f3n del proyecto el lehendakari Imanol Pradales record\u00f3 que Euskadi est\u00e1 dando pasos para situarse en la vanguardia de esta transformaci\u00f3n y que la cadena de valor del hidr\u00f3geno \u201ces una de las apuestas estrat\u00e9gicas de Euskadi\u00bb: \u00abEste proyecto est\u00e1 alineado perfectamente con esta prioridad, ya que plantea una red de 163 kil\u00f3metros de ductos que conecte los principales polos industriales de Euskadi con centros de producci\u00f3n de hidr\u00f3geno. Esta red aprovecha las sinergias con las infraestructuras actuales, y se complementa adem\u00e1s con otros proyectos en perspectiva, como el que dar\u00e1 conexi\u00f3n al Valle de Ayala, o con el ducto Bergara-Ir\u00fan\u201d.<\/p>\n<p>El\u00a0Plan de Industria Euskadi 2030\u00a0aprobado por el Gobierno Vasco se alinea con las\u00a0prioridades estrat\u00e9gicas europeas:\u00a0innovaci\u00f3n, descarbonizaci\u00f3n, autonom\u00eda estrat\u00e9gica entre otros, contribuyendo al proceso de reindustrializaci\u00f3n del continente. Euskadi se posiciona como\u00a0referente tecnol\u00f3gico e industrial\u00a0de este nuevo impulso europeo, y as\u00ed ha sido reconocido por la Comisi\u00f3n Europea.<\/p>\n<p>El desarrollo de la econom\u00eda del hidrogeno adem\u00e1s de la descarbonizaci\u00f3n supone una oportunidad de poder generar nueva industria en torno a los\u00a0<strong>combustibles renovables<\/strong>. Oportunidad, que permitir\u00e1 generar nueva actividad econ\u00f3mica, empleo y recursos para avanzar en el estado del bienestar en Euskadi.<\/p>\n<p>PUBLICIDAD<\/p>\n","protected":false},"excerpt":{"rendered":"Descarbonizar la econom\u00eda vasca es, fundamentalmente, descarbonizar su industria. El motor econ\u00f3mico que durante d\u00e9cadas aliment\u00f3 el carb\u00f3n&hellip;\n","protected":false},"author":2,"featured_media":216937,"comment_status":"","ping_status":"","sticky":false,"template":"","format":"standard","meta":{"footnotes":""},"categories":[80],"tags":[82,95,94,5220,25,24,23],"class_list":{"0":"post-216936","1":"post","2":"type-post","3":"status-publish","4":"format-standard","5":"has-post-thumbnail","7":"category-economia","8":"tag-business","9":"tag-economia","10":"tag-economy","11":"tag-energia","12":"tag-es","13":"tag-espana","14":"tag-spain"},"share_on_mastodon":{"url":"https:\/\/pubeurope.com\/@es\/115487964204636034","error":""},"_links":{"self":[{"href":"https:\/\/www.europesays.com\/es\/wp-json\/wp\/v2\/posts\/216936","targetHints":{"allow":["GET"]}}],"collection":[{"href":"https:\/\/www.europesays.com\/es\/wp-json\/wp\/v2\/posts"}],"about":[{"href":"https:\/\/www.europesays.com\/es\/wp-json\/wp\/v2\/types\/post"}],"author":[{"embeddable":true,"href":"https:\/\/www.europesays.com\/es\/wp-json\/wp\/v2\/users\/2"}],"replies":[{"embeddable":true,"href":"https:\/\/www.europesays.com\/es\/wp-json\/wp\/v2\/comments?post=216936"}],"version-history":[{"count":0,"href":"https:\/\/www.europesays.com\/es\/wp-json\/wp\/v2\/posts\/216936\/revisions"}],"wp:featuredmedia":[{"embeddable":true,"href":"https:\/\/www.europesays.com\/es\/wp-json\/wp\/v2\/media\/216937"}],"wp:attachment":[{"href":"https:\/\/www.europesays.com\/es\/wp-json\/wp\/v2\/media?parent=216936"}],"wp:term":[{"taxonomy":"category","embeddable":true,"href":"https:\/\/www.europesays.com\/es\/wp-json\/wp\/v2\/categories?post=216936"},{"taxonomy":"post_tag","embeddable":true,"href":"https:\/\/www.europesays.com\/es\/wp-json\/wp\/v2\/tags?post=216936"}],"curies":[{"name":"wp","href":"https:\/\/api.w.org\/{rel}","templated":true}]}}