{"id":216956,"date":"2025-11-03T22:03:15","date_gmt":"2025-11-03T22:03:15","guid":{"rendered":"https:\/\/www.europesays.com\/es\/216956\/"},"modified":"2025-11-03T22:03:15","modified_gmt":"2025-11-03T22:03:15","slug":"joakinovsky-y-perrukov-caen-las-hojas","status":"publish","type":"post","link":"https:\/\/www.europesays.com\/es\/216956\/","title":{"rendered":"Joakinovsky y Perrukov &#8211; Caen las hojas"},"content":{"rendered":"<p>Caen las hojas, lleg\u00f3 el oto\u00f1o, una \u00e9poca perfecta para sacar la ropa de entretiempo, pasear vestido entre los \u00e1rboles desnudos, refugiarse de la lluvia leyendo un buen libro o, mejor todav\u00eda, escuchando una bonita canci\u00f3n, y de eso, precisamente, hablaremos hoy. Y es que la \u00e9poca oto\u00f1al da para todos los estilos y estados de \u00e1nimo musicales: del jazz al pop, del rap al punk, del tecno al soul, de la m\u00fasica cl\u00e1sica a la psicodelia de Oklahoma, de Cuenca a Soria y vuelta a empezar.<\/p>\n","protected":false},"excerpt":{"rendered":"Caen las hojas, lleg\u00f3 el oto\u00f1o, una \u00e9poca perfecta para sacar la ropa de entretiempo, pasear vestido entre&hellip;\n","protected":false},"author":2,"featured_media":216957,"comment_status":"","ping_status":"","sticky":false,"template":"","format":"standard","meta":{"footnotes":""},"categories":[170],"tags":[58139,146,147,25,24,50243,184,185,133,1448,1986,1987,23],"class_list":{"0":"post-216956","1":"post","2":"type-post","3":"status-publish","4":"format-standard","5":"has-post-thumbnail","7":"category-musica","8":"tag-caen-las-hojas","9":"tag-entertainment","10":"tag-entretenimiento","11":"tag-es","12":"tag-espana","13":"tag-joakinovsky-y-perrukov","14":"tag-music","15":"tag-musica","16":"tag-online","17":"tag-radio","18":"tag-rne","19":"tag-rtve-play","20":"tag-spain"},"share_on_mastodon":{"url":"https:\/\/pubeurope.com\/@es\/115488031116952450","error":""},"_links":{"self":[{"href":"https:\/\/www.europesays.com\/es\/wp-json\/wp\/v2\/posts\/216956","targetHints":{"allow":["GET"]}}],"collection":[{"href":"https:\/\/www.europesays.com\/es\/wp-json\/wp\/v2\/posts"}],"about":[{"href":"https:\/\/www.europesays.com\/es\/wp-json\/wp\/v2\/types\/post"}],"author":[{"embeddable":true,"href":"https:\/\/www.europesays.com\/es\/wp-json\/wp\/v2\/users\/2"}],"replies":[{"embeddable":true,"href":"https:\/\/www.europesays.com\/es\/wp-json\/wp\/v2\/comments?post=216956"}],"version-history":[{"count":0,"href":"https:\/\/www.europesays.com\/es\/wp-json\/wp\/v2\/posts\/216956\/revisions"}],"wp:featuredmedia":[{"embeddable":true,"href":"https:\/\/www.europesays.com\/es\/wp-json\/wp\/v2\/media\/216957"}],"wp:attachment":[{"href":"https:\/\/www.europesays.com\/es\/wp-json\/wp\/v2\/media?parent=216956"}],"wp:term":[{"taxonomy":"category","embeddable":true,"href":"https:\/\/www.europesays.com\/es\/wp-json\/wp\/v2\/categories?post=216956"},{"taxonomy":"post_tag","embeddable":true,"href":"https:\/\/www.europesays.com\/es\/wp-json\/wp\/v2\/tags?post=216956"}],"curies":[{"name":"wp","href":"https:\/\/api.w.org\/{rel}","templated":true}]}}