{"id":216964,"date":"2025-11-03T22:07:07","date_gmt":"2025-11-03T22:07:07","guid":{"rendered":"https:\/\/www.europesays.com\/es\/216964\/"},"modified":"2025-11-03T22:07:07","modified_gmt":"2025-11-03T22:07:07","slug":"muere-la-actriz-diane-ladd-a-los-89-anos","status":"publish","type":"post","link":"https:\/\/www.europesays.com\/es\/216964\/","title":{"rendered":"Muere la actriz Diane Ladd a los 89 a\u00f1os"},"content":{"rendered":"<p style=\"\">La actriz Diane Ladd ha muerto este lunes a los 89 a\u00f1os, seg\u00fan ha confirmado su hija, la int\u00e9rprete <a href=\"https:\/\/www.abc.es\/play\/series\/noticias\/abci-laura-dern-tiene-oscar-hora-rescatar-desconocida-serie-iluminada-202003080109_noticia.html\" title=\"www.abc.es\" data-voc-vtm-id=\"in-text-traffic\" data-mrf-link=\"www.abc.es\" rel=\"nofollow noopener\" target=\"_blank\">Laura Dern.<\/a> Ladd ha estado tres veces nominada al Oscar por &#8216;Alicia ya no vive aqu\u00ed&#8217; (1974), &#8216;Coraz\u00f3n Salvaje&#8217; (1990) y &#8216;Rambling Rose&#8217; (1991). <\/p>\n<p style=\"\">En  &#8230; su comunicado, <a href=\"https:\/\/apnews.com\/article\/diane-ladd-dead-5b1072078ad9b906168eadb9d33abf1e\" title=\"apnews.com\" data-voc-vtm-id=\"in-text-traffic\" data-mrf-link=\"apnews.com\" rel=\"nofollow noopener\" target=\"_blank\">recogido por &#8216;AP&#8217;<\/a>, Dern ha asegurado que su madre fue su \u00abhero\u00edna\u00bb y que era \u00abmaravillosa\u00bb, confirmando que estaba junto a ella en su casa en Ojai, California. Su hija no ha dado detalles sobre las causas del fallecimiento. <\/p>\n<p class=\"voc-p\" style=\"\">\u00abFue la mejor hija, madre, abuela, actriz, artista y alma compasiva que jam\u00e1s hubiera imaginado. <strong>Fuimos afortunados de tenerla.<\/strong> Ahora vuela con sus \u00e1ngeles\u00bb, dice su hija. <\/p>\n<p class=\"voc-p\" style=\"\">Ladd, nacida en 1935 en Misisipi, deja una larga trayectoria en el mundo de la interpretaci\u00f3n. Particip\u00f3 en series de televisi\u00f3n y obras de teatro antes de su primer gran papel con Martin Scorsese en 1974 con &#8216;Alicia ya no vive aqu\u00ed&#8217;, pel\u00edcula por la fue nominada al Oscar como mejor actriz de reparto. <\/p>\n<p class=\"voc-p\" style=\"\">&#8216;Chinatown&#8217;, &#8216;Primary Colors&#8217; o las dos cintas por las que tambi\u00e9n recibi\u00f3 nominaci\u00f3n a los Oscar, &#8216;Coraz\u00f3n salvaje&#8217; y &#8216;Rambling Rose&#8217;, ambas <strong>coprotagonizadas por su hija<\/strong>, Laura Dern. Madre e hija lograron la haza\u00f1a de ser nominadas por su trabajo en &#8216;Rambling Rose&#8217;.<\/p>\n<p><img decoding=\"async\" loading=\"lazy\" src=\"https:\/\/www.europesays.com\/es\/wp-content\/uploads\/2025\/11\/1502627960-k6nC--760x427@diario_abc.jpg\" class=\"voc-img\" width=\"760\" height=\"427\" alt=\"Diane Ladd junto a su hija, Laura Dern.\" data-voc-vtm-id=\"in-text-traffic\"\/><\/p>\n<p>Diane Ladd junto a su hija, Laura Dern.<\/p>\n<p>efe<\/p>\n<p class=\"voc-p\" style=\"\">Estuvo casada diez a\u00f1os con el actor Bruce Dern, padre de Laura y de <strong>Diane Elizabeth<\/strong>, que falleci\u00f3 con 18 meses tras un accidente en una piscina. La p\u00e9rdida de su hija les dej\u00f3 devastados, a\u00f1os despu\u00e9s lleg\u00f3 Laura, pero eso no evit\u00f3 la separaci\u00f3n de los actores. \u00abFue muy dif\u00edcil. No creo que Diane y yo tuvi\u00e9ramos ninguna oportunidad despu\u00e9s de eso\u00bb, dijo Bruce Dern sobre su tragedia y posterior separaci\u00f3n. <\/p>\n<p class=\"voc-p\" style=\"\">Tras ello, Diane ha estado casada dos veces, con William A. Shea, Jr. y con Robert Charles Hunter, exdirector ejecutivo de PepsiCo, que muri\u00f3 hace unos meses a los 77 a\u00f1os. <\/p>\n","protected":false},"excerpt":{"rendered":"La actriz Diane Ladd ha muerto este lunes a los 89 a\u00f1os, seg\u00fan ha confirmado su hija, la&hellip;\n","protected":false},"author":2,"featured_media":216965,"comment_status":"","ping_status":"","sticky":false,"template":"","format":"standard","meta":{"footnotes":""},"categories":[91],"tags":[6456,988,38401,146,147,25,24,58140,8938,23],"class_list":{"0":"post-216964","1":"post","2":"type-post","3":"status-publish","4":"format-standard","5":"has-post-thumbnail","7":"category-entretenimiento","8":"tag-actriz","9":"tag-anos","10":"tag-diane","11":"tag-entertainment","12":"tag-entretenimiento","13":"tag-es","14":"tag-espana","15":"tag-ladd","16":"tag-muere","17":"tag-spain"},"share_on_mastodon":{"url":"https:\/\/pubeurope.com\/@es\/115488046825911215","error":""},"_links":{"self":[{"href":"https:\/\/www.europesays.com\/es\/wp-json\/wp\/v2\/posts\/216964","targetHints":{"allow":["GET"]}}],"collection":[{"href":"https:\/\/www.europesays.com\/es\/wp-json\/wp\/v2\/posts"}],"about":[{"href":"https:\/\/www.europesays.com\/es\/wp-json\/wp\/v2\/types\/post"}],"author":[{"embeddable":true,"href":"https:\/\/www.europesays.com\/es\/wp-json\/wp\/v2\/users\/2"}],"replies":[{"embeddable":true,"href":"https:\/\/www.europesays.com\/es\/wp-json\/wp\/v2\/comments?post=216964"}],"version-history":[{"count":0,"href":"https:\/\/www.europesays.com\/es\/wp-json\/wp\/v2\/posts\/216964\/revisions"}],"wp:featuredmedia":[{"embeddable":true,"href":"https:\/\/www.europesays.com\/es\/wp-json\/wp\/v2\/media\/216965"}],"wp:attachment":[{"href":"https:\/\/www.europesays.com\/es\/wp-json\/wp\/v2\/media?parent=216964"}],"wp:term":[{"taxonomy":"category","embeddable":true,"href":"https:\/\/www.europesays.com\/es\/wp-json\/wp\/v2\/categories?post=216964"},{"taxonomy":"post_tag","embeddable":true,"href":"https:\/\/www.europesays.com\/es\/wp-json\/wp\/v2\/tags?post=216964"}],"curies":[{"name":"wp","href":"https:\/\/api.w.org\/{rel}","templated":true}]}}