{"id":216966,"date":"2025-11-03T22:08:07","date_gmt":"2025-11-03T22:08:07","guid":{"rendered":"https:\/\/www.europesays.com\/es\/216966\/"},"modified":"2025-11-03T22:08:07","modified_gmt":"2025-11-03T22:08:07","slug":"todos-los-productos-que-apple-planea-lanzar-en-2026-ano-de-su-50-aniversario","status":"publish","type":"post","link":"https:\/\/www.europesays.com\/es\/216966\/","title":{"rendered":"Todos los productos que Apple planea lanzar en 2026, a\u00f1o de su 50 aniversario"},"content":{"rendered":"<p>El pr\u00f3ximo <b>1 de abril de 2026<\/b> se cumplir\u00e1 un hito importante para <b>Apple<\/b>. Habr\u00e1n transcurrido 50 a\u00f1os desde que <b>Steve Jobs<\/b>, <b>Steve Wozniak<\/b> y <b>Ronald Wayne<\/b> fundaran la compa\u00f1\u00eda en Cupertino, California. Casi medio siglo despu\u00e9s, a Apple le va tan bien como nos tiene acostumbrados. En la presentaci\u00f3n de los resultados del tercer trimestre inform\u00f3 de unos ingresos que alcanzaron los <b>102.500 millones de d\u00f3lares<\/b> y un beneficio neto de <b>27.400 millones<\/b>, ya acerc\u00e1ndonos al final de un 2025 en el que ha lanzado una amplia gama de productos. Para su <b>50 aniversario<\/b>, Apple tambi\u00e9n prepara una importante l\u00ednea de productos con novedades que capten la atenci\u00f3n de los usuarios y transmitan la idea de que sigue innovando.<\/p>\n<p>Seg\u00fan el especialista en Apple de Bloomberg <b>Mark Gurman<\/b>, el cat\u00e1logo de Apple para 2026 arrancar\u00e1 con el <b>iPhone 17e<\/b>, un <b>iPad<\/b> de entrada con chip <b>A18<\/b> y un <b>iPad Air<\/b> con procesador <b>M4<\/b>. Tambi\u00e9n se espera que la compa\u00f1\u00eda presente un <b>MacBook Air<\/b> actualizado con chip <b>M5<\/b>, junto con modelos de <b>MacBook Pro<\/b> equipados con los chips <b>M5 Pro<\/b> y <b>M5 Max<\/b>, adem\u00e1s de <b>nuevos monitores para Mac<\/b>.<\/p>\n<p>Entre marzo y abril, se prev\u00e9 que Apple lance su <b>pantalla inteligente<\/b>, disponible tanto en versi\u00f3n basada en altavoz como en modelo para montar en la pared. El lanzamiento coincidir\u00e1 con la llegada de una <b>Siri<\/b> renovada que recibir\u00e1 mejoras importantes impulsadas por IA. Seg\u00fan Gurman, esto &#8216;sentar\u00e1 las bases para un ecosistema de seguridad para el hogar inteligente m\u00e1s amplio -incluidas <b>c\u00e1maras<\/b>&#8211; previsto para m\u00e1s adelante en el a\u00f1o&#8217;.<\/p>\n<p>En la conferencia <b>Worldwide Developers Conference (WWDC)<\/b> de junio, se espera que Apple presente <b>iOS 27<\/b>, <b>macOS 27<\/b>, <b>watchOS 27<\/b> y otros sistemas operativos, junto con una gran actualizaci\u00f3n de <b>Apple Intelligence<\/b>. Gurman tambi\u00e9n se\u00f1al\u00f3 que, aunque un nuevo <b>iPad mini<\/b> podr\u00eda debutar en 2026, no se espera la pr\u00f3xima generaci\u00f3n del <b>iPad Pro<\/b> hasta 2027. Volviendo al M5, este deber\u00eda llegar el pr\u00f3ximo a\u00f1o tambi\u00e9n al <b>Mac Mini<\/b> y el <b>Mac Studio<\/b>.<\/p>\n<p>En septiembre de 2026, Apple presentar\u00e1 la gama <b>iPhone 18<\/b> junto con sus nuevos <b>Apple Watch<\/b>. El evento tambi\u00e9n podr\u00eda marcar el debut del <b>primer iPhone plegable<\/b> de la compa\u00f1\u00eda. Adem\u00e1s, Apple podr\u00eda ofrecer un adelanto temprano de sus tan rumoreadas <b>gafas inteligentes<\/b> durante el mismo evento.<\/p>\n<p>El primer redise\u00f1o importante del <b>MacBook Pro<\/b> desde 2021 se espera para finales de 2026. Este modelo contar\u00eda con chips <b>M6 Pro<\/b> y <b>M6 Max<\/b>, un cuerpo m\u00e1s delgado y una <b>pantalla t\u00e1ctil OLED<\/b>.<\/p>\n","protected":false},"excerpt":{"rendered":"El pr\u00f3ximo 1 de abril de 2026 se cumplir\u00e1 un hito importante para Apple. Habr\u00e1n transcurrido 50 a\u00f1os&hellip;\n","protected":false},"author":2,"featured_media":216967,"comment_status":"","ping_status":"","sticky":false,"template":"","format":"standard","meta":{"footnotes":""},"categories":[81],"tags":[119,123,124,25,24,117,121,122,23,118,120],"class_list":{"0":"post-216966","1":"post","2":"type-post","3":"status-publish","4":"format-standard","5":"has-post-thumbnail","7":"category-ciencia-y-tecnologia","8":"tag-ciencia","9":"tag-ciencia-y-tecnologia","10":"tag-cienciaytecnologia","11":"tag-es","12":"tag-espana","13":"tag-science","14":"tag-science-and-technology","15":"tag-scienceandtechnology","16":"tag-spain","17":"tag-technology","18":"tag-tecnologia"},"share_on_mastodon":{"url":"https:\/\/pubeurope.com\/@es\/115488050751028662","error":""},"_links":{"self":[{"href":"https:\/\/www.europesays.com\/es\/wp-json\/wp\/v2\/posts\/216966","targetHints":{"allow":["GET"]}}],"collection":[{"href":"https:\/\/www.europesays.com\/es\/wp-json\/wp\/v2\/posts"}],"about":[{"href":"https:\/\/www.europesays.com\/es\/wp-json\/wp\/v2\/types\/post"}],"author":[{"embeddable":true,"href":"https:\/\/www.europesays.com\/es\/wp-json\/wp\/v2\/users\/2"}],"replies":[{"embeddable":true,"href":"https:\/\/www.europesays.com\/es\/wp-json\/wp\/v2\/comments?post=216966"}],"version-history":[{"count":0,"href":"https:\/\/www.europesays.com\/es\/wp-json\/wp\/v2\/posts\/216966\/revisions"}],"wp:featuredmedia":[{"embeddable":true,"href":"https:\/\/www.europesays.com\/es\/wp-json\/wp\/v2\/media\/216967"}],"wp:attachment":[{"href":"https:\/\/www.europesays.com\/es\/wp-json\/wp\/v2\/media?parent=216966"}],"wp:term":[{"taxonomy":"category","embeddable":true,"href":"https:\/\/www.europesays.com\/es\/wp-json\/wp\/v2\/categories?post=216966"},{"taxonomy":"post_tag","embeddable":true,"href":"https:\/\/www.europesays.com\/es\/wp-json\/wp\/v2\/tags?post=216966"}],"curies":[{"name":"wp","href":"https:\/\/api.w.org\/{rel}","templated":true}]}}