{"id":216986,"date":"2025-11-03T22:23:12","date_gmt":"2025-11-03T22:23:12","guid":{"rendered":"https:\/\/www.europesays.com\/es\/216986\/"},"modified":"2025-11-03T22:23:12","modified_gmt":"2025-11-03T22:23:12","slug":"las-palmas-de-gran-canaria-2","status":"publish","type":"post","link":"https:\/\/www.europesays.com\/es\/216986\/","title":{"rendered":"LAS PALMAS DE GRAN CANARIA"},"content":{"rendered":"<p class=\"ft-text ft-helper-closenews\">El conjunto art\u00edstico del <a class=\"ft-link ft-link--decoration\" href=\"https:\/\/www.laprovincia.es\/tags\/museo-nestor\/\" target=\"_blank\" rel=\"nofollow noopener\">Museo N\u00e9stor<\/a>, valorado en m\u00e1s de <strong>11 millones de euros<\/strong>, contar\u00e1 con una nueva ubicaci\u00f3n para su almacenamiento temporal. El Ayuntamiento de <a class=\"ft-link ft-link--decoration\" href=\"https:\/\/www.laprovincia.es\/gran-canaria\/las-palmas-de-gran-canaria\/\" rel=\"nofollow noopener\" target=\"_blank\">Las Palmas de Gran Canaria<\/a> ha adjudicado el servicio que permitir\u00e1 guardar los cuadros y objetos del pintor grancanario mientras avanzan las obras de reforma de la pinacoteca.<\/p>\n<p class=\"ft-text\"><strong>El museo permanece cerrado desde hace ocho a\u00f1os<\/strong>, despu\u00e9s de que se detectaran filtraciones de agua que pon\u00edan en riesgo la conservaci\u00f3n de las piezas, as\u00ed como la falta de accesibilidad y climatizaci\u00f3n. A ra\u00edz de ello, el Consistorio inici\u00f3 un proyecto de rehabilitaci\u00f3n que qued\u00f3 paralizado por discrepancias con el Cabildo sobre la instalaci\u00f3n de un ascensor. Tras superar este escollo y con el visto bueno del Gobierno Insular, <strong>el 25 de octubre la obra fue finalmente adjudicada<\/strong> y, paralelamente, se ha confirmado la contrataci\u00f3n de una empresa especializada para custodiar la colecci\u00f3n durante los trabajos.<\/p>\n<p class=\"ft-text\">Las obras de arte requieren <strong>un espacio con condiciones estrictas de conservaci\u00f3n,<\/strong> especialmente en lo relativo a humedad y temperatura constantes, as\u00ed como un sistema de seguridad reforzado debido a su alto valor. \u00abLos espacios de propiedad municipal existentes destinados al almacenamiento no cumplen las condiciones para el almacenamiento de obras de arte\u00bb, se\u00f1ala el pliego t\u00e9cnico.<\/p>\n<p>Cuadros, esculturas y dibujos<\/p>\n<p class=\"ft-text\">La empresa adjudicataria es Esmenso S.L., que ya cuenta con experiencia en el tratamiento de bienes culturales, como el traslado de las tallas de la Virgen del Pino y de la Candelaria, patrona de <a class=\"ft-link ft-link--decoration\" href=\"https:\/\/www.laprovincia.es\/gran-canaria\/ingenio\/\" rel=\"nofollow noopener\" target=\"_blank\">Ingenio<\/a>. El cat\u00e1logo que trasladar\u00e1n incluye<strong> 231 cuadros<\/strong>, 15 esculturas, 1.044 dibujos de diferentes tama\u00f1os, 89 grabados, 17 vestidos, un tocado, 13 l\u00e1mparas y apliques, tres piezas de cer\u00e1mica, siete tapices y cortinas, 137 documentos y carteles, cuatro partituras, 390 libros, 22 revistas, 366 fotograf\u00edas, 55 muebles y 94 objetos decorativos diversos. <strong>En total, son 2.488 piezas.<\/strong><\/p>\n<p class=\"ft-text\">Para su conservaci\u00f3n, el recinto deber\u00e1 tener m\u00e1s de <strong>160 metros c\u00fabicos de capacidad<\/strong>, estar libre de luz natural y contar con pasillos que permitan la correcta manipulaci\u00f3n de los fondos. Asimismo,<strong> la puerta deber\u00e1 ser met\u00e1lica y con cerradura de seguridad<\/strong>. Entre las medidas de protecci\u00f3n exigidas se incluye sistema antirrobo con detectores volum\u00e9tricos, circuito cerrado de televisi\u00f3n, alarma conectada a la polic\u00eda y dispositivos de detecci\u00f3n y extinci\u00f3n de incendios.<\/p>\n<p>Exposiciones<\/p>\n<p class=\"ft-text\">Desde el cierre del museo, <strong>la colecci\u00f3n ha permanecido guardada hasta su exhibici\u00f3n en varias muestras temporales<\/strong>. Parte de las obras se expusieron por primera vez desde el cierre en el Castillo de Mata entre mayo de 2024 y marzo de 2025. En la inauguraci\u00f3n, se inform\u00f3 de que las obras hab\u00edan estado guardadas en un \u00abdep\u00f3sito art\u00edstico\u00bb. Posteriormente, volaron al Museo Reina Sof\u00eda de Madrid, para que el p\u00fablico pudiera reconectar con el artista desde mayo de 2025 hasta el 8 de octubre, y actualmente se encuentran en el TEA de <a class=\"ft-link ft-link--decoration\" href=\"https:\/\/www.laprovincia.es\/tags\/tenerife\/\" rel=\"nofollow noopener\" target=\"_blank\">Tenerife<\/a>, donde la muestra puede visitarse hasta el 1 de marzo del pr\u00f3ximo a\u00f1o. La exposici\u00f3n conjunta, titulada N\u00e9stor Reencontrado, se organiz\u00f3 mediante un convenio entre los dos centros culturales, que compartieron los costes de gesti\u00f3n, cifrados en 45.000 euros, aunque tambi\u00e9n habr\u00eda que sumarle los gastos locales de cada uno de los centros.<\/p>\n<p class=\"ft-text\">Para la restauraci\u00f3n del Museo N\u00e9stor est\u00e1 prevista la <strong>construcci\u00f3n de rampas y un nuevo volumen<\/strong> adosado a la fachada este que albergar\u00e1 un ascensor, integrado en la est\u00e9tica del edificio. Tambi\u00e9n prev\u00e9 la creaci\u00f3n de una nueva sala expositiva y un aula did\u00e1ctica, as\u00ed como la recuperaci\u00f3n integral de cubiertas, fachadas, carpinter\u00eda y pavimentos, respetando el valor patrimonial del conjunto del Pueblo Canario y garantizando su conservaci\u00f3n.<\/p>\n<p class=\"ft-text\">La obra est\u00e1 financiada con cargo a los Fondos de Desarrollo de <a class=\"ft-link ft-link--decoration\" href=\"https:\/\/www.laprovincia.es\/canarias\/\" rel=\"nofollow noopener\" target=\"_blank\">Canarias<\/a> (FDCAN), con una aportaci\u00f3n del 50% del Consistorio y del 50% conjunta del <a class=\"ft-link ft-link--decoration\" href=\"https:\/\/www.laprovincia.es\/tags\/gobierno-de-canarias\/\" rel=\"nofollow noopener\" target=\"_blank\">Gobierno de Canarias<\/a> y el <a class=\"ft-link ft-link--decoration\" href=\"https:\/\/www.laprovincia.es\/tags\/cabildo-de-gran-canaria\/\" rel=\"nofollow noopener\" target=\"_blank\">Cabildo de Gran Canaria<\/a>. La actuaci\u00f3n, adjudicada a la empresa ASCH Infraestructuras y Servicios, S.A., <strong>contar\u00e1 con un plazo de ejecuci\u00f3n de 24 meses.<\/strong><\/p>\n<p data-close=\"closedContent\" class=\"subscribeHideForDisplay\">Suscr\u00edbete para seguir leyendo<\/p>\n","protected":false},"excerpt":{"rendered":"El conjunto art\u00edstico del Museo N\u00e9stor, valorado en m\u00e1s de 11 millones de euros, contar\u00e1 con una nueva&hellip;\n","protected":false},"author":2,"featured_media":216987,"comment_status":"","ping_status":"","sticky":false,"template":"","format":"standard","meta":{"footnotes":""},"categories":[173],"tags":[229,233,14626,231,230,232,234,146,147,25,24,11657,17935,6238,470,58144,58145,474,17563,585,23],"class_list":{"0":"post-216986","1":"post","2":"type-post","3":"status-publish","4":"format-standard","5":"has-post-thumbnail","7":"category-arte-y-diseno","8":"tag-arte","9":"tag-arte-y-diseno","10":"tag-artistico","11":"tag-arts","12":"tag-arts-and-design","13":"tag-design","14":"tag-diseno","15":"tag-entertainment","16":"tag-entretenimiento","17":"tag-es","18":"tag-espana","19":"tag-fondo","20":"tag-guarda","21":"tag-las-palmas","22":"tag-museo","23":"tag-nestor","24":"tag-nestor-martin-fernandez-de-la-torre","25":"tag-obras","26":"tag-palmas-de-gran-canaria-las","27":"tag-seguridad","28":"tag-spain"},"share_on_mastodon":{"url":"https:\/\/pubeurope.com\/@es\/115488109612405436","error":""},"_links":{"self":[{"href":"https:\/\/www.europesays.com\/es\/wp-json\/wp\/v2\/posts\/216986","targetHints":{"allow":["GET"]}}],"collection":[{"href":"https:\/\/www.europesays.com\/es\/wp-json\/wp\/v2\/posts"}],"about":[{"href":"https:\/\/www.europesays.com\/es\/wp-json\/wp\/v2\/types\/post"}],"author":[{"embeddable":true,"href":"https:\/\/www.europesays.com\/es\/wp-json\/wp\/v2\/users\/2"}],"replies":[{"embeddable":true,"href":"https:\/\/www.europesays.com\/es\/wp-json\/wp\/v2\/comments?post=216986"}],"version-history":[{"count":0,"href":"https:\/\/www.europesays.com\/es\/wp-json\/wp\/v2\/posts\/216986\/revisions"}],"wp:featuredmedia":[{"embeddable":true,"href":"https:\/\/www.europesays.com\/es\/wp-json\/wp\/v2\/media\/216987"}],"wp:attachment":[{"href":"https:\/\/www.europesays.com\/es\/wp-json\/wp\/v2\/media?parent=216986"}],"wp:term":[{"taxonomy":"category","embeddable":true,"href":"https:\/\/www.europesays.com\/es\/wp-json\/wp\/v2\/categories?post=216986"},{"taxonomy":"post_tag","embeddable":true,"href":"https:\/\/www.europesays.com\/es\/wp-json\/wp\/v2\/tags?post=216986"}],"curies":[{"name":"wp","href":"https:\/\/api.w.org\/{rel}","templated":true}]}}