{"id":216988,"date":"2025-11-03T22:25:12","date_gmt":"2025-11-03T22:25:12","guid":{"rendered":"https:\/\/www.europesays.com\/es\/216988\/"},"modified":"2025-11-03T22:25:12","modified_gmt":"2025-11-03T22:25:12","slug":"primero-en-irme-de-viaje-con-mi-pareja","status":"publish","type":"post","link":"https:\/\/www.europesays.com\/es\/216988\/","title":{"rendered":"Primero en irme de viaje con mi pareja"},"content":{"rendered":"<p class=\"c-paragraph\">Rub\u00e9n Torres se ha proclamado como <a href=\"https:\/\/www.20minutos.es\/television\/final-supervivientes-all-stars-directo-expulsados-ganador-ultima-hora-gala_6663094_6.html\" title=\"Rub\u00e9n Torres se convierte en el ganador de &#039;Supervivientes All Stars&#039; tras un re\u00f1ido e igualado televoto\" rel=\"nofollow noopener\" target=\"_blank\">ganador de la segunda temporada de Supervivientes All Stars<\/a>\u00a0tras batirse en un re\u00f1ido televoto con Jessica Bueno. El bombero ha recibido el tal\u00f3n que engloba el\u00a0<b>premio de 50.000 euros <\/b>y y ya ha pensado en qu\u00e9 va a invertir este dinero.<\/p>\n<p class=\"c-paragraph\">El que tambi\u00e9n fuera tentador en <a href=\"https:\/\/www.20minutos.es\/tags\/temas\/la-isla-de-las-tentaciones.html\" title=\"La isla de las tentaciones\" rel=\"nofollow noopener\" target=\"_blank\">La isla de las tentaciones<\/a> se ha sincerado para los micr\u00f3fonos de Telecinco y, adem\u00e1s de desvelar<b> cu\u00e1les ser\u00e1n sus inversiones<\/b>, ha hablado sobre su vuelta a Honduras y su pron\u00f3stico acerca de qui\u00e9n habr\u00eda sido para \u00e9l su ganador o ganadora.<\/p>\n<p class=\"c-paragraph\">\u00abHaber vuelto en tan poco tiempo ha sido como<b> un mini descanso para ir a casa y volver a retomar lo que viv\u00ed hace un a\u00f1o<\/b>. Se me hizo un poco bola el que se me sumaran esas 15 semanas a otras 8 m\u00e1s\u00bb, recalca Torres en una primera instancia.<\/p>\n<p class=\"c-paragraph\">Para \u00e9l, <a href=\"https:\/\/www.20minutos.es\/tags\/personas\/adara-molinero.html\" title=\"Adara Molinero\" rel=\"nofollow noopener\" target=\"_blank\">Adara Molinero<\/a> podr\u00eda haber sido una de las concursantes finalistas: \u00abHa tenido una evoluci\u00f3n brutal, pero si el p\u00fablico as\u00ed lo decidi\u00f3, por algo ser\u00eda. <b>Creo que es totalmente merecid\u00edsima de haber llegado a m\u00e1s<\/b>\u00ab.\u00a0<\/p>\n<p class=\"c-paragraph\">Aun as\u00ed, considera que cualquiera podr\u00eda haber ganado, pero si se tuviera que decantar por alguien, ser\u00eda Miri P\u00e9rez: \u00ab<b>La ve\u00eda como una gran competencia y una muy buena posible ganadora<\/b>\u00ab.<\/p>\n<p class=\"c-paragraph\">Tras esto, detalla en qu\u00e9 pretende gastarse el dinero: \u00abPrimero en irme de viaje con mi pareja, que se lo ha ganado despu\u00e9s de irme a defender a plat\u00f3, y el resto pues quiero <b>ahorrar un poquito para comprarme un piso<\/b>\u00ab.<\/p>\n","protected":false},"excerpt":{"rendered":"Rub\u00e9n Torres se ha proclamado como ganador de la segunda temporada de Supervivientes All Stars\u00a0tras batirse en un&hellip;\n","protected":false},"author":2,"featured_media":216989,"comment_status":"","ping_status":"","sticky":false,"template":"","format":"standard","meta":{"footnotes":""},"categories":[171],"tags":[534,146,147,25,24,42654,843,1789,58146,23,26028,214],"class_list":{"0":"post-216988","1":"post","2":"type-post","3":"status-publish","4":"format-standard","5":"has-post-thumbnail","7":"category-tv","8":"tag-dinero","9":"tag-entertainment","10":"tag-entretenimiento","11":"tag-es","12":"tag-espana","13":"tag-gastar","14":"tag-premio","15":"tag-revela","16":"tag-ruben-torres","17":"tag-spain","18":"tag-supervivientes-all-stars","19":"tag-tv"},"share_on_mastodon":{"url":"https:\/\/pubeurope.com\/@es\/115488117584363852","error":""},"_links":{"self":[{"href":"https:\/\/www.europesays.com\/es\/wp-json\/wp\/v2\/posts\/216988","targetHints":{"allow":["GET"]}}],"collection":[{"href":"https:\/\/www.europesays.com\/es\/wp-json\/wp\/v2\/posts"}],"about":[{"href":"https:\/\/www.europesays.com\/es\/wp-json\/wp\/v2\/types\/post"}],"author":[{"embeddable":true,"href":"https:\/\/www.europesays.com\/es\/wp-json\/wp\/v2\/users\/2"}],"replies":[{"embeddable":true,"href":"https:\/\/www.europesays.com\/es\/wp-json\/wp\/v2\/comments?post=216988"}],"version-history":[{"count":0,"href":"https:\/\/www.europesays.com\/es\/wp-json\/wp\/v2\/posts\/216988\/revisions"}],"wp:featuredmedia":[{"embeddable":true,"href":"https:\/\/www.europesays.com\/es\/wp-json\/wp\/v2\/media\/216989"}],"wp:attachment":[{"href":"https:\/\/www.europesays.com\/es\/wp-json\/wp\/v2\/media?parent=216988"}],"wp:term":[{"taxonomy":"category","embeddable":true,"href":"https:\/\/www.europesays.com\/es\/wp-json\/wp\/v2\/categories?post=216988"},{"taxonomy":"post_tag","embeddable":true,"href":"https:\/\/www.europesays.com\/es\/wp-json\/wp\/v2\/tags?post=216988"}],"curies":[{"name":"wp","href":"https:\/\/api.w.org\/{rel}","templated":true}]}}