{"id":216998,"date":"2025-11-03T22:30:09","date_gmt":"2025-11-03T22:30:09","guid":{"rendered":"https:\/\/www.europesays.com\/es\/216998\/"},"modified":"2025-11-03T22:30:09","modified_gmt":"2025-11-03T22:30:09","slug":"muere-a-los-89-anos-la-actriz-diane-ladd-la-madre-malvada-de-corazon-salvaje-cine-estrenos-y-criticas","status":"publish","type":"post","link":"https:\/\/www.europesays.com\/es\/216998\/","title":{"rendered":"Muere a los 89 a\u00f1os la actriz Diane Ladd, la madre malvada de \u2018Coraz\u00f3n salvaje\u2019 | Cine: estrenos y cr\u00edticas"},"content":{"rendered":"<p class=\"\">Diane Ladd, actriz nominada tres veces al premio Oscar como int\u00e9rprete secundaria por Alicia ya no vive aqu\u00ed, Coraz\u00f3n salvaje y El precio de la ambici\u00f3n (Rambling Rose), ha fallecido este lunes por la ma\u00f1ana a los 89 a\u00f1os en su residencia de Ojai (California), seg\u00fan\u00a0ha anunciado en un comunicado su \u00fanica hija, la tambi\u00e9n actriz <a href=\"https:\/\/elpais.com\/noticias\/laura-dern\/\" target=\"_self\" rel=\"nofollow noopener\" title=\"https:\/\/elpais.com\/noticias\/laura-dern\/\">Laura Dern.<\/a><\/p>\n<p>M\u00e1s informaci\u00f3n<\/p>\n<p class=\"\">Laura Dern ha declarado: \u201cMi incre\u00edble hero\u00edna y madre, Diane Ladd, un regalo inmenso para m\u00ed, falleci\u00f3 esta ma\u00f1ana conmigo a su lado en su casa de Ojai. Fue la mejor hija, madre, abuela, actriz, artista y alma compasiva que jam\u00e1s hubiera imaginado. Fuimos afortunados de tenerla. Ahora vuela con sus \u00e1ngeles\u201d. <\/p>\n<p class=\"\">Curiosamente, juntas trabajaron en seis pel\u00edculas y series de televisi\u00f3n, y fueron la primera madre e hija en recibir nominaciones a los premios Oscar por la misma pel\u00edcula, El precio de la ambici\u00f3n (1992), en la que Ladd daba vida a la abogada defensora de Dern, una chica tan sexy como ingenua. <\/p>\n<p class=\"\">M\u00e1s a\u00fan, ambas ven\u00edan de trabajar en Coraz\u00f3n salvaje (1990), <a href=\"https:\/\/elpais.com\/cultura\/2025-01-16\/david-lynch-aqui-en-la-tierra-como-en-su-cielo.html#?rel=mas_sumario\" target=\"_self\" rel=\"nofollow noopener\" title=\"https:\/\/elpais.com\/cultura\/2025-01-16\/david-lynch-aqui-en-la-tierra-como-en-su-cielo.html#?rel=mas_sumario\">de David Lynch, <\/a>en la que daban vida a una progenitora y a su v\u00e1stago: Ladd cre\u00f3 una madre malvada, bas\u00e1ndose en la bruja villana de El mago de Oz. De aquella obra maestra solo la veterana int\u00e9rprete fue candidata al premio de la Academia de Hollywood.<\/p>\n<p class=\"\">Cuando a Ladd hace tres a\u00f1os le aseguraron que por una enfermedad solo le quedaban seis meses de vida, Dern se propuso ayudarla para recuperar su capacidad pulmonar mediante paseos prescritos por el m\u00e9dico. Inspirada por la idea de convertir esta dif\u00edcil tarea diaria en un \u201creto creativo\u201d para su madre, Laura Dern grab\u00f3 sus conversaciones y anim\u00f3 a su progenitora a compartir an\u00e9cdotas personales: desde la vida en el mundo del espect\u00e1culo hasta detalles \u00edntimos e incluso codiciadas recetas familiares. As\u00ed naci\u00f3 su libro Honey, Baby, Mine, con el subt\u00edtulo, traducido del ingl\u00e9s, de una madre y su hija hablan de la vida, la muerte, el amor (y el bud\u00edn de banana). En una entrevista en The New York Times por el lanzamiento de esta obra, Ladd contaba: \u201cTodo lo que puedo ofrecer es un reflejo de la vida misma. El arte no es m\u00e1s que un espejo, y por eso vamos a ver pel\u00edculas: para aprender qui\u00e9nes somos\u201d. Y en esa misma entrevista, le recordaba su hija: \u201cNo quer\u00eda que te dedicaras a la actuaci\u00f3n. Es un negocio duro para cualquiera, pero, como mujer, realmente te juzgan, y por mucho m\u00e1s que el trabajo. Le dije: \u2018Laura, s\u00e9 abogada. A nadie le importa si tu trasero es demasiado grande cuando eres abogada\u201d. Diane Ladd estuvo casada de 1960 a 1969 con el actor <a href=\"https:\/\/elpais.com\/cultura\/2019\/07\/25\/actualidad\/1564085096_247575.html\" target=\"_self\" rel=\"nofollow noopener\" title=\"https:\/\/elpais.com\/cultura\/2019\/07\/25\/actualidad\/1564085096_247575.html\">Bruce Dern,<\/a> y fruto de ese matrimonio naci\u00f3 en febrero de 1967 Laura Elizabeth Dern.<\/p>\n<p class=\"\">[Noticia de alcance. Habr\u00e1 ampliaci\u00f3n en breve]<\/p>\n","protected":false},"excerpt":{"rendered":"Diane Ladd, actriz nominada tres veces al premio Oscar como int\u00e9rprete secundaria por Alicia ya no vive aqu\u00ed,&hellip;\n","protected":false},"author":2,"featured_media":216999,"comment_status":"","ping_status":"","sticky":false,"template":"","format":"standard","meta":{"footnotes":""},"categories":[91],"tags":[1014,1015,177,13803,209,1268,58152,9265,146,147,25,24,1505,52915,724,753,23],"class_list":{"0":"post-216998","1":"post","2":"type-post","3":"status-publish","4":"format-standard","5":"has-post-thumbnail","7":"category-entretenimiento","8":"tag-actores","9":"tag-actrices","10":"tag-cine","11":"tag-cine-americano","12":"tag-cultura","13":"tag-david-lynch","14":"tag-diane-ladd","15":"tag-directores-cine","16":"tag-entertainment","17":"tag-entretenimiento","18":"tag-es","19":"tag-espana","20":"tag-hollywood","21":"tag-laura-dern","22":"tag-obituarios","23":"tag-peliculas","24":"tag-spain"},"share_on_mastodon":{"url":"https:\/\/pubeurope.com\/@es\/115488137187860678","error":""},"_links":{"self":[{"href":"https:\/\/www.europesays.com\/es\/wp-json\/wp\/v2\/posts\/216998","targetHints":{"allow":["GET"]}}],"collection":[{"href":"https:\/\/www.europesays.com\/es\/wp-json\/wp\/v2\/posts"}],"about":[{"href":"https:\/\/www.europesays.com\/es\/wp-json\/wp\/v2\/types\/post"}],"author":[{"embeddable":true,"href":"https:\/\/www.europesays.com\/es\/wp-json\/wp\/v2\/users\/2"}],"replies":[{"embeddable":true,"href":"https:\/\/www.europesays.com\/es\/wp-json\/wp\/v2\/comments?post=216998"}],"version-history":[{"count":0,"href":"https:\/\/www.europesays.com\/es\/wp-json\/wp\/v2\/posts\/216998\/revisions"}],"wp:featuredmedia":[{"embeddable":true,"href":"https:\/\/www.europesays.com\/es\/wp-json\/wp\/v2\/media\/216999"}],"wp:attachment":[{"href":"https:\/\/www.europesays.com\/es\/wp-json\/wp\/v2\/media?parent=216998"}],"wp:term":[{"taxonomy":"category","embeddable":true,"href":"https:\/\/www.europesays.com\/es\/wp-json\/wp\/v2\/categories?post=216998"},{"taxonomy":"post_tag","embeddable":true,"href":"https:\/\/www.europesays.com\/es\/wp-json\/wp\/v2\/tags?post=216998"}],"curies":[{"name":"wp","href":"https:\/\/api.w.org\/{rel}","templated":true}]}}