{"id":217046,"date":"2025-11-03T23:11:09","date_gmt":"2025-11-03T23:11:09","guid":{"rendered":"https:\/\/www.europesays.com\/es\/217046\/"},"modified":"2025-11-03T23:11:09","modified_gmt":"2025-11-03T23:11:09","slug":"pablo-motos-desata-la-sorpresa-en-el-hormiguero-tras-la-dimision-de-carlos-mazon","status":"publish","type":"post","link":"https:\/\/www.europesays.com\/es\/217046\/","title":{"rendered":"Pablo Motos desata la sorpresa en &#8216;El Hormiguero&#8217; tras la dimisi\u00f3n de Carlos Maz\u00f3n"},"content":{"rendered":"<p><a class=\"v-mdl-ath__fig-a\" href=\"https:\/\/www.lasprovincias.es\/autor\/tamara-villena-3279.html\" title=\"Tamara Villena\" rel=\"nofollow noopener\" target=\"_blank\"><br \/>\n<img decoding=\"async\" class=\"v-mdl-ath__img\" src=\"https:\/\/www.europesays.com\/es\/wp-content\/uploads\/2025\/09\/1757147648_165_autor-3279-foto-2.jpeg\" alt=\"Tamara Villena\"\/><br \/>\n<\/a><\/p>\n<p class=\"v-mdl-ath__p v-mdl-ath__p--6\">\nLunes, 3 de noviembre 2025, 23:27<\/p>\n<p>| Actualizado 23:41h.<\/p>\n<p class=\"v-p\"><a href=\"https:\/\/www.lasprovincias.es\/culturas\/tv\/invitado-lunes-noviembre-hormiguero-20251103172718-nt.html\" data-voc-vtm-id=\"in-text-traffic\" title=\"&#039;El Hormiguero&#039;\" rel=\"nofollow noopener\" target=\"_blank\">&#8216;El Hormiguero&#8217;<\/a> arranca una nueva semana en la que tratar\u00e1 de mantener su liderazgo frente a &#8216;La Resistencia&#8217; que est\u00e1 marcando esta temporada televisiva desde la vuelta del par\u00f3n estival. El programa de <a href=\"https:\/\/www.lasprovincias.es\/gente-estilo\/bustamante-presume-nueva-imagen-20251103112706-ntrc.html\" data-voc-vtm-id=\"in-text-traffic\" title=\"Pablo Motos\" rel=\"nofollow noopener\" target=\"_blank\">Pablo Motos<\/a> est\u00e1 consiguiendo pasar por encima al espacio de David Broncano y consegu\u00eda su pico con la<a href=\"https:\/\/www.lasprovincias.es\/culturas\/tv\/hormiguero-arrasa-visita-isabel-preysler-marca-record-20251024103429-nt.html\" data-voc-vtm-id=\"in-text-traffic\" title=\" visita de Isabel Preysler \" rel=\"nofollow noopener\" target=\"_blank\"> visita de Isabel Preysler <\/a>hace dos semanas, superando casi por siete puntos de &#8216;share&#8217; al del formato de RTVE. <\/p>\n<p class=\"v-p\">Este lunes, Motos apostaba por el actor Javier C\u00e1mara para mantener a los espectadores en Atresmedia, con una entrevista en la que se presentaba la nueva serie del int\u00e9rprete, &#8216;Yakarta&#8217;, que se estrena en Movistar Plus+ el pr\u00f3ximo 6 de noviembre. Pero adem\u00e1s de la visita del int\u00e9rprete, el programa de hoy suscitaba especial inter\u00e9s por el clima de inestabilidad pol\u00edtica que se est\u00e1 viviendo en la Comuntiat Valenciana, donde la dimisi\u00f3n de Carlos Maz\u00f3n ha opacado la cobertura pol\u00edtica a nivel nacional. <\/p>\n<p class=\"v-p\">La marcha del presidente de la Generalitat Valenciana tras las cr\u00edticas de la ciudadan\u00eda por su gesti\u00f3n de la dana ha sacudido el escenario pol\u00edtico valenciano, escalando tambi\u00e9n a G\u00e9nova y poniendo sobre la mesa el papel crucial que tendr\u00e1 Vox en los pr\u00f3ximos movimientos en la autonom\u00eda valeniana, donde la causa judicial y la reconstrucci\u00f3n de la tragedia siguen pendientes de resolverse.<\/p>\n<p><a href=\"http:\/\/www.lasprovincias.es\/politica\/frases-mazon-dimision-20251103095207-nt.html#vtm_modulosEngag=mod-rel:culturas:noticia:1:cmp:1-not\" class=\"v-a-link\" aria-label=\"Imagen\" rel=\"nofollow noopener\" target=\"_blank\"><\/p>\n<p><img decoding=\"async\" loading=\"lazy\" src=\"https:\/\/www.europesays.com\/es\/wp-content\/uploads\/2025\/11\/mazon-dimite-frases-kFYE--366x256@Las Provincias.JPG\" class=\"v-a-img\" width=\"258\" height=\"180\" alt=\"\" data-voc-vtm-id=\"in-text-traffic\"\/><\/p>\n<p><\/a><\/p>\n<p class=\"v-p\">Era de esperar que Pablo Motos, que no suele cortarse a la hora de comentar la actualidad y el panorama pol\u00edtico en su programa, dedicara unas palabras al tema del d\u00eda, especialmente como valenciano y tras el discurso con el que la pasada semana paralizaba &#8216;El Hormiguero&#8217; para arremeter contra Pedro S\u00e1nchez y Carlos Maz\u00f3n durante el aniversario de la dana. Lo hac\u00eda durante la visita del presentador valenciano Arturo Valls, en medio de la cual se levant\u00f3 para dirigirse a los espectadores: \u00ab\u00bfPor qu\u00e9 sigue ah\u00ed Maz\u00f3n? \u00bfPor qu\u00e9 no declar\u00f3 el estado de emergencia? \u00bfPor qu\u00e9 Pedro S\u00e1nchez, viendo a la gente ahogarse, no declar\u00f3 el estado de emergencia por encima del impresentable de Maz\u00f3n?\u00bb, reprochaba la pasada semana.\u00abNo s\u00e9, me gustar\u00eda saber si al menos hoy en el funeral han pasado un poquito de verg\u00fcenza, que no lo s\u00e9, porque para sentir verg\u00fcenza hay que tener honor\u00bb, expres\u00f3 el presentador. <\/p>\n<p class=\"v-p\">Sin embargo el valenciano, que tiene a su audiencia habituada a sus reflexiones pol\u00edticas y a los debates sobre actualidad junto a sus colaboradores en la mesa de &#8216;El Hormiguero&#8217;, sorprend\u00eda precisamente este lunes por todo lo contrario. <\/p>\n<p class=\"v-p\">Esta vez, el de Requena ha optado por no hacer alusi\u00f3n al que sin duda ha sido el tema de la jornada, obviando realizar cualquier comentario sobre la crisis pol\u00edtica que se vive en la Comunitat Valenciana. El presentador omit\u00eda por completo durante la entrevista el asunto que ha destapado una crisis en el PP valenciano, y hac\u00eda lo mismo tras la marcha de plat\u00f3 de Javier C\u00e1mara. \u00abNos vemos ma\u00f1ana martes con Paula Echevarr\u00eda y Willian Levy\u00bb dec\u00eda para despedirse, dando por concluido el programa. <\/p>\n<p>Reporta un error<\/p>\n","protected":false},"excerpt":{"rendered":"Lunes, 3 de noviembre 2025, 23:27 | Actualizado 23:41h. &#8216;El Hormiguero&#8217; arranca una nueva semana en la que&hellip;\n","protected":false},"author":2,"featured_media":217047,"comment_status":"","ping_status":"","sticky":false,"template":"","format":"standard","meta":{"footnotes":""},"categories":[171],"tags":[415,7807,11723,146,147,25,24,4596,17775,1439,13882,618,23,575,214],"class_list":{"0":"post-217046","1":"post","2":"type-post","3":"status-publish","4":"format-standard","5":"has-post-thumbnail","7":"category-tv","8":"tag-carlos","9":"tag-claro","10":"tag-dimision","11":"tag-entertainment","12":"tag-entretenimiento","13":"tag-es","14":"tag-espana","15":"tag-habla","16":"tag-hormiguero","17":"tag-mazon","18":"tag-motos","19":"tag-pablo","20":"tag-spain","21":"tag-tras","22":"tag-tv"},"share_on_mastodon":{"url":"https:\/\/pubeurope.com\/@es\/115488298749244838","error":""},"_links":{"self":[{"href":"https:\/\/www.europesays.com\/es\/wp-json\/wp\/v2\/posts\/217046","targetHints":{"allow":["GET"]}}],"collection":[{"href":"https:\/\/www.europesays.com\/es\/wp-json\/wp\/v2\/posts"}],"about":[{"href":"https:\/\/www.europesays.com\/es\/wp-json\/wp\/v2\/types\/post"}],"author":[{"embeddable":true,"href":"https:\/\/www.europesays.com\/es\/wp-json\/wp\/v2\/users\/2"}],"replies":[{"embeddable":true,"href":"https:\/\/www.europesays.com\/es\/wp-json\/wp\/v2\/comments?post=217046"}],"version-history":[{"count":0,"href":"https:\/\/www.europesays.com\/es\/wp-json\/wp\/v2\/posts\/217046\/revisions"}],"wp:featuredmedia":[{"embeddable":true,"href":"https:\/\/www.europesays.com\/es\/wp-json\/wp\/v2\/media\/217047"}],"wp:attachment":[{"href":"https:\/\/www.europesays.com\/es\/wp-json\/wp\/v2\/media?parent=217046"}],"wp:term":[{"taxonomy":"category","embeddable":true,"href":"https:\/\/www.europesays.com\/es\/wp-json\/wp\/v2\/categories?post=217046"},{"taxonomy":"post_tag","embeddable":true,"href":"https:\/\/www.europesays.com\/es\/wp-json\/wp\/v2\/tags?post=217046"}],"curies":[{"name":"wp","href":"https:\/\/api.w.org\/{rel}","templated":true}]}}