{"id":217091,"date":"2025-11-03T23:49:13","date_gmt":"2025-11-03T23:49:13","guid":{"rendered":"https:\/\/www.europesays.com\/es\/217091\/"},"modified":"2025-11-03T23:49:13","modified_gmt":"2025-11-03T23:49:13","slug":"el-tenista-bublik-uno-mas-entre-los-deportistas-que-han-mostrado-rechazo-hacia-su-profesion","status":"publish","type":"post","link":"https:\/\/www.europesays.com\/es\/217091\/","title":{"rendered":"El tenista Bublik, uno m\u00e1s entre los deportistas que han mostrado rechazo hacia su profesi\u00f3n"},"content":{"rendered":"<p>\n        <strong>Alexander Bublik<\/strong> no es el primero ni ser\u00e1 el \u00faltimo deportista capaz de reconocer su aversi\u00f3n hacia la profesi\u00f3n que ejerce y que a la vez le ha permitido destacar como uno de los mejores del mundo en su especialidad. En una entrevista publicada por L&#8217;Equipe en 2020, el tenista kazajo de origen ruso asegur\u00f3: \u201cOdio el tenis con todo mi coraz\u00f3n. Odio todos los d\u00edas que tengo que jugar. Para ser sincero, no veo un punto positivo en ser tenista. Solo juego por dinero\u201d. Esto no le ha impedido ser el <strong>segundo jugador de tenis con m\u00e1s t\u00edtulos de la temporada<\/strong>, \u00fanicamente superado por <a href=\"https:\/\/www.noticiasdealava.eus\/tags\/carlos-alcaraz\/\" title=\"Carlos Alcaraz\" class=\"link copy\" rel=\"nofollow noopener\" target=\"_blank\">Carlos Alcaraz<\/a>.\n<\/p>\n<p class=\"article-body__text \">\n        Coincidiendo en el \u00e1mbito del tenis, <strong>Serena Williams<\/strong>, con un r\u00e9cord de 23 torneos de Grand Slam y considerada como una de las mejores de todos los tiempos, sorprendi\u00f3 con una declaraciones en las que manifest\u00f3 que \u201cen realidad, <strong>nunca me gustaron los deportes<\/strong> y nunca entend\u00ed c\u00f3mo me convert\u00ed en atleta. No me gusta hacer ejercicio, no me gusta nada que tenga que ver con trabajar f\u00edsicamente\u201d.\n<\/p>\n<p class=\"article-body__text \">\n        <strong>Andr\u00e9 Agassi<\/strong>, uno de los mejores tenistas de la historia con ocho Grand Slams en su poder, afirm\u00f3 lo siguiente: \u201cNo empec\u00e9 en el tenis por elecci\u00f3n.<strong> Yo odiaba el tenis con toda mi alma <\/strong>y lo odi\u00e9 por la mayor parte de mi carrera. Era el n\u00famero 1 m\u00e1s infeliz del mundo, prefer\u00eda ser el 141\u201d. Pese a ello, se le ha podido ver ejerciendo de embajador del tenis en entregas de premios.\n<\/p>\n<p class=\"article-body__text \">\n        En esa misma l\u00ednea se pronunci\u00f3 <strong>Nick Kyrgios<\/strong>, que asegur\u00f3 que <strong>\u201cno me gusta mucho el tenis. <\/strong>No lo amo. Fue una locura cuando ten\u00eda 14 a\u00f1os. Yo era todo baloncesto y tom\u00e9 la decisi\u00f3n de jugar al tenis. Me presionaron mis padres\u201d. El poder de los progenitores, como se puede ver, ha marcado caminos.\n<\/p>\n<p class=\"article-body__text \">\n        Dos prol\u00edficos jugadores de f\u00fatbol como <strong>Michael Owen<\/strong> o <strong>Gabriel Batistuta<\/strong> tambi\u00e9n admitieron detestar la profesi\u00f3n. <strong>\u201cNo ve\u00eda la hora de retirarme<\/strong> porque el que estaba en el campo no era yo\u201d, se\u00f1al\u00f3 el Bal\u00f3n de Oro ingl\u00e9s, que reconoci\u00f3 que ten\u00eda miedo a chutar por miedo a lesionarse.<strong> \u201cA m\u00ed el f\u00fatbol no me gusta, solo es mi trabajo\u201d<\/strong>, pronunci\u00f3 el m\u00e1ximo goleador de la selecci\u00f3n argentina hasta que Leo Messi le desplaz\u00f3 de tal honor.\n<\/p>\n<p class=\"article-body__text \">\n        Conocido es tambi\u00e9n el caso de<strong> V\u00edctor Vald\u00e9s<\/strong>. El exguardameta del Barcelona no volver\u00eda atr\u00e1s. \u201cMe convencieron de que era bueno de portero y <strong>no me qued\u00f3 m\u00e1s que coger ese camino.<\/strong> No es un camino f\u00e1cil y no me ha compensado los a\u00f1os que he sufrido con los que me han ido bien. En otra vida, me dedicar\u00eda al cine, a otra cosa. F\u00fatbol, no\u201d, expres\u00f3 el ganador de cinco Trofeos Zamora, m\u00e1s que nadie.\n<\/p>\n<p class=\"article-body__text \">\n        <strong>Marc-Andr\u00e9 ter Stegen<\/strong>, actualmente portero del Bar\u00e7a, tambi\u00e9n confes\u00f3 en su d\u00eda que para \u00e9l, el f\u00fatbol es solo su trabajo y no un hobby o una pasi\u00f3n de la que disfrute particularmente.\u00a0Al ser preguntado sobre la relaci\u00f3n entre su tiempo de ocio y el f\u00fatbol, respondi\u00f3: <strong>\u201cNo tengo ni idea, no veo mucho f\u00fatbol, <\/strong>s\u00f3lo cuando hay partidos buenos o juega alg\u00fan amigo. A veces, me preguntan por el nombre de un jugador y no tengo ni idea\u201d.\n<\/p>\n<p class=\"article-body__text \">\n        <strong>J\u00falio C\u00e9sar Ch\u00e1vez<\/strong>, uno de los mejores boxeadores de la historia libra por libra, tambi\u00e9n dar\u00eda un giro a su historia. \u201cMe gustaba el f\u00fatbol, el voleibol, el b\u00e9isbol&#8230;<strong> Lo que menos me gustaba era el boxeo. <\/strong>Creo que hubiese sido mejor futbolista que boxeador. Qued\u00e9 campe\u00f3n en futbol y en boxeo perd\u00ed\u201d, dijo el seis veces campe\u00f3n mundial en tres divisiones de peso.<\/p>\n","protected":false},"excerpt":{"rendered":"Alexander Bublik no es el primero ni ser\u00e1 el \u00faltimo deportista capaz de reconocer su aversi\u00f3n hacia la&hellip;\n","protected":false},"author":2,"featured_media":217092,"comment_status":"","ping_status":"","sticky":false,"template":"","format":"standard","meta":{"footnotes":""},"categories":[274],"tags":[32403,168,927,25,24,3575,5939,23,167,327,6811,326],"class_list":{"0":"post-217091","1":"post","2":"type-post","3":"status-publish","4":"format-standard","5":"has-post-thumbnail","7":"category-tenis","8":"tag-bublik","9":"tag-deportes","10":"tag-deportistas","11":"tag-es","12":"tag-espana","13":"tag-han","14":"tag-mostrado","15":"tag-spain","16":"tag-sports","17":"tag-tenis","18":"tag-tenista","19":"tag-tennis"},"share_on_mastodon":{"url":"https:\/\/pubeurope.com\/@es\/115488447950556652","error":""},"_links":{"self":[{"href":"https:\/\/www.europesays.com\/es\/wp-json\/wp\/v2\/posts\/217091","targetHints":{"allow":["GET"]}}],"collection":[{"href":"https:\/\/www.europesays.com\/es\/wp-json\/wp\/v2\/posts"}],"about":[{"href":"https:\/\/www.europesays.com\/es\/wp-json\/wp\/v2\/types\/post"}],"author":[{"embeddable":true,"href":"https:\/\/www.europesays.com\/es\/wp-json\/wp\/v2\/users\/2"}],"replies":[{"embeddable":true,"href":"https:\/\/www.europesays.com\/es\/wp-json\/wp\/v2\/comments?post=217091"}],"version-history":[{"count":0,"href":"https:\/\/www.europesays.com\/es\/wp-json\/wp\/v2\/posts\/217091\/revisions"}],"wp:featuredmedia":[{"embeddable":true,"href":"https:\/\/www.europesays.com\/es\/wp-json\/wp\/v2\/media\/217092"}],"wp:attachment":[{"href":"https:\/\/www.europesays.com\/es\/wp-json\/wp\/v2\/media?parent=217091"}],"wp:term":[{"taxonomy":"category","embeddable":true,"href":"https:\/\/www.europesays.com\/es\/wp-json\/wp\/v2\/categories?post=217091"},{"taxonomy":"post_tag","embeddable":true,"href":"https:\/\/www.europesays.com\/es\/wp-json\/wp\/v2\/tags?post=217091"}],"curies":[{"name":"wp","href":"https:\/\/api.w.org\/{rel}","templated":true}]}}