{"id":217114,"date":"2025-11-04T00:05:13","date_gmt":"2025-11-04T00:05:13","guid":{"rendered":"https:\/\/www.europesays.com\/es\/217114\/"},"modified":"2025-11-04T00:05:13","modified_gmt":"2025-11-04T00:05:13","slug":"siete-paises-musulmanes-rechazan-una-tutela-externa-en-gaza","status":"publish","type":"post","link":"https:\/\/www.europesays.com\/es\/217114\/","title":{"rendered":"Siete pa\u00edses musulmanes rechazan una tutela externa en Gaza"},"content":{"rendered":"<p>    <img src=\"https:\/\/www.europesays.com\/es\/wp-content\/uploads\/2025\/11\/2025-11-03T203A093A03Z-90273075.jpg\" width=\"1024\" height=\"682\" alt=\"\" loading=\"eager\" decoding=\"sync\" fetchpriority=\"high\"\/><\/p>\n<p>            afp_tickers        <\/p>\n<p>        Este contenido fue publicado en    <\/p>\n<p>        03 noviembre 2025 &#8211; 21:56\n<\/p>\n<p>Siete pa\u00edses musulmanes reunidos el lunes en Estambul para discutir el futuro de Gaza pidieron que el territorio sea gobernada exclusivamente por palestinos y rechazaron cualquier forma de tutela externa.<\/p>\n<p>\u00abEl pueblo palestino debe gobernarse y garantizar su propia seguridad\u00bb, declar\u00f3 el ministro de Relaciones Exteriores turco, Hakan Fidan, tras el encuentro con sus pares de Arabia Saudita, Catar, Emiratos Arabes Unidos, Jordania, Pakist\u00e1n e Indonesia.<\/p>\n<p>Tambi\u00e9n subray\u00f3 la necesidad \u00aburgente\u00bb de reconstrucci\u00f3n y retorno de los desplazados, sin imponer \u00abun nuevo sistema de tutela\u00bb.<\/p>\n<p>Fidan expres\u00f3 adem\u00e1s su deseo de una pronta \u00abreconciliaci\u00f3n\u00bb entre el movimiento islamista Ham\u00e1s y la Autoridad Palestina de Mahmud Ab\u00e1s, lo que permitir\u00eda, seg\u00fan \u00e9l, \u00abfortalecer la representaci\u00f3n palestina en la comunidad internacional\u00bb.<\/p>\n<p>Los ministros de los siete pa\u00edses, todos miembros de la Organizaci\u00f3n de Cooperaci\u00f3n Isl\u00e1mica (OCI), fueron recibidos por el presidente estadounidense Donald Trump a finales de septiembre en Nueva York, al margen de la Asamblea General de la ONU, seis d\u00edas antes de la presentaci\u00f3n del plan de paz estadounidense.<\/p>\n<p>Durante la reuni\u00f3n del Comit\u00e9 Permanente para la Cooperaci\u00f3n Econ\u00f3mica de la OCI, el presidente turco Recep Tayyip Erdogan critic\u00f3 la actitud \u00abmediocre\u00bb de Israel desde el inicio del alto el fuego el 10 de octubre en Gaza, y destac\u00f3 que Ham\u00e1s \u00abparece comprometido\u00bb con el acuerdo.<\/p>\n<p>Erdogan inst\u00f3 a \u00abllevar m\u00e1s ayuda humanitaria a los habitantes de Gaza y comenzar la reconstrucci\u00f3n\u00bb, llamando a la Liga \u00c1rabe y a la OCI a asumir un \u00abpapel motor\u00bb.<\/p>\n<p>Antes del encuentro, Fidan recibi\u00f3 el s\u00e1bado a una delegaci\u00f3n de Ham\u00e1s liderada por Jalil al Haya, el jefe negociador del movimiento.<\/p>\n<p>El canciller turco se\u00f1al\u00f3 que la creaci\u00f3n de una fuerza internacional de estabilizaci\u00f3n en Gaza, en la que Turqu\u00eda desea participar, requerir\u00e1 tiempo.<\/p>\n<p>Sin embargo, Israel, que considera a Turqu\u00eda demasiado cercano a Ham\u00e1s, han expresado en varias ocasiones su rechazo a que ese pa\u00eds participe en la fuerza internacional de estabilizaci\u00f3n en Gaza.<\/p>\n<p>Seg\u00fan el plan de Donald Trump -sobre el que se bas\u00f3 la tregua- esta fuerza estar\u00eda compuesta por tropas de pa\u00edses \u00e1rabes y musulmanes, y se desplegar\u00eda conforme las fuerzas israel\u00edes se retiren.\u00a0<\/p>\n<p>Sin embargo, el canciller israel\u00ed Gideon Saar advirti\u00f3 que solo pa\u00edses considerados \u00abimparciales\u00bb podr\u00e1n integrarla.<\/p>\n<p>Como muestra de la desconfianza, un equipo turco de rescate enviado para colaborar en la b\u00fasqueda de cuerpos en Gaza -incluidos israel\u00edes- siguen esperando autorizaci\u00f3n para entrar al territorio palestino, seg\u00fan Ankara.<\/p>\n<p>rba-ach\/meb\/mb<\/p>\n","protected":false},"excerpt":{"rendered":"afp_tickers Este contenido fue publicado en 03 noviembre 2025 &#8211; 21:56 Siete pa\u00edses musulmanes reunidos el lunes en&hellip;\n","protected":false},"author":2,"featured_media":217115,"comment_status":"","ping_status":"","sticky":false,"template":"","format":"standard","meta":{"footnotes":""},"categories":[42],"tags":[635,17,18,82,636,83,84,13,14,11,61,62,63,86,64,40584,19,20,87,9,10,15,16,88,90,12,21,22,65,66,67],"class_list":{"0":"post-217114","1":"post","2":"type-post","3":"status-publish","4":"format-standard","5":"has-post-thumbnail","7":"category-internacional","8":"tag-armed-conflict","9":"tag-breaking-news","10":"tag-breakingnews","11":"tag-business","12":"tag-conflict","13":"tag-diplomacy","14":"tag-economy-general","15":"tag-featured-news","16":"tag-featurednews","17":"tag-headlines","18":"tag-internacional","19":"tag-international","20":"tag-international-news","21":"tag-international-relations","22":"tag-internationalnews","23":"tag-investments","24":"tag-latest-news","25":"tag-latestnews","26":"tag-macro-economics","27":"tag-news","28":"tag-noticias","29":"tag-noticias-destacadas","30":"tag-noticiasdestacadas","31":"tag-politics","32":"tag-ticker","33":"tag-titulares","34":"tag-ultimas-noticias","35":"tag-ultimasnoticias","36":"tag-world","37":"tag-world-news","38":"tag-worldnews"},"share_on_mastodon":{"url":"","error":"Validation failed: Text character limit of 500 exceeded"},"_links":{"self":[{"href":"https:\/\/www.europesays.com\/es\/wp-json\/wp\/v2\/posts\/217114","targetHints":{"allow":["GET"]}}],"collection":[{"href":"https:\/\/www.europesays.com\/es\/wp-json\/wp\/v2\/posts"}],"about":[{"href":"https:\/\/www.europesays.com\/es\/wp-json\/wp\/v2\/types\/post"}],"author":[{"embeddable":true,"href":"https:\/\/www.europesays.com\/es\/wp-json\/wp\/v2\/users\/2"}],"replies":[{"embeddable":true,"href":"https:\/\/www.europesays.com\/es\/wp-json\/wp\/v2\/comments?post=217114"}],"version-history":[{"count":0,"href":"https:\/\/www.europesays.com\/es\/wp-json\/wp\/v2\/posts\/217114\/revisions"}],"wp:featuredmedia":[{"embeddable":true,"href":"https:\/\/www.europesays.com\/es\/wp-json\/wp\/v2\/media\/217115"}],"wp:attachment":[{"href":"https:\/\/www.europesays.com\/es\/wp-json\/wp\/v2\/media?parent=217114"}],"wp:term":[{"taxonomy":"category","embeddable":true,"href":"https:\/\/www.europesays.com\/es\/wp-json\/wp\/v2\/categories?post=217114"},{"taxonomy":"post_tag","embeddable":true,"href":"https:\/\/www.europesays.com\/es\/wp-json\/wp\/v2\/tags?post=217114"}],"curies":[{"name":"wp","href":"https:\/\/api.w.org\/{rel}","templated":true}]}}