{"id":21712,"date":"2025-08-03T00:42:11","date_gmt":"2025-08-03T00:42:11","guid":{"rendered":"https:\/\/www.europesays.com\/es\/21712\/"},"modified":"2025-08-03T00:42:11","modified_gmt":"2025-08-03T00:42:11","slug":"revolucion-en-la-ufc-khabib-nurmagomedov-propone-una-nueva-regla-que-cambiaria-para-siempre-las-mma","status":"publish","type":"post","link":"https:\/\/www.europesays.com\/es\/21712\/","title":{"rendered":"\u00bfRevoluci\u00f3n en la UFC? Khabib Nurmagomedov propone una nueva regla que cambiar\u00eda para siempre las MMA"},"content":{"rendered":"<p><strong>Khabib Nurmagomedov<\/strong> ha sido uno de los m\u00e1ximos exponentes de la <strong><a href=\"https:\/\/juanfutbol.com\/tema\/ufc\" rel=\"nofollow noopener\" target=\"_blank\">UFC<\/a><\/strong> en las \u00faltimas d\u00e9cadas y su combate contra Conor McGregor es, para muchos, el evento m\u00e1s importante en la historia de la compa\u00f1\u00eda. Ahora, siendo entrenador de Islam Makhachev, el daguestan\u00ed ha lanzado una propuesta que podr\u00eda cambiar para siempre las Artes Marciales Mixtas (MMA).<\/p>\n<p>Khabib se ha convertido en uno de los personajes m\u00e1s medi\u00e1ticos en la historia de la UFC y, estando ya retirado, sigue teniendo una influencia gigante en las MMA. El excampe\u00f3n del peso ligero y doble campe\u00f3n del mundo de sambo entrena a una gran camada de luchadores de Daguest\u00e1n, entre los que destaca la estrella Islam Makhachev y sus primos Umar, Usman y Abubakar Nurmagomedov.<\/p>\n<p> Ver Tambi\u00e9n <img decoding=\"async\" alt=\"Notas-Compartidas-11-150x150.jpg\" class=\"img-fluid defer-loading\" style=\"width: 100px; height: 100px; object-fit: cover;\" src=\"https:\/\/www.europesays.com\/es\/wp-content\/uploads\/2025\/08\/Notas-Compartidas-11-150x150.jpg\" loading=\"lazy\"\/><\/p>\n<p>El peleador ruso decidi\u00f3 retirarse tras la muerte de su padre, pero sigue teniendo mucho para aportar afuera del oct\u00e1gono. En una entrevista con The Eagle\u00a0en\u00a0Hustle Show, Khabib propuso un cambio en el reglamento que puede llevar a una gran revoluci\u00f3n en la UFC.<\/p>\n<p>\u00bfPeleas sin asaltos en la UFC?<\/p>\n<p>\u201c<strong>Deber\u00edan eliminar los asaltos, que los peleadores entren y simplemente peleen. Las peleas normales deben durar 15 minutos, mientras que en las que se dispute un t\u00edtulo, 25<\/strong>\u201d fue la propuesta de Khabib Nurmagomedov.<\/p>\n<p><img decoding=\"async\" width=\"1024\" height=\"576\" alt=\"BeFunky-collage1-2025-07-31T090442.337-1024x576.jpg\" class=\"wp-image-167637 defer-loading\"   src=\"https:\/\/www.europesays.com\/es\/wp-content\/uploads\/2025\/08\/BeFunky-collage1-2025-07-31T090442.337-1024x576.jpg\" loading=\"lazy\"\/>Khabib Nurmagomedov y su posible regreso<\/p>\n<p>Hace solo unos d\u00edas, Khabib fue cuestionado por su posible regreso al oct\u00e1gono y el daguestan\u00ed asegur\u00f3 que necesitar\u00eda m\u00ednimo 6 meses de preparaci\u00f3n. \u201cNo, no, tres meses no ser\u00edan suficientes. Cumplir\u00e9\u00a037 a\u00f1os\u00a0en dos meses. Si hablamos de manera hipot\u00e9tica, necesitar\u00eda al menos<strong>\u00a0seis meses.\u00a0<\/strong>Ese es un error que tienen los fans. Opinan de un peleador seg\u00fan su\u00a0forma f\u00edsica\u00a0antes de una pelea, y lo que importa es cu\u00e1ntos\u00a0sparrings\u00a0ha hecho y con qui\u00e9n. El resto no significa nada. Nuestro deporte\u00a0<strong>no se basa<\/strong>\u00a0en el\u00a0fitness, se basa en muay thai, grappling, clinch, boxeo, kickboxing\u2026\u201c.<\/p>\n","protected":false},"excerpt":{"rendered":"Khabib Nurmagomedov ha sido uno de los m\u00e1ximos exponentes de la UFC en las \u00faltimas d\u00e9cadas y su&hellip;\n","protected":false},"author":2,"featured_media":21713,"comment_status":"","ping_status":"","sticky":false,"template":"","format":"standard","meta":{"footnotes":""},"categories":[276],"tags":[168,25,24,23,167,343],"class_list":{"0":"post-21712","1":"post","2":"type-post","3":"status-publish","4":"format-standard","5":"has-post-thumbnail","7":"category-ufc","8":"tag-deportes","9":"tag-es","10":"tag-espana","11":"tag-spain","12":"tag-sports","13":"tag-ufc"},"share_on_mastodon":{"url":"","error":""},"_links":{"self":[{"href":"https:\/\/www.europesays.com\/es\/wp-json\/wp\/v2\/posts\/21712","targetHints":{"allow":["GET"]}}],"collection":[{"href":"https:\/\/www.europesays.com\/es\/wp-json\/wp\/v2\/posts"}],"about":[{"href":"https:\/\/www.europesays.com\/es\/wp-json\/wp\/v2\/types\/post"}],"author":[{"embeddable":true,"href":"https:\/\/www.europesays.com\/es\/wp-json\/wp\/v2\/users\/2"}],"replies":[{"embeddable":true,"href":"https:\/\/www.europesays.com\/es\/wp-json\/wp\/v2\/comments?post=21712"}],"version-history":[{"count":0,"href":"https:\/\/www.europesays.com\/es\/wp-json\/wp\/v2\/posts\/21712\/revisions"}],"wp:featuredmedia":[{"embeddable":true,"href":"https:\/\/www.europesays.com\/es\/wp-json\/wp\/v2\/media\/21713"}],"wp:attachment":[{"href":"https:\/\/www.europesays.com\/es\/wp-json\/wp\/v2\/media?parent=21712"}],"wp:term":[{"taxonomy":"category","embeddable":true,"href":"https:\/\/www.europesays.com\/es\/wp-json\/wp\/v2\/categories?post=21712"},{"taxonomy":"post_tag","embeddable":true,"href":"https:\/\/www.europesays.com\/es\/wp-json\/wp\/v2\/tags?post=21712"}],"curies":[{"name":"wp","href":"https:\/\/api.w.org\/{rel}","templated":true}]}}