{"id":217179,"date":"2025-11-04T01:08:19","date_gmt":"2025-11-04T01:08:19","guid":{"rendered":"https:\/\/www.europesays.com\/es\/217179\/"},"modified":"2025-11-04T01:08:19","modified_gmt":"2025-11-04T01:08:19","slug":"mariah-carey-lanza-el-clasico-grito-de-es-hora-y-adelanta-por-mucho-la-temporada-navidena","status":"publish","type":"post","link":"https:\/\/www.europesays.com\/es\/217179\/","title":{"rendered":"Mariah Carey lanza el cl\u00e1sico grito de \u201c\u00a1Es hora!\u201d y adelanta por mucho la temporada navide\u00f1a"},"content":{"rendered":"<p>\n          As\u00ed se convirti\u00f3 Mariah Carey en \u2018La Reina de la Navidad\u2019<\/p>\n<p>La historia detr\u00e1s de esta tradici\u00f3n se remonta a 1994, cuando <b>Mariah Carey<\/b> lanz\u00f3 el \u00e1lbum <b>Merry Christmas<\/b>, que incluye el tema \u201cAll I Want for Christmas is You\u201d.<\/p>\n<p>Desde entonces, la canci\u00f3n se ha convertido en un himno navide\u00f1o global, alcanzando el n\u00famero uno en m\u00faltiples pa\u00edses, inclu\u00eddas 20 semanas en el Billboard Hot 100 hasta 2024, con proyecciones para llegar a 100 semanas en 2025 si regresa al n\u00famero 1 por tres semanas m\u00e1s.<\/p>\n<p>             <img loading=\"lazy\" decoding=\"async\" src=\"https:\/\/www.europesays.com\/es\/wp-content\/uploads\/2025\/11\/1762218499_139_\" class=\"lazyload\" alt=\"Mariah Carey\"  width=\"600\" height=\"902\"\/> <\/p>\n<p>              Ya &#8216;es hora&#8217; y Mariah Carey vuelve a sonar como &#8216;Reina de la Navidad&#8217;<br \/>\n              (Jamie McCarthy\/Getty Images)<\/p>\n<p>En 2022, la canci\u00f3n gener\u00f3 m\u00e1s de 5.3 millones de d\u00f3lares en ingresos por grabaci\u00f3n maestra y 3.2 millones en regal\u00edas de publicaci\u00f3n a nivel mundial, con Carey recibiendo aproximadamente 1.86 millones del primero y 1.59 millones del segundo, seg\u00fan estimaciones de Billboard.<\/p>\n<p>En redes sociales, el inicio de noviembre se ha vuelto sin\u00f3nimo del regreso de la diva, con la publicaci\u00f3n de memes y videos y el surgimiento de tendencias que celebran su entrada triunfal a la temporada, y este a\u00f1o el video acumul\u00f3 m\u00e1s de 20 millones de vistas en TikTok en menos de 24 horas.<\/p>\n<p>Desde hace m\u00e1s de una d\u00e9cada, <b>Mariah Carey<\/b> ha capitalizado el ser \u201cLa Reina de la Navidad\u201d con campa\u00f1as publicitarias, lanzamientos especiales, conciertos tem\u00e1ticos y colaboraciones con marcas como MAC, Walkers y ahora Sephora.<\/p>\n<p>Su estrategia se basa en revivir el esp\u00edritu navide\u00f1o con humor, elegancia y m\u00fasica, posicion\u00e1ndose como una figura central de la cultura pop en diciembre.<\/p>\n<p>\u201cLas fiestas son un momento para celebrar y difundir alegr\u00eda, estoy muy emocionada de comenzar la temporada con Sephora\u201d, declar\u00f3 Carey en un comunicado oficial.<\/p>\n<p>\u201cTodo se trata de crear esos momentos m\u00e1gicos que te hacen sentir glamorosa desde adentro hacia afuera\u201d. Por su parte, Zena Arnold, directora de Marketing de Sephora, a\u00f1adi\u00f3: \u201cNuestra campa\u00f1a navide\u00f1a de este a\u00f1o celebra la noci\u00f3n de \u2018destellos\u2019 \u2014esos peque\u00f1os momentos de alegr\u00eda que un regalo de belleza trae\u2014 y no hay nadie que encarne mejor ese sentimiento que Mariah Carey durante la temporada navide\u00f1a\u201d.<\/p>\n<p><b>Con informaci\u00f3n de Agencia M\u00e9xico<\/b><\/p>\n","protected":false},"excerpt":{"rendered":"As\u00ed se convirti\u00f3 Mariah Carey en \u2018La Reina de la Navidad\u2019 La historia detr\u00e1s de esta tradici\u00f3n se&hellip;\n","protected":false},"author":2,"featured_media":217180,"comment_status":"","ping_status":"","sticky":false,"template":"","format":"standard","meta":{"footnotes":""},"categories":[170],"tags":[146,147,25,24,1836,58176,58177,58178,184,185,23],"class_list":{"0":"post-217179","1":"post","2":"type-post","3":"status-publish","4":"format-standard","5":"has-post-thumbnail","7":"category-musica","8":"tag-entertainment","9":"tag-entretenimiento","10":"tag-es","11":"tag-espana","12":"tag-mariah-carey","13":"tag-mariah-carey-all-i-want-for-christmas","14":"tag-mariah-carey-es-hora","15":"tag-mariah-carey-it","16":"tag-music","17":"tag-musica","18":"tag-spain"},"share_on_mastodon":{"url":"https:\/\/pubeurope.com\/@es\/115488758651913448","error":""},"_links":{"self":[{"href":"https:\/\/www.europesays.com\/es\/wp-json\/wp\/v2\/posts\/217179","targetHints":{"allow":["GET"]}}],"collection":[{"href":"https:\/\/www.europesays.com\/es\/wp-json\/wp\/v2\/posts"}],"about":[{"href":"https:\/\/www.europesays.com\/es\/wp-json\/wp\/v2\/types\/post"}],"author":[{"embeddable":true,"href":"https:\/\/www.europesays.com\/es\/wp-json\/wp\/v2\/users\/2"}],"replies":[{"embeddable":true,"href":"https:\/\/www.europesays.com\/es\/wp-json\/wp\/v2\/comments?post=217179"}],"version-history":[{"count":0,"href":"https:\/\/www.europesays.com\/es\/wp-json\/wp\/v2\/posts\/217179\/revisions"}],"wp:featuredmedia":[{"embeddable":true,"href":"https:\/\/www.europesays.com\/es\/wp-json\/wp\/v2\/media\/217180"}],"wp:attachment":[{"href":"https:\/\/www.europesays.com\/es\/wp-json\/wp\/v2\/media?parent=217179"}],"wp:term":[{"taxonomy":"category","embeddable":true,"href":"https:\/\/www.europesays.com\/es\/wp-json\/wp\/v2\/categories?post=217179"},{"taxonomy":"post_tag","embeddable":true,"href":"https:\/\/www.europesays.com\/es\/wp-json\/wp\/v2\/tags?post=217179"}],"curies":[{"name":"wp","href":"https:\/\/api.w.org\/{rel}","templated":true}]}}