{"id":217203,"date":"2025-11-04T01:31:24","date_gmt":"2025-11-04T01:31:24","guid":{"rendered":"https:\/\/www.europesays.com\/es\/217203\/"},"modified":"2025-11-04T01:31:24","modified_gmt":"2025-11-04T01:31:24","slug":"eros-ramazzotti-una-historia-importante","status":"publish","type":"post","link":"https:\/\/www.europesays.com\/es\/217203\/","title":{"rendered":"Eros Ramazzotti: Una historia importante"},"content":{"rendered":"<p>&#13;<\/p>\n<p>        <a id=\"logo\" href=\"https:\/\/www.lahiguera.net\" rel=\"nofollow noopener\" target=\"_blank\"><img decoding=\"async\" src=\"https:\/\/www.lahiguera.net\/images\/red38\/logo.svg\" alt=\"LaHiguera.net\" width=\"300\" height=\"43.25\"\/><\/a><\/p>\n<p>    &#13;<\/p>\n<p>&#13;<br \/>\n    &#13;<br \/>\n        Musicalia:&#13;<br \/>\n        <a href=\"https:\/\/www.lahiguera.net\/musicalia\/noticias.php\" rel=\"nofollow noopener\" target=\"_blank\">Noticias musicales<\/a>&#13;<br \/>\n        <a href=\"https:\/\/www.lahiguera.net\/musicalia\/novedades.php\" rel=\"nofollow noopener\" target=\"_blank\">Novedades<\/a>&#13;<br \/>\n        <a href=\"https:\/\/www.lahiguera.net\/musicalia\/proximasnovedades.php\" rel=\"nofollow noopener\" target=\"_blank\">Pr\u00f3ximas novedades<\/a>&#13;<br \/>\n        <a href=\"https:\/\/www.lahiguera.net\/musicalia\/discosh.php\" rel=\"nofollow noopener\" target=\"_blank\">Discos hist\u00f3ricos<\/a>&#13;<br \/>\n        <a href=\"https:\/\/www.lahiguera.net\/musicalia\/canciones.php\" rel=\"nofollow noopener\" target=\"_blank\">Canciones<\/a>&#13;<br \/>\n        <a href=\"https:\/\/www.lahiguera.net\/musicalia\/festivales_y_premios\/\" rel=\"nofollow noopener\" target=\"_blank\">Festivales<\/a>&#13;<br \/>\n\t\t<a href=\"https:\/\/www.lahiguera.net\/musicalia\/festivales_y_premios\/premios.php\" rel=\"nofollow noopener\" target=\"_blank\">Premios<\/a>&#13;<br \/>\n        <a href=\"https:\/\/www.lahiguera.net\/musicalia\/artistas\/\" rel=\"nofollow noopener\" target=\"_blank\">Artistas<\/a>&#13;<br \/>\n        <a href=\"https:\/\/www.lahiguera.net\/musicalia\/portadas.php\" rel=\"nofollow noopener\" target=\"_blank\">Portadas<\/a>&#13;<br \/>\n        <a href=\"https:\/\/www.lahiguera.net\/musicalia\/listasmusicales.php\" rel=\"nofollow noopener\" target=\"_blank\">Listas<\/a>&#13;<br \/>\n    &#13;<\/p>\n<p>&#13;<br \/>\n    Destacado: <a href=\"https:\/\/www.lahiguera.net\/musicalia\/artistas\/mago_de_oz\/disco\/14446\/\" rel=\"nofollow noopener\" target=\"_blank\">&#8216;Malicia: Las noches de las brujas&#8217; es el nuevo disco de M\u00e4go de Oz<\/a>            &#13;<\/p>\n<p>&#13;<br \/>\n&#13;<br \/>\n    &#13;<br \/>\n    &#13;<\/p>\n<p>        &#13;<br \/>\n            &#13;<br \/>\n            <b>Pop<\/b><\/p>\n<p class=\"fecha\">Fecha de publicaci\u00f3n del disco: <b>21 de noviembre de 2025<\/b><\/p>\n<p class=\"lista_canciones\">1.Mi d\u00eda preferido<br \/>&#13;<br \/>\n2.La aurora &#8211; con *********<br \/>&#13;<br \/>\n3.Una emoci\u00f3n para siempre &#8211; con Kany Garc\u00eda<br \/>&#13;<br \/>\n4.Si bastasen un par de canciones &#8211; con Andrea Bocelli<br \/>&#13;<br \/>\n5.Fuego en el fuego &#8211; con Lali<br \/>&#13;<br \/>\n6.Otra como t\u00fa &#8211; con Car\u00edn Le\u00f3n<br \/>&#13;<br \/>\n7.Ma\u00f1ana<br \/>&#13;<br \/>\n8.Fiesta<br \/>&#13;<br \/>\n9.La aventura &#8211; con Jovanotti<br \/>&#13;<br \/>\n10.Cu\u00e1nto amor me das &#8211; con Giorgia<br \/>&#13;<br \/>\n11.Solo junto a ti<br \/>&#13;<br \/>\n12.Est\u00fapidas palabras rom\u00e1nticas<br \/>&#13;<br \/>\n13.5 segundos<br \/>&#13;<br \/>\n14.Buona stella &#8211; con Elisa<br \/>&#13;<br \/>\n15.Come nei film &#8211; con Max Pezzali<\/p>\n<p>            &#13;<br \/>\n            &#13;<\/p>\n<p>                                                <a href=\"https:\/\/www.lahiguera.net\/musicalia\/artistas\/eros_ramazzotti\/disco\/14687\/portada.php\" class=\"foto lupa\" rel=\"nofollow noopener\" target=\"_blank\"><img loading=\"lazy\" decoding=\"async\" layout=\"fixed\" width=\"300\" height=\"300\" alt=\"Eros Ramazzotti: Una historia importante - portada mediana\" src=\"https:\/\/www.europesays.com\/es\/wp-content\/uploads\/2025\/11\/portada-m.jpg\"\/>                        <\/a>                &#13;<br \/>\n            &#13;<br \/>\n&#13;<\/p>\n<p>Incluye Mi d\u00eda preferido<\/p>\n<p>&#13;<br \/>\n           &#13;<br \/>\n            &#13;<\/p>\n<p>    &#13;<br \/>\n&#13;<br \/>\n    &#13;<br \/>\n    &#13;<\/p>\n<p><b>Una historia importante<\/b> \u2013o <b>Una storia importante<\/b> en su versi\u00f3n en italiano\u2013 es un \u00e1lbum de  <b><a href=\"https:\/\/www.lahiguera.net\/musicalia\/artistas\/eros_ramazzotti\/disco\/..\" rel=\"nofollow noopener\" target=\"_blank\">Eros Ramazzotti<\/a><\/b>, cuyo t\u00edtulo es el de una de sus canciones del a\u00f1o 1985. Con <b><a href=\"https:\/\/www.lahiguera.net\/musicalia\/artistas\/eros_ramazzotti\/disco\/14687\/tema\/33012\/\" rel=\"nofollow noopener\" target=\"_blank\">Mi d\u00eda preferido<\/a><\/b> como avance. Se incluyen viejos \u00e9xitos interpretados junto a compa\u00f1eros de profesi\u00f3n, como <b>Si bastasen un par de canciones<\/b> con Andrea Bocelli, <b>Fuego en el fuego<\/b> con Lali y <b>Otra como t\u00fa<\/b> con Car\u00edn Le\u00f3n.<\/p>\n<p>Presenta el disco en directo en <b><a href=\"https:\/\/www.lahiguera.net\/musicalia\/noticias\/30924.html\" rel=\"nofollow noopener\" target=\"_blank\">Una historia importante World Tour<\/a><\/b>, con paradas en Barcelona y Madrid.<\/p>\n<p>\t\t&#13;<br \/>\n    &#13;<br \/>\n            &#13;<br \/>\n            Canciones (letra, audio, v\u00eddeo)        &#13;<br \/>\n            &#13;<br \/>\n    &#13;<br \/>\n                    &#13;<br \/>\n                <strong>Secci\u00f3n de opini\u00f3n<\/strong>&#13;<br \/>\n                Comentarios enviados por los usuarios!&#13;<br \/>\n                (<a href=\"https:\/\/www.lahiguera.net\/musicalia\/artistas\/eros_ramazzotti\/disco\/14687\/javascript:PaginaOpinion(-1,14687)\" rel=\"nofollow noopener\" target=\"_blank\">Actualizar<\/a>)&#13;<br \/>\n            &#13;<br \/>\n            &#13;<br \/>\n            &#13;<\/p>\n<p>No hay comentarios por el momento<\/p>\n<p>        &#13;<\/p>\n<p>            &#13;<br \/>\n                &#13;<br \/>\n&#13;<br \/>\n    &#13;<br \/>\n&#13;<br \/>\n&#13;<br \/>\n   Una historia importante (1 v\u00eddeo)&#13;<br \/>\n    &#13;<br \/>\n        PRO. NOVEDADES DISCOS&#13;<\/p>\n<ul>\n<li><a href=\"https:\/\/www.lahiguera.net\/musicalia\/artistas\/chica_sobresalto\/disco\/14645\" rel=\"nofollow noopener\" target=\"_blank\">Chica Sobresalto, Informaci\u00f3n s\u00edsmica<\/a><\/li>\n<li><a href=\"https:\/\/www.lahiguera.net\/musicalia\/artistas\/natalia_lacunza\/disco\/14669\" rel=\"nofollow noopener\" target=\"_blank\">Natalia Lacunza, N2STAL5IA<\/a><\/li>\n<li><a href=\"https:\/\/www.lahiguera.net\/musicalia\/artistas\/melendi\/disco\/13818\" rel=\"nofollow noopener\" target=\"_blank\">Melendi, Problemas del primer mundo<\/a><\/li>\n<li><a href=\"https:\/\/www.lahiguera.net\/musicalia\/artistas\/beret\/disco\/14577\" rel=\"nofollow noopener\" target=\"_blank\">Beret, Lo bello y lo roto<\/a><\/li>\n<li><a href=\"https:\/\/www.lahiguera.net\/musicalia\/artistas\/alejandro_sanz\/disco\/14658\" rel=\"nofollow noopener\" target=\"_blank\">Alejandro Sanz, \u00bfY ahora qu\u00e9 +?<\/a><\/li>\n<li><a href=\"https:\/\/www.lahiguera.net\/musicalia\/artistas\/repion\/disco\/14606\" rel=\"nofollow noopener\" target=\"_blank\">Repion, 201<\/a><\/li>\n<li><a href=\"https:\/\/www.lahiguera.net\/musicalia\/artistas\/luz_casal\/disco\/14542\" rel=\"nofollow noopener\" target=\"_blank\">Luz Casal, Me voy a permitir<\/a><\/li>\n<li><a href=\"https:\/\/www.lahiguera.net\/musicalia\/artistas\/nacho_vegas\/disco\/14594\" rel=\"nofollow noopener\" target=\"_blank\">Nacho Vegas, Vidas semipreciosas<\/a><\/li>\n<li><a href=\"https:\/\/www.lahiguera.net\/musicalia\/artistas\/miguel_rios\/disco\/14317\" rel=\"nofollow noopener\" target=\"_blank\">Miguel R\u00edos, \u00daltimo vals<\/a><\/li>\n<li><a href=\"https:\/\/www.lahiguera.net\/musicalia\/artistas\/celeste\/disco\/14380\" rel=\"nofollow noopener\" target=\"_blank\">Celeste, Woman of faces<\/a><\/li>\n<li><a href=\"https:\/\/www.lahiguera.net\/musicalia\/artistas\/pignoise\/disco\/14670\" rel=\"nofollow noopener\" target=\"_blank\">Pignoise, Las ganas<\/a><\/li>\n<li><a href=\"https:\/\/www.lahiguera.net\/musicalia\/artistas\/fka_twigs\/disco\/14506\" rel=\"nofollow noopener\" target=\"_blank\">FKA twigs, EUSEXUA afterglow<\/a><\/li>\n<li><a href=\"https:\/\/www.lahiguera.net\/musicalia\/artistas\/mumford_&amp;_sons\/disco\/14685\" rel=\"nofollow noopener\" target=\"_blank\">Mumford &amp; Sons, Prizefighter<\/a><\/li>\n<li><a href=\"https:\/\/www.lahiguera.net\/musicalia\/artistas\/sergio_dalma\/disco\/14614\" rel=\"nofollow noopener\" target=\"_blank\">Sergio Dalma, Ritorno a Via Dalma<\/a><\/li>\n<li><a href=\"https:\/\/www.lahiguera.net\/musicalia\/artistas\/mcenroe\/disco\/14568\" rel=\"nofollow noopener\" target=\"_blank\">McEnroe, La vida libre<\/a><\/li>\n<li><a href=\"https:\/\/www.lahiguera.net\/musicalia\/artistas\/louis_tomlinson\/disco\/14619\" rel=\"nofollow noopener\" target=\"_blank\">Louis Tomlinson, How did I get here?<\/a>        <\/li>\n<\/ul>\n<p>&#13;<br \/>\n    &#13;<br \/>\n    NOVEDADES DISCOS&#13;<\/p>\n<ul>\n<li><a href=\"https:\/\/www.lahiguera.net\/musicalia\/artistas\/lorde\/disco\/14265\" rel=\"nofollow noopener\" target=\"_blank\">Lorde, Virgin<\/a><\/li>\n<li><a href=\"https:\/\/www.lahiguera.net\/musicalia\/artistas\/wolf_alice\/disco\/14290\" rel=\"nofollow noopener\" target=\"_blank\">Wolf Alice, The clearing<\/a><\/li>\n<li><a href=\"https:\/\/www.lahiguera.net\/musicalia\/artistas\/tame_impala\/disco\/14549\" rel=\"nofollow noopener\" target=\"_blank\">Tame Impala, Deadbeat<\/a><\/li>\n<li><a href=\"https:\/\/www.lahiguera.net\/musicalia\/artistas\/miley_cyrus\/disco\/13893\" rel=\"nofollow noopener\" target=\"_blank\">Miley Cyrus, Something beautiful<\/a><\/li>\n<li><a href=\"https:\/\/www.lahiguera.net\/musicalia\/artistas\/deftones\/disco\/14424\" rel=\"nofollow noopener\" target=\"_blank\">Deftones, Private music<\/a><\/li>\n<li><a href=\"https:\/\/www.lahiguera.net\/musicalia\/artistas\/florence_+_the_machine\/disco\/14499\" rel=\"nofollow noopener\" target=\"_blank\">Florence + The Machine, Everybody scream<\/a><\/li>\n<li><a href=\"https:\/\/www.lahiguera.net\/musicalia\/artistas\/ed_sheeran\/disco\/14132\" rel=\"nofollow noopener\" target=\"_blank\">Ed Sheeran, Play<\/a><\/li>\n<li><a href=\"https:\/\/www.lahiguera.net\/musicalia\/artistas\/alex_warren\/disco\/14335\" rel=\"nofollow noopener\" target=\"_blank\">Alex Warren, You&#8217;ll be alright, kid<\/a><\/li>\n<li><a href=\"https:\/\/www.lahiguera.net\/musicalia\/artistas\/cardi_b\/disco\/10171\" rel=\"nofollow noopener\" target=\"_blank\">Cardi B, Am I the drama?<\/a><\/li>\n<li><a href=\"https:\/\/www.lahiguera.net\/musicalia\/artistas\/mago_de_oz\/disco\/14446\" rel=\"nofollow noopener\" target=\"_blank\">M\u00e4go de Oz, Malicia: Las noches de las brujas<\/a><\/li>\n<li><a href=\"https:\/\/www.lahiguera.net\/musicalia\/artistas\/doja_cat\/disco\/14404\" rel=\"nofollow noopener\" target=\"_blank\">Doja Cat, Vie<\/a><\/li>\n<li><a href=\"https:\/\/www.lahiguera.net\/musicalia\/artistas\/silvana_estrada\/disco\/14456\" rel=\"nofollow noopener\" target=\"_blank\">Silvana Estrada, Vendr\u00e1n suaves lluvias<\/a><\/li>\n<li><a href=\"https:\/\/www.lahiguera.net\/musicalia\/artistas\/lola_young\/disco\/14374\" rel=\"nofollow noopener\" target=\"_blank\">Lola Young, I&#8217;m only fucking myself<\/a><\/li>\n<li><a href=\"https:\/\/www.lahiguera.net\/musicalia\/artistas\/morat\/disco\/14298\" rel=\"nofollow noopener\" target=\"_blank\">Morat, Ya es ma\u00f1ana<\/a><\/li>\n<li><a href=\"https:\/\/www.lahiguera.net\/musicalia\/artistas\/ana_belen\/disco\/14346\" rel=\"nofollow noopener\" target=\"_blank\">Ana Bel\u00e9n, Vengo con los ojos nuevos<\/a><\/li>\n<li><a href=\"https:\/\/www.lahiguera.net\/musicalia\/artistas\/maroon_5\/disco\/14381\" rel=\"nofollow noopener\" target=\"_blank\">Maroon 5, Love is like<\/a>    <\/li>\n<\/ul>\n<p>&#13;<br \/>\n&#13;<br \/>\n    &#13;<br \/>\n&#13;<br \/>\n    CANCIONES&#13;<br \/>\n    &#13;<br \/>\n        &#13;<br \/>\n\t\t&#13;<\/p>\n","protected":false},"excerpt":{"rendered":"&#13; &#13; &#13; &#13; Musicalia:&#13; Noticias musicales&#13; Novedades&#13; Pr\u00f3ximas novedades&#13; Discos hist\u00f3ricos&#13; Canciones&#13; Festivales&#13; Premios&#13; Artistas&#13; Portadas&#13; Listas&#13;&hellip;\n","protected":false},"author":2,"featured_media":217204,"comment_status":"","ping_status":"","sticky":false,"template":"","format":"standard","meta":{"footnotes":""},"categories":[170],"tags":[218,58192,1410,208,58191,12019,146,147,58182,25,24,2328,58188,58185,58190,5131,2435,58184,184,185,58189,338,58187,23,58186,58183],"class_list":{"0":"post-217203","1":"post","2":"type-post","3":"status-publish","4":"format-standard","5":"has-post-thumbnail","7":"category-musica","8":"tag-canciones","9":"tag-caratula","10":"tag-comprar","11":"tag-conciertos","12":"tag-cuanto-amor-me-das","13":"tag-disco","14":"tag-entertainment","15":"tag-entretenimiento","16":"tag-eros-ramazzotti","17":"tag-es","18":"tag-espana","19":"tag-fiesta","20":"tag-fuego-en-el-fuego","21":"tag-la-aurora","22":"tag-la-aventura","23":"tag-letras","24":"tag-manana","25":"tag-mi-dia-preferido","26":"tag-music","27":"tag-musica","28":"tag-otra-como-tu","29":"tag-portada","30":"tag-si-bastasen-un-par-de-canciones","31":"tag-spain","32":"tag-una-emocion-para-siempre","33":"tag-una-historia-importante"},"share_on_mastodon":{"url":"https:\/\/pubeurope.com\/@es\/115488848919005312","error":""},"_links":{"self":[{"href":"https:\/\/www.europesays.com\/es\/wp-json\/wp\/v2\/posts\/217203","targetHints":{"allow":["GET"]}}],"collection":[{"href":"https:\/\/www.europesays.com\/es\/wp-json\/wp\/v2\/posts"}],"about":[{"href":"https:\/\/www.europesays.com\/es\/wp-json\/wp\/v2\/types\/post"}],"author":[{"embeddable":true,"href":"https:\/\/www.europesays.com\/es\/wp-json\/wp\/v2\/users\/2"}],"replies":[{"embeddable":true,"href":"https:\/\/www.europesays.com\/es\/wp-json\/wp\/v2\/comments?post=217203"}],"version-history":[{"count":0,"href":"https:\/\/www.europesays.com\/es\/wp-json\/wp\/v2\/posts\/217203\/revisions"}],"wp:featuredmedia":[{"embeddable":true,"href":"https:\/\/www.europesays.com\/es\/wp-json\/wp\/v2\/media\/217204"}],"wp:attachment":[{"href":"https:\/\/www.europesays.com\/es\/wp-json\/wp\/v2\/media?parent=217203"}],"wp:term":[{"taxonomy":"category","embeddable":true,"href":"https:\/\/www.europesays.com\/es\/wp-json\/wp\/v2\/categories?post=217203"},{"taxonomy":"post_tag","embeddable":true,"href":"https:\/\/www.europesays.com\/es\/wp-json\/wp\/v2\/tags?post=217203"}],"curies":[{"name":"wp","href":"https:\/\/api.w.org\/{rel}","templated":true}]}}